{"id":12291,"date":"2025-12-23T04:41:00","date_gmt":"2025-12-23T07:41:00","guid":{"rendered":"https:\/\/diariodepernambuco.audiencelabs.com.br\/?p=12291"},"modified":"2025-12-22T15:56:52","modified_gmt":"2025-12-22T18:56:52","slug":"bolsa-familia-de-2026-calendarios-e-valores-para-o-proximo-ano","status":"publish","type":"post","link":"https:\/\/diariodepernambuco.audiencelabs.com.br\/bolsa-familia-de-2026-calendarios-e-valores-para-o-proximo-ano\/","title":{"rendered":"Bolsa Fam\u00edlia de 2026: calend\u00e1rios e valores para o pr\u00f3ximo ano"},"content":{"rendered":"\n<p>Com a chegada de 2026, milh\u00f5es de fam\u00edlias em todo o pa\u00eds j\u00e1 aguardam as atualiza\u00e7\u00f5es do Bolsa Fam\u00edlia, programa que se tornou essencial para garantir seguran\u00e7a financeira e alimentar \u00e0 popula\u00e7\u00e3o em situa\u00e7\u00e3o de vulnerabilidade. O novo ano traz expectativas sobre o calend\u00e1rio de pagamentos e sobre os valores que continuar\u00e3o sendo repassados aos benefici\u00e1rios.<\/p>\n\n\n\n<p>Mesmo sem o cronograma oficial divulgado pelo Governo Federal, h\u00e1 grande expectativa de que o formato adotado em 2025 seja mantido. Isso significa que as datas de pagamento devem continuar sendo organizadas de acordo com o final do N\u00famero de Identifica\u00e7\u00e3o Social (NIS), respeitando o padr\u00e3o dos \u00faltimos anos e priorizando a distribui\u00e7\u00e3o de recursos sem sobrecarga nos sistemas banc\u00e1rios.<\/p>\n\n\n\n<h2 class=\"wp-block-heading\">Novo calend\u00e1rio e poss\u00edveis antecipa\u00e7\u00f5es do Bolsa Fam\u00edlia em 2026<\/h2>\n\n\n\n<p>O calend\u00e1rio de pagamentos do Bolsa Fam\u00edlia ainda n\u00e3o saiu, mas deve seguir o modelo tradicional: dep\u00f3sitos realizados nos \u00faltimos dez dias \u00fateis de cada m\u00eas, conforme o final do NIS de cada benefici\u00e1rio. Essa organiza\u00e7\u00e3o evita filas e garante mais agilidade no atendimento nas ag\u00eancias da Caixa Econ\u00f4mica Federal.<\/p>\n\n\n\n<p>A previs\u00e3o \u00e9 de que o calend\u00e1rio oficial deve sair entre a semana do Natal e do Ano Novo, assim como em anos anteriores. O governo antecipou o repasse de dezembro, permitindo que as fam\u00edlias recebam antes das festas de fim de ano. Essa pr\u00e1tica j\u00e1 se tornou comum e visa proporcionar um al\u00edvio financeiro extra em um dos per\u00edodos de maior gasto para os lares brasileiros.<\/p>\n\n\n\n<p>Al\u00e9m disso, para os meses que seguir\u00e3o em 2026, o Minist\u00e9rio do Desenvolvimento e Assist\u00eancia Social pode autorizar antecipa\u00e7\u00f5es em casos de emerg\u00eancias, como enchentes, deslizamentos ou estiagens prolongadas. Nessas situa\u00e7\u00f5es, os benefici\u00e1rios das \u00e1reas atingidas recebem o valor do programa logo no primeiro dia do calend\u00e1rio mensal, garantindo apoio imediato para necessidades b\u00e1sicas como alimenta\u00e7\u00e3o, abrigo e transporte.<\/p>\n\n\n\n<p>A previs\u00e3o de datas para janeiro de 2026 deve seguir o seguinte padr\u00e3o:<\/p>\n\n\n\n<ul class=\"wp-block-list\">\n<li>NIS final 1: 20\/01\/2026<\/li>\n\n\n\n<li>NIS final 2: 21\/01\/2026<\/li>\n\n\n\n<li>NIS final 3: 22\/01\/2026<\/li>\n\n\n\n<li>NIS final 4: 23\/01\/2026<\/li>\n\n\n\n<li>NIS final 5: 26\/01\/2026<\/li>\n\n\n\n<li>NIS final 6: 27\/01\/2026<\/li>\n\n\n\n<li>NIS final 7: 28\/01\/2026<\/li>\n\n\n\n<li>NIS final 8: 29\/01\/2026<\/li>\n\n\n\n<li>NIS final 9: 30\/01\/2026<\/li>\n\n\n\n<li>NIS final 0: 31\/01\/2026<\/li>\n<\/ul>\n\n\n\n<h2 class=\"wp-block-heading\">Valores e crit\u00e9rios atualizados do Bolsa Fam\u00edlia<\/h2>\n\n\n\n<p>O valor b\u00e1sico do Bolsa Fam\u00edlia continua em R$ 600 por fam\u00edlia, mas os benef\u00edcios complementares permanecem para atender \u00e0s diferentes realidades familiares. Esses adicionais t\u00eam como foco o cuidado com crian\u00e7as, adolescentes e gestantes, ampliando o alcance social do programa.<\/p>\n\n\n\n<p>Os valores extras seguem as seguintes categorias:<\/p>\n\n\n\n<ul class=\"wp-block-list\">\n<li><strong>Benef\u00edcio Primeira Inf\u00e2ncia (BPI):<\/strong> R$ 150 por crian\u00e7a de at\u00e9 6 anos;<\/li>\n\n\n\n<li><strong>Benef\u00edcio Vari\u00e1vel Familiar (BVF):<\/strong> R$ 50 por gestante, lactante, crian\u00e7a ou adolescente de 7 a 18 anos;<\/li>\n\n\n\n<li><strong>Benef\u00edcio Vari\u00e1vel Nutriz (BVN):<\/strong> R$ 50 para beb\u00eas de at\u00e9 6 meses, com o objetivo de garantir alimenta\u00e7\u00e3o adequada.<\/li>\n<\/ul>\n\n\n\n<p>Para participar do programa, a renda mensal por pessoa da fam\u00edlia deve ser de at\u00e9 R$ 218. O c\u00e1lculo \u00e9 feito somando-se todos os rendimentos e dividindo pelo n\u00famero de moradores do lar. Fam\u00edlias dentro desse limite podem se inscrever no Cadastro \u00danico (Cad\u00danico) nos Centros de Refer\u00eancia de Assist\u00eancia Social (Cras).<\/p>\n\n\n\n<p>Al\u00e9m da renda, \u00e9 necess\u00e1rio manter os compromissos exigidos pelo programa, como:<\/p>\n\n\n\n<ul class=\"wp-block-list\">\n<li>Garantir a frequ\u00eancia escolar de crian\u00e7as e adolescentes;<\/li>\n\n\n\n<li>Realizar o pr\u00e9-natal no caso de gestantes;<\/li>\n\n\n\n<li>Manter a vacina\u00e7\u00e3o das crian\u00e7as em dia.<\/li>\n<\/ul>\n\n\n\n<p>Os valores podem ser movimentados pelo aplicativo Caixa Tem, que permite transfer\u00eancias, compras com cart\u00e3o virtual e saques em lot\u00e9ricas, terminais eletr\u00f4nicos e correspondentes banc\u00e1rios.<\/p>\n","protected":false},"excerpt":{"rendered":"<p>Com a chegada de 2026, milh\u00f5es de fam\u00edlias em todo o pa\u00eds j\u00e1 aguardam as atualiza\u00e7\u00f5es do Bolsa Fam\u00edlia, programa que se tornou essencial para garantir seguran\u00e7a financeira e alimentar \u00e0 popula\u00e7\u00e3o em situa\u00e7\u00e3o de vulnerabilidade. O novo ano traz expectativas sobre o calend\u00e1rio de pagamentos e sobre os valores que continuar\u00e3o sendo repassados aos [&hellip;]<\/p>\n","protected":false},"author":14,"featured_media":12295,"comment_status":"open","ping_status":"open","sticky":false,"template":"","format":"standard","meta":{"jnews-multi-image_gallery":[],"jnews_single_post":{"format":"standard"},"jnews_primary_category":[],"jnews_social_meta":[],"jnews_post_split":[],"footnotes":""},"categories":[1],"tags":[],"class_list":["post-12291","post","type-post","status-publish","format-standard","has-post-thumbnail","hentry","category-uncategorized"],"_links":{"self":[{"href":"https:\/\/diariodepernambuco.audiencelabs.com.br\/wp-json\/wp\/v2\/posts\/12291","targetHints":{"allow":["GET"]}}],"collection":[{"href":"https:\/\/diariodepernambuco.audiencelabs.com.br\/wp-json\/wp\/v2\/posts"}],"about":[{"href":"https:\/\/diariodepernambuco.audiencelabs.com.br\/wp-json\/wp\/v2\/types\/post"}],"author":[{"embeddable":true,"href":"https:\/\/diariodepernambuco.audiencelabs.com.br\/wp-json\/wp\/v2\/users\/14"}],"replies":[{"embeddable":true,"href":"https:\/\/diariodepernambuco.audiencelabs.com.br\/wp-json\/wp\/v2\/comments?post=12291"}],"version-history":[{"count":1,"href":"https:\/\/diariodepernambuco.audiencelabs.com.br\/wp-json\/wp\/v2\/posts\/12291\/revisions"}],"predecessor-version":[{"id":12296,"href":"https:\/\/diariodepernambuco.audiencelabs.com.br\/wp-json\/wp\/v2\/posts\/12291\/revisions\/12296"}],"wp:featuredmedia":[{"embeddable":true,"href":"https:\/\/diariodepernambuco.audiencelabs.com.br\/wp-json\/wp\/v2\/media\/12295"}],"wp:attachment":[{"href":"https:\/\/diariodepernambuco.audiencelabs.com.br\/wp-json\/wp\/v2\/media?parent=12291"}],"wp:term":[{"taxonomy":"category","embeddable":true,"href":"https:\/\/diariodepernambuco.audiencelabs.com.br\/wp-json\/wp\/v2\/categories?post=12291"},{"taxonomy":"post_tag","embeddable":true,"href":"https:\/\/diariodepernambuco.audiencelabs.com.br\/wp-json\/wp\/v2\/tags?post=12291"}],"curies":[{"name":"wp","href":"https:\/\/api.w.org\/{rel}","templated":true}]}}