{"id":12303,"date":"2025-12-22T18:47:00","date_gmt":"2025-12-22T21:47:00","guid":{"rendered":"https:\/\/diariodepernambuco.audiencelabs.com.br\/?p=12303"},"modified":"2025-12-23T09:55:30","modified_gmt":"2025-12-23T12:55:30","slug":"ipva-2026-todos-carros-e-motos-que-nao-precisam-pagar-e-ganham-isencao","status":"publish","type":"post","link":"https:\/\/diariodepernambuco.audiencelabs.com.br\/ipva-2026-todos-carros-e-motos-que-nao-precisam-pagar-e-ganham-isencao\/","title":{"rendered":"IPVA 2026: todos carros e motos que n\u00e3o precisam pagar e ganham isen\u00e7\u00e3o"},"content":{"rendered":"\n<p>Com a chegada de um novo ano, os motoristas de todo o Brasil voltam a se preparar para o pagamento de um dos impostos mais conhecidos e obrigat\u00f3rios: o IPVA. Em 2026, o tributo traz algumas novidades, especialmente em rela\u00e7\u00e3o \u00e0s regras de isen\u00e7\u00e3o, que beneficiam determinados grupos de ve\u00edculos e propriet\u00e1rios.<\/p>\n\n\n\n<p>Al\u00e9m das mudan\u00e7as no calend\u00e1rio de pagamento, o n\u00famero de carros e motos isentos do imposto cresceu em v\u00e1rios estados, com destaque para S\u00e3o Paulo, onde a Secretaria da Fazenda (Sefaz-SP) anunciou ajustes nas normas e novas faixas de dispensa. Essas atualiza\u00e7\u00f5es despertaram o interesse de muitos motoristas que buscam entender se seu ve\u00edculo se enquadra nas condi\u00e7\u00f5es de isen\u00e7\u00e3o.<\/p>\n\n\n\n<h2 class=\"wp-block-heading\">Quem tem direito \u00e0 isen\u00e7\u00e3o do IPVA em 2026<\/h2>\n\n\n\n<p>A isen\u00e7\u00e3o do IPVA \u00e9 um benef\u00edcio que varia conforme o estado e o tipo de ve\u00edculo. Em 2026, os principais grupos contemplados s\u00e3o os de ve\u00edculos antigos, motocicletas de baixa cilindrada e autom\u00f3veis adaptados para pessoas com defici\u00eancia (PcD). Em alguns casos, a dispensa tamb\u00e9m vale para ve\u00edculos de uso oficial, institui\u00e7\u00f5es filantr\u00f3picas e maquin\u00e1rios agr\u00edcolas.<\/p>\n\n\n\n<p>No estado de S\u00e3o Paulo, por exemplo, as motocicletas com at\u00e9 180 cilindradas continuam isentas do imposto, uma medida que busca aliviar o bolso de trabalhadores que utilizam o ve\u00edculo como meio de transporte ou sustento. O mesmo vale para motos registradas em programas sociais, como o Bolsa do Povo, e para aquelas destinadas a pequenos empreendedores aut\u00f4nomos.<\/p>\n\n\n\n<p>Entre os ve\u00edculos que ganham isen\u00e7\u00e3o em 2026, est\u00e3o:<\/p>\n\n\n\n<ul class=\"wp-block-list\">\n<li>Motos com at\u00e9 180 cilindradas, independentemente do ano de fabrica\u00e7\u00e3o.<\/li>\n\n\n\n<li>Carros de colecionadores ou fabricados h\u00e1 mais de 20 anos.<\/li>\n\n\n\n<li>Autom\u00f3veis adaptados para pessoas com defici\u00eancia f\u00edsica, visual, mental ou autistas.<\/li>\n\n\n\n<li>Ve\u00edculos oficiais de \u00f3rg\u00e3os p\u00fablicos, prefeituras e institui\u00e7\u00f5es sociais.<\/li>\n\n\n\n<li>Maquin\u00e1rio agr\u00edcola e ve\u00edculos usados exclusivamente para trabalho no campo.<\/li>\n<\/ul>\n\n\n\n<p>Vale lembrar que, para obter a isen\u00e7\u00e3o, o propriet\u00e1rio precisa estar com o ve\u00edculo regularizado e, em alguns casos, apresentar documentos espec\u00edficos, como laudos m\u00e9dicos ou registros oficiais que comprovem o enquadramento nas regras estaduais.<\/p>\n\n\n\n<h2 class=\"wp-block-heading\">Regras, prazos e cuidados com o IPVA 2026<\/h2>\n\n\n\n<p>O calend\u00e1rio de pagamento do IPVA 2026 seguir\u00e1, na maioria dos estados, o mesmo formato dos anos anteriores, com cobran\u00e7a baseada no final da placa do ve\u00edculo. Quem optar pelo pagamento \u00e0 vista ter\u00e1 direito a descontos, enquanto os que preferirem dividir poder\u00e3o parcelar o valor em at\u00e9 tr\u00eas vezes.<\/p>\n\n\n\n<p>As datas exatas variam de acordo com cada estado, mas geralmente os vencimentos come\u00e7am em janeiro e se estendem at\u00e9 mar\u00e7o. Em S\u00e3o Paulo, por exemplo, o parcelamento ser\u00e1 mantido em tr\u00eas parcelas, com descontos de at\u00e9 10% para pagamentos realizados em cota \u00fanica dentro do prazo.<\/p>\n\n\n\n<p>Outro ponto importante \u00e9 que ve\u00edculos com d\u00e9bitos antigos de IPVA, licenciamento ou multas podem ser impedidos de circular e at\u00e9 mesmo apreendidos em fiscaliza\u00e7\u00f5es. A recomenda\u00e7\u00e3o \u00e9 que os motoristas consultem a situa\u00e7\u00e3o do ve\u00edculo no site da Sefaz ou no Detran do seu estado antes de emitir o boleto.<\/p>\n\n\n\n<p>Al\u00e9m das motos e carros antigos, a isen\u00e7\u00e3o tamb\u00e9m se estende a modelos el\u00e9tricos e h\u00edbridos em alguns estados. No Distrito Federal, Rio de Janeiro e Paran\u00e1, por exemplo, esses ve\u00edculos sustent\u00e1veis t\u00eam descontos ou at\u00e9 isen\u00e7\u00e3o total do imposto, como forma de incentivar a ado\u00e7\u00e3o de alternativas menos poluentes.<\/p>\n","protected":false},"excerpt":{"rendered":"<p>Com a chegada de um novo ano, os motoristas de todo o Brasil voltam a se preparar para o pagamento de um dos impostos mais conhecidos e obrigat\u00f3rios: o IPVA. Em 2026, o tributo traz algumas novidades, especialmente em rela\u00e7\u00e3o \u00e0s regras de isen\u00e7\u00e3o, que beneficiam determinados grupos de ve\u00edculos e propriet\u00e1rios. Al\u00e9m das mudan\u00e7as [&hellip;]<\/p>\n","protected":false},"author":14,"featured_media":12305,"comment_status":"open","ping_status":"open","sticky":false,"template":"","format":"standard","meta":{"jnews-multi-image_gallery":[],"jnews_single_post":{"format":"standard"},"jnews_primary_category":[],"jnews_social_meta":[],"jnews_post_split":[],"footnotes":""},"categories":[1],"tags":[],"class_list":["post-12303","post","type-post","status-publish","format-standard","has-post-thumbnail","hentry","category-uncategorized"],"_links":{"self":[{"href":"https:\/\/diariodepernambuco.audiencelabs.com.br\/wp-json\/wp\/v2\/posts\/12303","targetHints":{"allow":["GET"]}}],"collection":[{"href":"https:\/\/diariodepernambuco.audiencelabs.com.br\/wp-json\/wp\/v2\/posts"}],"about":[{"href":"https:\/\/diariodepernambuco.audiencelabs.com.br\/wp-json\/wp\/v2\/types\/post"}],"author":[{"embeddable":true,"href":"https:\/\/diariodepernambuco.audiencelabs.com.br\/wp-json\/wp\/v2\/users\/14"}],"replies":[{"embeddable":true,"href":"https:\/\/diariodepernambuco.audiencelabs.com.br\/wp-json\/wp\/v2\/comments?post=12303"}],"version-history":[{"count":1,"href":"https:\/\/diariodepernambuco.audiencelabs.com.br\/wp-json\/wp\/v2\/posts\/12303\/revisions"}],"predecessor-version":[{"id":12309,"href":"https:\/\/diariodepernambuco.audiencelabs.com.br\/wp-json\/wp\/v2\/posts\/12303\/revisions\/12309"}],"wp:featuredmedia":[{"embeddable":true,"href":"https:\/\/diariodepernambuco.audiencelabs.com.br\/wp-json\/wp\/v2\/media\/12305"}],"wp:attachment":[{"href":"https:\/\/diariodepernambuco.audiencelabs.com.br\/wp-json\/wp\/v2\/media?parent=12303"}],"wp:term":[{"taxonomy":"category","embeddable":true,"href":"https:\/\/diariodepernambuco.audiencelabs.com.br\/wp-json\/wp\/v2\/categories?post=12303"},{"taxonomy":"post_tag","embeddable":true,"href":"https:\/\/diariodepernambuco.audiencelabs.com.br\/wp-json\/wp\/v2\/tags?post=12303"}],"curies":[{"name":"wp","href":"https:\/\/api.w.org\/{rel}","templated":true}]}}