{"id":12304,"date":"2025-12-23T01:33:00","date_gmt":"2025-12-23T04:33:00","guid":{"rendered":"https:\/\/diariodepernambuco.audiencelabs.com.br\/?p=12304"},"modified":"2025-12-23T10:21:19","modified_gmt":"2025-12-23T13:21:19","slug":"lei-que-protege-os-alunos-na-escola-esta-chegando-ao-fim-em-casos-especificos","status":"publish","type":"post","link":"https:\/\/diariodepernambuco.audiencelabs.com.br\/lei-que-protege-os-alunos-na-escola-esta-chegando-ao-fim-em-casos-especificos\/","title":{"rendered":"Regras que protegiam os alunos na escola est\u00e3o chegando ao fim em casos espec\u00edficos"},"content":{"rendered":"\n<p>O ano de 2026 trar\u00e1 uma s\u00e9rie de transforma\u00e7\u00f5es para o sistema educacional brasileiro. Ap\u00f3s anos de regras mais brandas adotadas durante e depois da pandemia, escolas p\u00fablicas e privadas come\u00e7am a retomar normas mais r\u00edgidas de avalia\u00e7\u00e3o e disciplina. As regras que protegem os alunos\u201d, criada para evitar reprova\u00e7\u00f5es e desist\u00eancias, passa agora por uma reavalia\u00e7\u00e3o, e parte dessas flexibiliza\u00e7\u00f5es deixar\u00e1 de existir.<\/p>\n\n\n\n<p>Essa mudan\u00e7a busca equilibrar o direito \u00e0 educa\u00e7\u00e3o com a necessidade de garantir qualidade no ensino. Ou seja, as escolas continuar\u00e3o comprometidas em manter os alunos matriculados, mas com um foco maior no desempenho, na frequ\u00eancia e no cumprimento de metas pedag\u00f3gicas. A partir de 2026, o cen\u00e1rio escolar deve ficar mais exigente, exigindo tamb\u00e9m um novo olhar das fam\u00edlias sobre a rotina de estudos.<\/p>\n\n\n\n<h2 class=\"wp-block-heading\">Fim da aprova\u00e7\u00e3o autom\u00e1tica e novas regras de desempenho<\/h2>\n\n\n\n<p>Durante os \u00faltimos anos, a legisla\u00e7\u00e3o educacional permitiu maior toler\u00e2ncia com faltas e notas baixas. Isso aconteceu por causa dos impactos da pandemia, quando o objetivo principal era manter os alunos na escola. Mas agora, essa fase est\u00e1 chegando ao fim. A partir de 2026, redes de ensino de todo o pa\u00eds devem refor\u00e7ar crit\u00e9rios mais r\u00edgidos de avalia\u00e7\u00e3o, priorizando o aprendizado real e o cumprimento da carga hor\u00e1ria m\u00ednima.<\/p>\n\n\n\n<p>Um dos pontos mais marcantes \u00e9 o enfraquecimento da chamada \u201caprova\u00e7\u00e3o autom\u00e1tica\u201d, que em muitos casos permitia que estudantes passassem de ano sem atingir o rendimento necess\u00e1rio. A proposta agora \u00e9 refor\u00e7ar a exig\u00eancia de m\u00e9dias m\u00ednimas e o dom\u00ednio dos conte\u00fados essenciais, como L\u00edngua Portuguesa e Matem\u00e1tica.<\/p>\n\n\n\n<p>Em alguns estados, como o Rio Grande do Sul, normas j\u00e1 foram atualizadas para 2026. Elas determinam que alunos com desempenho insuficiente em v\u00e1rias disciplinas n\u00e3o poder\u00e3o avan\u00e7ar de ano at\u00e9 realizarem atividades de recupera\u00e7\u00e3o mais profundas. A ideia \u00e9 fortalecer a base de aprendizagem e reduzir o n\u00famero de estudantes que chegam ao ensino m\u00e9dio com defasagens graves.<\/p>\n\n\n\n<p>Al\u00e9m disso, escolas ser\u00e3o incentivadas a adotar m\u00e9todos de avalia\u00e7\u00e3o cont\u00ednua, com acompanhamento mais pr\u00f3ximo dos professores e programas de refor\u00e7o escolar. Essa mudan\u00e7a n\u00e3o significa puni\u00e7\u00e3o, mas uma tentativa de garantir que o aluno realmente aprenda antes de progredir para a pr\u00f3xima etapa.<\/p>\n\n\n\n<h2 class=\"wp-block-heading\">Novo Ensino M\u00e9dio e controle mais r\u00edgido dentro das escolas<\/h2>\n\n\n\n<p>Outra mudan\u00e7a significativa \u00e9 a consolida\u00e7\u00e3o do Novo Ensino M\u00e9dio, que passa a valer integralmente em 2026. A reforma amplia a carga hor\u00e1ria de disciplinas b\u00e1sicas, elevando de 1.800 para 2.400 horas o tempo dedicado a mat\u00e9rias como Portugu\u00eas e Matem\u00e1tica. A ideia \u00e9 refor\u00e7ar a forma\u00e7\u00e3o geral, reduzir mat\u00e9rias que fogem do n\u00facleo curricular e preparar os alunos para os desafios do ensino superior e do mercado de trabalho.<\/p>\n\n\n\n<p>Al\u00e9m da reestrutura\u00e7\u00e3o curricular, outras medidas tamb\u00e9m entram em vigor:<\/p>\n\n\n\n<ul class=\"wp-block-list\">\n<li>Aumento do n\u00famero de aulas obrigat\u00f3rias em \u00e1reas centrais;<\/li>\n\n\n\n<li>Redu\u00e7\u00e3o de itiner\u00e1rios formativos com pouca rela\u00e7\u00e3o com o curr\u00edculo nacional;<\/li>\n\n\n\n<li>Mais foco em leitura, escrita e racioc\u00ednio l\u00f3gico;<\/li>\n\n\n\n<li>Maior acompanhamento das fam\u00edlias sobre o desempenho escolar.<\/li>\n<\/ul>\n\n\n\n<p>As regras sobre o uso de celulares tamb\u00e9m ser\u00e3o aplicadas com mais rigor. A partir de 2026, a proibi\u00e7\u00e3o se estende n\u00e3o apenas \u00e0s salas de aula, mas tamb\u00e9m a intervalos, corredores e recreios. O objetivo \u00e9 diminuir distra\u00e7\u00f5es e garantir que o tempo na escola seja usado para aprendizado e conviv\u00eancia. Em casos espec\u00edficos, como uso pedag\u00f3gico ou m\u00e9dico, o aparelho poder\u00e1 ser permitido, mas somente com autoriza\u00e7\u00e3o pr\u00e9via.<\/p>\n\n\n\n<p>Por fim, muitas redes de ensino est\u00e3o reformulando seus calend\u00e1rios, adotando sistemas trimestrais e ampliando atividades aos s\u00e1bados. A proposta \u00e9 criar mais espa\u00e7os de acompanhamento pedag\u00f3gico, reuni\u00f5es com fam\u00edlias e refor\u00e7o escolar.<\/p>\n","protected":false},"excerpt":{"rendered":"<p>O ano de 2026 trar\u00e1 uma s\u00e9rie de transforma\u00e7\u00f5es para o sistema educacional brasileiro. Ap\u00f3s anos de regras mais brandas adotadas durante e depois da pandemia, escolas p\u00fablicas e privadas come\u00e7am a retomar normas mais r\u00edgidas de avalia\u00e7\u00e3o e disciplina. As regras que protegem os alunos\u201d, criada para evitar reprova\u00e7\u00f5es e desist\u00eancias, passa agora por [&hellip;]<\/p>\n","protected":false},"author":14,"featured_media":12307,"comment_status":"open","ping_status":"open","sticky":false,"template":"","format":"standard","meta":{"jnews-multi-image_gallery":[],"jnews_single_post":{"format":"standard"},"jnews_primary_category":[],"jnews_social_meta":[],"jnews_post_split":[],"footnotes":""},"categories":[1],"tags":[],"class_list":["post-12304","post","type-post","status-publish","format-standard","has-post-thumbnail","hentry","category-uncategorized"],"_links":{"self":[{"href":"https:\/\/diariodepernambuco.audiencelabs.com.br\/wp-json\/wp\/v2\/posts\/12304","targetHints":{"allow":["GET"]}}],"collection":[{"href":"https:\/\/diariodepernambuco.audiencelabs.com.br\/wp-json\/wp\/v2\/posts"}],"about":[{"href":"https:\/\/diariodepernambuco.audiencelabs.com.br\/wp-json\/wp\/v2\/types\/post"}],"author":[{"embeddable":true,"href":"https:\/\/diariodepernambuco.audiencelabs.com.br\/wp-json\/wp\/v2\/users\/14"}],"replies":[{"embeddable":true,"href":"https:\/\/diariodepernambuco.audiencelabs.com.br\/wp-json\/wp\/v2\/comments?post=12304"}],"version-history":[{"count":4,"href":"https:\/\/diariodepernambuco.audiencelabs.com.br\/wp-json\/wp\/v2\/posts\/12304\/revisions"}],"predecessor-version":[{"id":12334,"href":"https:\/\/diariodepernambuco.audiencelabs.com.br\/wp-json\/wp\/v2\/posts\/12304\/revisions\/12334"}],"wp:featuredmedia":[{"embeddable":true,"href":"https:\/\/diariodepernambuco.audiencelabs.com.br\/wp-json\/wp\/v2\/media\/12307"}],"wp:attachment":[{"href":"https:\/\/diariodepernambuco.audiencelabs.com.br\/wp-json\/wp\/v2\/media?parent=12304"}],"wp:term":[{"taxonomy":"category","embeddable":true,"href":"https:\/\/diariodepernambuco.audiencelabs.com.br\/wp-json\/wp\/v2\/categories?post=12304"},{"taxonomy":"post_tag","embeddable":true,"href":"https:\/\/diariodepernambuco.audiencelabs.com.br\/wp-json\/wp\/v2\/tags?post=12304"}],"curies":[{"name":"wp","href":"https:\/\/api.w.org\/{rel}","templated":true}]}}