{"id":12321,"date":"2025-12-23T11:49:00","date_gmt":"2025-12-23T14:49:00","guid":{"rendered":"https:\/\/diariodepernambuco.audiencelabs.com.br\/?p=12321"},"modified":"2025-12-23T09:37:42","modified_gmt":"2025-12-23T12:37:42","slug":"desconto-do-ipva-2026-ate-quando-esta-liberado","status":"publish","type":"post","link":"https:\/\/diariodepernambuco.audiencelabs.com.br\/desconto-do-ipva-2026-ate-quando-esta-liberado\/","title":{"rendered":"Desconto do IPVA 2026: at\u00e9 quando est\u00e1 liberado?"},"content":{"rendered":"\n<p>O novo calend\u00e1rio do IPVA 2026 j\u00e1 foi divulgado e trouxe informa\u00e7\u00f5es importantes para quem possui ve\u00edculo registrado no estado do Rio de Janeiro. A Secretaria de Estado da Fazenda apresentou as datas de pagamento, os crit\u00e9rios de c\u00e1lculo e os descontos dispon\u00edveis para quem optar por quitar o imposto antecipadamente.<\/p>\n\n\n\n<p>O tributo \u00e9 obrigat\u00f3rio para todos os propriet\u00e1rios de ve\u00edculos automotores e, como ocorre todos os anos, o valor cobrado varia conforme o modelo, combust\u00edvel e ano de fabrica\u00e7\u00e3o. A divulga\u00e7\u00e3o antecipada permite que os contribuintes se organizem melhor e aproveitem as oportunidades de desconto oferecidas pelo governo estadual.<\/p>\n\n\n\n<h2 class=\"wp-block-heading\">Prazo, desconto e valores definidos pelo governo do Rio de Janeiro<\/h2>\n\n\n\n<p>A tabela do IPVA 2026 foi oficialmente aprovada pela gest\u00e3o de Cl\u00e1udio Castro e publicada pela Secretaria da Fazenda do Rio de Janeiro (Sefaz-RJ). O documento apresenta o valor venal atualizado dos ve\u00edculos com base na tabela da Funda\u00e7\u00e3o Instituto de Pesquisas Econ\u00f4micas (Fipe), que reflete o pre\u00e7o m\u00e9dio de mercado de carros, motos e caminh\u00f5es registrados no estado.<\/p>\n\n\n\n<p>A partir dessa base de c\u00e1lculo, o governo aplica as al\u00edquotas que variam conforme o tipo de ve\u00edculo:<\/p>\n\n\n\n<ul class=\"wp-block-list\">\n<li>Carros movidos a gasolina ou flex: 4%<\/li>\n\n\n\n<li>Motocicletas: 2%<\/li>\n\n\n\n<li>Ve\u00edculos el\u00e9tricos: 0,5%<\/li>\n\n\n\n<li>Modelos h\u00edbridos e movidos a GNV: taxas reduzidas conforme categoria<\/li>\n<\/ul>\n\n\n\n<p>Os pagamentos come\u00e7am em 21 de janeiro de 2026, com a data inicial destinada a ve\u00edculos de placa final 0. O calend\u00e1rio segue de forma escalonada at\u00e9 o in\u00edcio de fevereiro, evitando congestionamento de vencimentos.<\/p>\n\n\n\n<p>Os motoristas ter\u00e3o duas op\u00e7\u00f5es: pagar o imposto em cota \u00fanica, com desconto de 3%, ou parcelar o valor em tr\u00eas vezes, sem abatimento. Para aproveitar o desconto, o pagamento precisa ser feito at\u00e9 a data limite indicada no calend\u00e1rio oficial. As parcelas seguintes vencem nos meses de fevereiro e mar\u00e7o, tamb\u00e9m seguindo o n\u00famero final da placa.<\/p>\n\n\n\n<p>Essa medida busca atender diferentes perfis de contribuintes, permitindo que quem tem disponibilidade financeira pague menos ao quitar o valor de uma vez, enquanto os que preferem dividir o custo possam se organizar sem comprometer o or\u00e7amento.<\/p>\n\n\n\n<h2 class=\"wp-block-heading\">Como emitir e pagar o IPVA 2026<\/h2>\n\n\n\n<p>Os contribuintes devem acessar o portal oficial da Secretaria da Fazenda do Rio de Janeiro (Sefaz-RJ) para emitir o Documento de Arrecada\u00e7\u00e3o (DARJ). O processo \u00e9 simples e pode ser feito online, informando apenas o n\u00famero do Renavam do ve\u00edculo. Ap\u00f3s gerar o documento, o sistema mostra o valor total, as op\u00e7\u00f5es de parcelamento e o prazo de vencimento.<\/p>\n\n\n\n<p>O pagamento pode ser realizado por meio de:<\/p>\n\n\n\n<ul class=\"wp-block-list\">\n<li><strong>Pix<\/strong>, utilizando o QR Code gerado pelo site;<\/li>\n\n\n\n<li><strong>C\u00f3digo de barras<\/strong>, dispon\u00edvel no documento de arrecada\u00e7\u00e3o;<\/li>\n\n\n\n<li><strong>Ag\u00eancias banc\u00e1rias e aplicativos de bancos credenciados<\/strong>, sem taxa adicional.<\/li>\n<\/ul>\n\n\n\n<p>O governo tamb\u00e9m manteve incentivos para ve\u00edculos sustent\u00e1veis, refor\u00e7ando a pol\u00edtica de est\u00edmulo \u00e0 mobilidade limpa. Modelos el\u00e9tricos e h\u00edbridos seguem com as menores al\u00edquotas do estado, uma forma de incentivar a substitui\u00e7\u00e3o gradual de autom\u00f3veis movidos a combust\u00edveis f\u00f3sseis.<\/p>\n\n\n\n<p>Com a divulga\u00e7\u00e3o do calend\u00e1rio, os motoristas j\u00e1 podem se planejar para evitar multas e aproveitar o desconto. A antecipa\u00e7\u00e3o do pagamento, al\u00e9m de garantir economia, evita atrasos e complica\u00e7\u00f5es futuras, como restri\u00e7\u00f5es no licenciamento anual.<\/p>\n","protected":false},"excerpt":{"rendered":"<p>O novo calend\u00e1rio do IPVA 2026 j\u00e1 foi divulgado e trouxe informa\u00e7\u00f5es importantes para quem possui ve\u00edculo registrado no estado do Rio de Janeiro. A Secretaria de Estado da Fazenda apresentou as datas de pagamento, os crit\u00e9rios de c\u00e1lculo e os descontos dispon\u00edveis para quem optar por quitar o imposto antecipadamente. O tributo \u00e9 obrigat\u00f3rio [&hellip;]<\/p>\n","protected":false},"author":14,"featured_media":12323,"comment_status":"open","ping_status":"open","sticky":false,"template":"","format":"standard","meta":{"jnews-multi-image_gallery":[],"jnews_single_post":{"format":"standard"},"jnews_primary_category":[],"jnews_social_meta":[],"jnews_post_split":[],"footnotes":""},"categories":[1],"tags":[],"class_list":["post-12321","post","type-post","status-publish","format-standard","has-post-thumbnail","hentry","category-uncategorized"],"_links":{"self":[{"href":"https:\/\/diariodepernambuco.audiencelabs.com.br\/wp-json\/wp\/v2\/posts\/12321","targetHints":{"allow":["GET"]}}],"collection":[{"href":"https:\/\/diariodepernambuco.audiencelabs.com.br\/wp-json\/wp\/v2\/posts"}],"about":[{"href":"https:\/\/diariodepernambuco.audiencelabs.com.br\/wp-json\/wp\/v2\/types\/post"}],"author":[{"embeddable":true,"href":"https:\/\/diariodepernambuco.audiencelabs.com.br\/wp-json\/wp\/v2\/users\/14"}],"replies":[{"embeddable":true,"href":"https:\/\/diariodepernambuco.audiencelabs.com.br\/wp-json\/wp\/v2\/comments?post=12321"}],"version-history":[{"count":1,"href":"https:\/\/diariodepernambuco.audiencelabs.com.br\/wp-json\/wp\/v2\/posts\/12321\/revisions"}],"predecessor-version":[{"id":12324,"href":"https:\/\/diariodepernambuco.audiencelabs.com.br\/wp-json\/wp\/v2\/posts\/12321\/revisions\/12324"}],"wp:featuredmedia":[{"embeddable":true,"href":"https:\/\/diariodepernambuco.audiencelabs.com.br\/wp-json\/wp\/v2\/media\/12323"}],"wp:attachment":[{"href":"https:\/\/diariodepernambuco.audiencelabs.com.br\/wp-json\/wp\/v2\/media?parent=12321"}],"wp:term":[{"taxonomy":"category","embeddable":true,"href":"https:\/\/diariodepernambuco.audiencelabs.com.br\/wp-json\/wp\/v2\/categories?post=12321"},{"taxonomy":"post_tag","embeddable":true,"href":"https:\/\/diariodepernambuco.audiencelabs.com.br\/wp-json\/wp\/v2\/tags?post=12321"}],"curies":[{"name":"wp","href":"https:\/\/api.w.org\/{rel}","templated":true}]}}