{"id":12337,"date":"2025-12-24T23:06:00","date_gmt":"2025-12-25T02:06:00","guid":{"rendered":"https:\/\/diariodepernambuco.audiencelabs.com.br\/?p=12337"},"modified":"2025-12-23T19:24:03","modified_gmt":"2025-12-23T22:24:03","slug":"regra-na-legislacao-do-farol-pode-gerar-multa-automatica","status":"publish","type":"post","link":"https:\/\/diariodepernambuco.audiencelabs.com.br\/regra-na-legislacao-do-farol-pode-gerar-multa-automatica\/","title":{"rendered":"Regra na legisla\u00e7\u00e3o do farol pode gerar multa autom\u00e1tica"},"content":{"rendered":"\n<p>Com o aumento do movimento nas estradas em determinadas \u00e9pocas do ano, muitos motoristas acabam sendo pegos de surpresa por regras que parecem simples, mas que mudaram com o tempo. Pequenos h\u00e1bitos ao volante, quando feitos de forma autom\u00e1tica, podem n\u00e3o estar mais totalmente alinhados com a legisla\u00e7\u00e3o atual.<\/p>\n\n\n\n<p>Entre essas mudan\u00e7as, h\u00e1 normas que ainda geram confus\u00e3o e levam muitos condutores a cometer infra\u00e7\u00f5es sem perceber. A falta de aten\u00e7\u00e3o aos detalhes da lei pode resultar em penalidades aplicadas de forma imediata, inclusive por fiscaliza\u00e7\u00e3o eletr\u00f4nica, o que refor\u00e7a a import\u00e2ncia de entender exatamente o que \u00e9 exigido hoje.<\/p>\n\n\n\n<h2 class=\"wp-block-heading\">Quando a regra do farol pode gerar multa<\/h2>\n\n\n\n<p>Desde abril de 2021, passou a valer uma atualiza\u00e7\u00e3o importante no C\u00f3digo de Tr\u00e2nsito Brasileiro, trazida pela Lei 14.071\/2020. Com ela, deixou de existir a obriga\u00e7\u00e3o geral de manter o farol baixo aceso durante o dia em todas as rodovias. No entanto, isso n\u00e3o significa que o uso foi totalmente liberado.<\/p>\n\n\n\n<p>Atualmente, a exig\u00eancia continua valendo em situa\u00e7\u00f5es espec\u00edficas. O farol baixo deve permanecer ligado durante o dia quando o ve\u00edculo estiver trafegando por rodovias de pista simples. Esse tipo de via \u00e9 caracterizado pela aus\u00eancia de separa\u00e7\u00e3o f\u00edsica entre os fluxos de ida e volta, como canteiro central, mureta ou guard-rail.<\/p>\n\n\n\n<p>Nesses casos, esquecer de ligar o farol n\u00e3o \u00e9 apenas uma falha de aten\u00e7\u00e3o. A infra\u00e7\u00e3o \u00e9 considerada m\u00e9dia e gera multa de R$ 130,16, al\u00e9m de quatro pontos na carteira de habilita\u00e7\u00e3o. Em muitas rodovias, a fiscaliza\u00e7\u00e3o pode ser feita de forma autom\u00e1tica, o que elimina qualquer margem para justificativa posterior.<\/p>\n\n\n\n<p>J\u00e1 nas rodovias de pista dupla, onde existe separa\u00e7\u00e3o f\u00edsica entre os sentidos, o uso do farol baixo durante o dia \u00e9 opcional. Exemplos comuns desse tipo de estrada s\u00e3o vias com canteiro central ou barreiras cont\u00ednuas que impedem o cruzamento direto entre ve\u00edculos.<\/p>\n\n\n\n<h2 class=\"wp-block-heading\">Tecnologia, seguran\u00e7a e o que ainda vale \u00e0 noite<\/h2>\n\n\n\n<p>Grande parte da confus\u00e3o vem do fato de que a lei anterior exigia far\u00f3is acesos em qualquer rodovia, independentemente do tipo de pista. A regra atual segue um crit\u00e9rio t\u00e9cnico. Em pistas simples, a luz ligada ajuda outros motoristas a calcular melhor a dist\u00e2ncia e o tempo necess\u00e1rio para realizar ultrapassagens, que s\u00e3o mais frequentes nesse tipo de via.<\/p>\n\n\n\n<p>Um ponto importante \u00e9 que a maioria das estradas brasileiras ainda se enquadra como pista simples. Dados da Confedera\u00e7\u00e3o Nacional do Transporte indicam que cerca de 85% da malha rodovi\u00e1ria do pa\u00eds n\u00e3o possui separa\u00e7\u00e3o f\u00edsica entre os sentidos. Por isso, mesmo quando h\u00e1 d\u00favida, manter o farol ligado continua sendo uma escolha mais segura.<\/p>\n\n\n\n<p>Para ve\u00edculos mais novos, existe uma exce\u00e7\u00e3o relevante. Carros equipados com Luz de Rodagem Diurna, conhecida como DRL, n\u00e3o precisam acionar o farol baixo durante o dia, nem mesmo em pistas simples. Esse sistema acende automaticamente ao ligar o ve\u00edculo e foi desenvolvido para garantir visibilidade adequada sob a luz do sol, com menor consumo de energia.<\/p>\n\n\n\n<p>Desde 2024, todos os carros novos fabricados no Brasil j\u00e1 saem de f\u00e1brica com esse equipamento. Al\u00e9m de evitar multas, o DRL reduz o desgaste do sistema el\u00e9trico e tem impacto menor no consumo de combust\u00edvel em compara\u00e7\u00e3o ao uso do farol tradicional.<\/p>\n","protected":false},"excerpt":{"rendered":"<p>Com o aumento do movimento nas estradas em determinadas \u00e9pocas do ano, muitos motoristas acabam sendo pegos de surpresa por regras que parecem simples, mas que mudaram com o tempo. Pequenos h\u00e1bitos ao volante, quando feitos de forma autom\u00e1tica, podem n\u00e3o estar mais totalmente alinhados com a legisla\u00e7\u00e3o atual. Entre essas mudan\u00e7as, h\u00e1 normas que [&hellip;]<\/p>\n","protected":false},"author":14,"featured_media":12338,"comment_status":"open","ping_status":"open","sticky":false,"template":"","format":"standard","meta":{"jnews-multi-image_gallery":[],"jnews_single_post":{"format":"standard"},"jnews_primary_category":[],"jnews_social_meta":[],"jnews_post_split":[],"footnotes":""},"categories":[1],"tags":[],"class_list":["post-12337","post","type-post","status-publish","format-standard","has-post-thumbnail","hentry","category-uncategorized"],"_links":{"self":[{"href":"https:\/\/diariodepernambuco.audiencelabs.com.br\/wp-json\/wp\/v2\/posts\/12337","targetHints":{"allow":["GET"]}}],"collection":[{"href":"https:\/\/diariodepernambuco.audiencelabs.com.br\/wp-json\/wp\/v2\/posts"}],"about":[{"href":"https:\/\/diariodepernambuco.audiencelabs.com.br\/wp-json\/wp\/v2\/types\/post"}],"author":[{"embeddable":true,"href":"https:\/\/diariodepernambuco.audiencelabs.com.br\/wp-json\/wp\/v2\/users\/14"}],"replies":[{"embeddable":true,"href":"https:\/\/diariodepernambuco.audiencelabs.com.br\/wp-json\/wp\/v2\/comments?post=12337"}],"version-history":[{"count":1,"href":"https:\/\/diariodepernambuco.audiencelabs.com.br\/wp-json\/wp\/v2\/posts\/12337\/revisions"}],"predecessor-version":[{"id":12339,"href":"https:\/\/diariodepernambuco.audiencelabs.com.br\/wp-json\/wp\/v2\/posts\/12337\/revisions\/12339"}],"wp:featuredmedia":[{"embeddable":true,"href":"https:\/\/diariodepernambuco.audiencelabs.com.br\/wp-json\/wp\/v2\/media\/12338"}],"wp:attachment":[{"href":"https:\/\/diariodepernambuco.audiencelabs.com.br\/wp-json\/wp\/v2\/media?parent=12337"}],"wp:term":[{"taxonomy":"category","embeddable":true,"href":"https:\/\/diariodepernambuco.audiencelabs.com.br\/wp-json\/wp\/v2\/categories?post=12337"},{"taxonomy":"post_tag","embeddable":true,"href":"https:\/\/diariodepernambuco.audiencelabs.com.br\/wp-json\/wp\/v2\/tags?post=12337"}],"curies":[{"name":"wp","href":"https:\/\/api.w.org\/{rel}","templated":true}]}}