{"id":1235,"date":"2025-08-15T19:00:00","date_gmt":"2025-08-15T22:00:00","guid":{"rendered":"https:\/\/diariodepernambuco.audiencelabs.com.br\/?p=1235"},"modified":"2025-08-14T16:21:36","modified_gmt":"2025-08-14T19:21:36","slug":"passageiros-da-emirates-nao-poderao-utilizar-power-bank-a-bordo","status":"publish","type":"post","link":"https:\/\/diariodepernambuco.audiencelabs.com.br\/passageiros-da-emirates-nao-poderao-utilizar-power-bank-a-bordo\/","title":{"rendered":"Passageiros da Emirates n\u00e3o poder\u00e3o utilizar power bank a bordo"},"content":{"rendered":"\n<p>Os passageiros da Emirates ver\u00e3o uma mudan\u00e7a de norma \u00e0 partir do m\u00eas de outubro. Isto porque a companhia, com sede um Dubai, nos Emirados \u00c1rabes Unidos, vai permitir que cada passageiro porte apenas um power bank a bordo, mas seu uso passar\u00e1 a ser proibido.<\/p>\n\n\n\n<p>Desta forma, n\u00e3o ser\u00e1 poss\u00edvel usar a tomada do avi\u00e3o para carreg\u00e1-lo nem utilizar o aparelho para dar carga em um telefone. A Emirates permitir\u00e1 que cada passageiro leve apenas um power bank com capacidade inferior a 100 Wh, que n\u00e3o poder\u00e1 ser armazenado no bagageiro. Segundo informa\u00e7\u00f5es do site da companhia, o dispositivo deve ser mantido no compartimento (\u201cbolso\u201d) localizado no assento \u00e0 frente.<\/p>\n\n\n\n<p>O motivo da proibi\u00e7\u00e3o foi a \u201ccrescente alta de incidentes envolvendo power banks nos \u00faltimos anos\u201d. Segundo a companhia, a medida busca reduzir riscos durante os voos. Recentemente, em um trajeto entre S\u00e3o Paulo e Amsterd\u00e3 (Holanda), um power bank provocou um pequeno inc\u00eandio, rapidamente controlado pela tripula\u00e7\u00e3o.<\/p>\n\n\n\n<p>&#8220;Colocar power banks em locais acess\u00edveis assegura que em um raro incidente de inc\u00eandio, a tripula\u00e7\u00e3o consiga rapidamente extinguir o fogo&#8221;, disse a Emirates em comunicado oficiail.<\/p>\n\n\n\n<p>Explos\u00f5es ou inc\u00eandios em power banks geralmente s\u00e3o causados por fuga t\u00e9rmica \u2014 um fen\u00f4meno que ocorre quando a bateria \u00e9 sobrecarregada ou sofre danos. Nesse processo, o calor gerado ultrapassa a capacidade do sistema de dissip\u00e1-lo, o que pode resultar n\u00e3o apenas em explos\u00f5es ou chamas, mas tamb\u00e9m na libera\u00e7\u00e3o de gases t\u00f3xicos.<\/p>\n\n\n\n<h2 class=\"wp-block-heading\">Como evitar explos\u00f5es em power banks<\/h2>\n\n\n\n<p><strong>Escolha e compra seguras<\/strong><\/p>\n\n\n\n<ul class=\"wp-block-list\">\n<li>Prefira marcas conhecidas e com certifica\u00e7\u00f5es de seguran\u00e7a (como CE, FCC, Anatel).<\/li>\n\n\n\n<li>Evite produtos falsificados ou sem informa\u00e7\u00f5es t\u00e9cnicas claras.<\/li>\n\n\n\n<li>Verifique a capacidade e pot\u00eancia compat\u00edveis com seus dispositivos.<\/li>\n<\/ul>\n\n\n\n<p><strong>Uso correto<\/strong><\/p>\n\n\n\n<ul class=\"wp-block-list\">\n<li>N\u00e3o sobrecarregue: desconecte o carregador quando o power bank atingir 100%.<\/li>\n\n\n\n<li>Use cabos e carregadores originais ou de boa qualidade.<\/li>\n\n\n\n<li>N\u00e3o use o power bank enquanto ele estiver sendo recarregado.<\/li>\n\n\n\n<li>Evite deix\u00e1-lo conectado por longos per\u00edodos sem necessidade.<\/li>\n<\/ul>\n\n\n\n<p><strong>Armazenamento e transporte<\/strong><\/p>\n\n\n\n<ul class=\"wp-block-list\">\n<li>Guarde em local fresco e ventilado, longe de calor excessivo e luz solar direta.<\/li>\n\n\n\n<li>N\u00e3o deixe dentro de carros fechados ou pr\u00f3ximo a fontes de calor.<\/li>\n\n\n\n<li>Transporte em bagagem de m\u00e3o, nunca despachado (inclusive em voos).<\/li>\n<\/ul>\n\n\n\n<p><strong>Manuten\u00e7\u00e3o e preven\u00e7\u00e3o<\/strong><\/p>\n\n\n\n<ul class=\"wp-block-list\">\n<li>N\u00e3o utilize se houver incha\u00e7o, odor estranho, superaquecimento ou rachaduras.<\/li>\n\n\n\n<li>Limpe apenas com pano seco; nunca com produtos l\u00edquidos.<\/li>\n\n\n\n<li>Respeite a faixa de temperatura indicada pelo fabricante para uso e recarga.<\/li>\n<\/ul>\n\n\n\n<p><\/p>\n","protected":false},"excerpt":{"rendered":"<p>Os passageiros da Emirates ver\u00e3o uma mudan\u00e7a de norma \u00e0 partir do m\u00eas de outubro. Isto porque a companhia, com sede um Dubai, nos Emirados \u00c1rabes Unidos, vai permitir que cada passageiro porte apenas um power bank a bordo, mas seu uso passar\u00e1 a ser proibido. Desta forma, n\u00e3o ser\u00e1 poss\u00edvel usar a tomada do [&hellip;]<\/p>\n","protected":false},"author":4,"featured_media":1237,"comment_status":"open","ping_status":"open","sticky":false,"template":"","format":"standard","meta":{"jnews-multi-image_gallery":[],"jnews_single_post":{"format":"standard"},"jnews_primary_category":[],"jnews_social_meta":[],"jnews_post_split":[],"footnotes":""},"categories":[1],"tags":[],"class_list":["post-1235","post","type-post","status-publish","format-standard","has-post-thumbnail","hentry","category-uncategorized"],"_links":{"self":[{"href":"https:\/\/diariodepernambuco.audiencelabs.com.br\/wp-json\/wp\/v2\/posts\/1235","targetHints":{"allow":["GET"]}}],"collection":[{"href":"https:\/\/diariodepernambuco.audiencelabs.com.br\/wp-json\/wp\/v2\/posts"}],"about":[{"href":"https:\/\/diariodepernambuco.audiencelabs.com.br\/wp-json\/wp\/v2\/types\/post"}],"author":[{"embeddable":true,"href":"https:\/\/diariodepernambuco.audiencelabs.com.br\/wp-json\/wp\/v2\/users\/4"}],"replies":[{"embeddable":true,"href":"https:\/\/diariodepernambuco.audiencelabs.com.br\/wp-json\/wp\/v2\/comments?post=1235"}],"version-history":[{"count":2,"href":"https:\/\/diariodepernambuco.audiencelabs.com.br\/wp-json\/wp\/v2\/posts\/1235\/revisions"}],"predecessor-version":[{"id":1238,"href":"https:\/\/diariodepernambuco.audiencelabs.com.br\/wp-json\/wp\/v2\/posts\/1235\/revisions\/1238"}],"wp:featuredmedia":[{"embeddable":true,"href":"https:\/\/diariodepernambuco.audiencelabs.com.br\/wp-json\/wp\/v2\/media\/1237"}],"wp:attachment":[{"href":"https:\/\/diariodepernambuco.audiencelabs.com.br\/wp-json\/wp\/v2\/media?parent=1235"}],"wp:term":[{"taxonomy":"category","embeddable":true,"href":"https:\/\/diariodepernambuco.audiencelabs.com.br\/wp-json\/wp\/v2\/categories?post=1235"},{"taxonomy":"post_tag","embeddable":true,"href":"https:\/\/diariodepernambuco.audiencelabs.com.br\/wp-json\/wp\/v2\/tags?post=1235"}],"curies":[{"name":"wp","href":"https:\/\/api.w.org\/{rel}","templated":true}]}}