{"id":12355,"date":"2025-12-26T11:32:00","date_gmt":"2025-12-26T14:32:00","guid":{"rendered":"https:\/\/diariodepernambuco.audiencelabs.com.br\/?p=12355"},"modified":"2025-12-26T13:36:03","modified_gmt":"2025-12-26T16:36:03","slug":"bolsa-familia-2026-calendario-esta-disponivel-com-datas-de-pagamentos","status":"publish","type":"post","link":"https:\/\/diariodepernambuco.audiencelabs.com.br\/bolsa-familia-2026-calendario-esta-disponivel-com-datas-de-pagamentos\/","title":{"rendered":"Bolsa Fam\u00edlia 2026: calend\u00e1rio est\u00e1 dispon\u00edvel com datas de pagamentos"},"content":{"rendered":"\n<p>O planejamento financeiro das fam\u00edlias que recebem benef\u00edcios sociais depende, em grande parte, da previsibilidade dos repasses. Quando as datas s\u00e3o conhecidas com anteced\u00eancia, fica mais f\u00e1cil organizar despesas b\u00e1sicas, como alimenta\u00e7\u00e3o, contas da casa e compromissos do m\u00eas.<\/p>\n\n\n\n<p>Pensando nisso, o cronograma anual do programa \u00e9 um dos assuntos mais aguardados. A divulga\u00e7\u00e3o antecipada permite que os benefici\u00e1rios saibam como se organizar ao longo do ano e entendam a l\u00f3gica usada para a libera\u00e7\u00e3o dos valores, evitando d\u00favidas e imprevistos.<\/p>\n\n\n\n<h2 class=\"wp-block-heading\">Como funciona o calend\u00e1rio de pagamentos do Bolsa Fam\u00edlia em 2026<\/h2>\n\n\n\n<p>O calend\u00e1rio do Bolsa Fam\u00edlia para 2026 j\u00e1 foi divulgado pelo governo federal e segue o mesmo modelo adotado nos \u00faltimos anos. Os pagamentos s\u00e3o realizados de forma escalonada, conforme o \u00faltimo n\u00famero do NIS, o que ajuda a evitar filas e sobrecarga nos pontos de atendimento.<\/p>\n\n\n\n<p>Os dep\u00f3sitos acontecem sempre nos \u00faltimos dez dias \u00fateis de cada m\u00eas. A ordem come\u00e7a com quem tem NIS final 1 e segue, dia ap\u00f3s dia, at\u00e9 o NIS final 0. Esse formato facilita a organiza\u00e7\u00e3o das fam\u00edlias, que passam a saber exatamente quando o valor estar\u00e1 dispon\u00edvel na conta.<\/p>\n\n\n\n<p>Segue na imagem abaixo as datas oficiais liberadas pelo Minist\u00e9rio do Desenvolvimento e Assist\u00eancia Social, Fam\u00edlia e Combate \u00e0 Fome:<\/p>\n\n\n<div class=\"wp-block-image\">\n<figure class=\"aligncenter size-full\"><img loading=\"lazy\" decoding=\"async\" width=\"642\" height=\"602\" src=\"https:\/\/diariodepernambuco.audiencelabs.com.br\/wp-content\/uploads\/2025\/12\/imagem_2025-12-26_133535502.png\" alt=\"\" class=\"wp-image-12369\" srcset=\"https:\/\/diariodepernambuco.audiencelabs.com.br\/wp-content\/uploads\/2025\/12\/imagem_2025-12-26_133535502.png 642w, https:\/\/diariodepernambuco.audiencelabs.com.br\/wp-content\/uploads\/2025\/12\/imagem_2025-12-26_133535502-300x281.png 300w\" sizes=\"auto, (max-width: 642px) 100vw, 642px\" \/><\/figure>\n<\/div>\n\n\n<p>A \u00fanica mudan\u00e7a no fluxo ocorre no m\u00eas de dezembro. Nesse per\u00edodo, os repasses s\u00e3o antecipados para antes do Natal, permitindo que os benefici\u00e1rios tenham acesso ao dinheiro ainda durante as festas de fim de ano.<\/p>\n\n\n\n<p>Entre os pontos principais do calend\u00e1rio est\u00e3o:<\/p>\n\n\n\n<ul class=\"wp-block-list\">\n<li>Pagamentos concentrados no fim de cada m\u00eas<\/li>\n\n\n\n<li>Ordem definida pelo n\u00famero final do NIS<\/li>\n\n\n\n<li>Antecipa\u00e7\u00e3o dos valores em dezembro<\/li>\n<\/ul>\n\n\n\n<h2 class=\"wp-block-heading\">Onde consultar as datas e quem pode receber o benef\u00edcio em 2026<\/h2>\n\n\n\n<p>As datas oficiais de pagamento podem ser acompanhadas pelos canais digitais do governo e da Caixa. O aplicativo Caixa Tem \u00e9 a principal ferramenta para consultar o saldo, verificar o dia exato do dep\u00f3sito e movimentar o dinheiro de forma digital.<\/p>\n\n\n\n<p>Caso haja feriados nacionais ou alguma situa\u00e7\u00e3o fora do previsto, o cronograma pode ser ajustado. Sempre que isso acontece, um novo calend\u00e1rio \u00e9 divulgado pelos canais oficiais para manter os benefici\u00e1rios informados.<\/p>\n\n\n\n<p>O Bolsa Fam\u00edlia \u00e9 destinado a fam\u00edlias em situa\u00e7\u00e3o de vulnerabilidade social. Para ter direito ao benef\u00edcio em 2026, a renda mensal por pessoa da fam\u00edlia deve ser de at\u00e9 R$ 218. Esse valor \u00e9 calculado somando toda a renda da casa e dividindo pelo n\u00famero de moradores.<\/p>\n\n\n\n<p>Al\u00e9m do crit\u00e9rio de renda, \u00e9 preciso cumprir algumas regras para manter o benef\u00edcio ativo:<\/p>\n\n\n\n<ul class=\"wp-block-list\">\n<li>Crian\u00e7as e adolescentes devem frequentar a escola<\/li>\n\n\n\n<li>Gestantes precisam fazer o acompanhamento pr\u00e9-natal<\/li>\n\n\n\n<li>A vacina\u00e7\u00e3o das crian\u00e7as deve estar em dia<\/li>\n\n\n\n<li>O Cadastro \u00danico precisa estar atualizado<\/li>\n<\/ul>\n\n\n\n<p>O valor recebido pode ser usado diretamente pelo aplicativo Caixa Tem, para pagamentos e transfer\u00eancias. Quem preferir sacar o dinheiro pode utilizar lot\u00e9ricas, caixas eletr\u00f4nicos ou ag\u00eancias da Caixa, usando o cart\u00e3o do programa ou a op\u00e7\u00e3o de saque digital.<\/p>\n","protected":false},"excerpt":{"rendered":"<p>O planejamento financeiro das fam\u00edlias que recebem benef\u00edcios sociais depende, em grande parte, da previsibilidade dos repasses. Quando as datas s\u00e3o conhecidas com anteced\u00eancia, fica mais f\u00e1cil organizar despesas b\u00e1sicas, como alimenta\u00e7\u00e3o, contas da casa e compromissos do m\u00eas. Pensando nisso, o cronograma anual do programa \u00e9 um dos assuntos mais aguardados. A divulga\u00e7\u00e3o antecipada [&hellip;]<\/p>\n","protected":false},"author":14,"featured_media":12295,"comment_status":"open","ping_status":"open","sticky":false,"template":"","format":"standard","meta":{"jnews-multi-image_gallery":[],"jnews_single_post":{"format":"standard"},"jnews_primary_category":[],"jnews_social_meta":[],"jnews_post_split":[],"footnotes":""},"categories":[1],"tags":[],"class_list":["post-12355","post","type-post","status-publish","format-standard","has-post-thumbnail","hentry","category-uncategorized"],"_links":{"self":[{"href":"https:\/\/diariodepernambuco.audiencelabs.com.br\/wp-json\/wp\/v2\/posts\/12355","targetHints":{"allow":["GET"]}}],"collection":[{"href":"https:\/\/diariodepernambuco.audiencelabs.com.br\/wp-json\/wp\/v2\/posts"}],"about":[{"href":"https:\/\/diariodepernambuco.audiencelabs.com.br\/wp-json\/wp\/v2\/types\/post"}],"author":[{"embeddable":true,"href":"https:\/\/diariodepernambuco.audiencelabs.com.br\/wp-json\/wp\/v2\/users\/14"}],"replies":[{"embeddable":true,"href":"https:\/\/diariodepernambuco.audiencelabs.com.br\/wp-json\/wp\/v2\/comments?post=12355"}],"version-history":[{"count":1,"href":"https:\/\/diariodepernambuco.audiencelabs.com.br\/wp-json\/wp\/v2\/posts\/12355\/revisions"}],"predecessor-version":[{"id":12370,"href":"https:\/\/diariodepernambuco.audiencelabs.com.br\/wp-json\/wp\/v2\/posts\/12355\/revisions\/12370"}],"wp:featuredmedia":[{"embeddable":true,"href":"https:\/\/diariodepernambuco.audiencelabs.com.br\/wp-json\/wp\/v2\/media\/12295"}],"wp:attachment":[{"href":"https:\/\/diariodepernambuco.audiencelabs.com.br\/wp-json\/wp\/v2\/media?parent=12355"}],"wp:term":[{"taxonomy":"category","embeddable":true,"href":"https:\/\/diariodepernambuco.audiencelabs.com.br\/wp-json\/wp\/v2\/categories?post=12355"},{"taxonomy":"post_tag","embeddable":true,"href":"https:\/\/diariodepernambuco.audiencelabs.com.br\/wp-json\/wp\/v2\/tags?post=12355"}],"curies":[{"name":"wp","href":"https:\/\/api.w.org\/{rel}","templated":true}]}}