{"id":12356,"date":"2025-12-26T10:12:00","date_gmt":"2025-12-26T13:12:00","guid":{"rendered":"https:\/\/diariodepernambuco.audiencelabs.com.br\/?p=12356"},"modified":"2025-12-26T12:52:33","modified_gmt":"2025-12-26T15:52:33","slug":"uber-surpreendeu-e-anunciou-mudancas-para-os-motoristas-em-2026","status":"publish","type":"post","link":"https:\/\/diariodepernambuco.audiencelabs.com.br\/uber-surpreendeu-e-anunciou-mudancas-para-os-motoristas-em-2026\/","title":{"rendered":"Uber surpreendeu e anunciou mudan\u00e7as para os motoristas em 2026"},"content":{"rendered":"\n<p>Motoristas parceiros foram pegos de surpresa com um comunicado que come\u00e7ou a circular ainda em outubro e mexeu com o planejamento de quem atua nas categorias mais altas da plataforma da Uber. A atualiza\u00e7\u00e3o chamou aten\u00e7\u00e3o porque envolve crit\u00e9rios que impactam diretamente a perman\u00eancia de ve\u00edculos e o acesso a corridas mais bem pagas.<\/p>\n\n\n\n<p>A decis\u00e3o veio ap\u00f3s estudos internos e an\u00e1lise do comportamento dos usu\u00e1rios. A empresa sinalizou que ajustes seriam necess\u00e1rios para manter o padr\u00e3o das viagens e acompanhar a evolu\u00e7\u00e3o do mercado automotivo, o que aumentou a expectativa entre os condutores.<\/p>\n\n\n\n<h2 class=\"wp-block-heading\">O que muda nas categorias Uber Black e Uber Comfort em 2026<\/h2>\n\n\n\n<p>A Uber informou que, a partir de janeiro de 2026, a lista de ve\u00edculos aceitos nas categorias Black e Comfort ser\u00e1 atualizada. O an\u00fancio, divulgado em outubro, tem como base pesquisas com passageiros e avalia\u00e7\u00f5es sobre conforto, design e percep\u00e7\u00e3o de valor nas viagens premium.<\/p>\n\n\n\n<p>Na categoria Uber Black, haver\u00e1 mudan\u00e7a no ano m\u00ednimo de fabrica\u00e7\u00e3o exigido e exclus\u00e3o de alguns modelos, independentemente do ano. Em cidades como S\u00e3o Paulo, Rio de Janeiro, Porto Alegre e Bras\u00edlia, por exemplo, modelos como Virtus passam a exigir fabrica\u00e7\u00e3o a partir de 2025, enquanto outros ve\u00edculos similares precisam ser, no m\u00ednimo, de 2023. Para os demais modelos, o ano aceito varia conforme a cidade, ficando entre 2017 e 2019.<\/p>\n\n\n\n<p>Alguns modelos deixam de ser aceitos no Black a partir de 5 de janeiro de 2026, como:<\/p>\n\n\n\n<ul class=\"wp-block-list\">\n<li>Renault Kardian<\/li>\n\n\n\n<li>Chery Tiggo 3 e Tiggo 3X<\/li>\n\n\n\n<li>Peugeot E-2008<\/li>\n\n\n\n<li>Hyundai Kona Hybrid<\/li>\n\n\n\n<li>JAC J3 Turin e iEV 40<\/li>\n<\/ul>\n\n\n\n<p>Um ponto de aten\u00e7\u00e3o \u00e9 o Citro\u00ebn Basalt, que poder\u00e1 ser cadastrado at\u00e9 31 de dezembro de 2025 e seguir\u00e1 apto para viagens, inclusive no Black, at\u00e9 o fim de 2026.<\/p>\n\n\n\n<p>Al\u00e9m do modelo e do ano, os ve\u00edculos do Uber Black precisam ter:<\/p>\n\n\n\n<ul class=\"wp-block-list\">\n<li>ar-condicionado<\/li>\n\n\n\n<li>quatro portas<\/li>\n\n\n\n<li>cores espec\u00edficas, como preto, cinza, prata, azul-marinho, marrom, chumbo ou branco<\/li>\n<\/ul>\n\n\n\n<p>Os motoristas tamb\u00e9m devem cumprir requisitos m\u00ednimos, como mais de 100 viagens em outras categorias e nota m\u00e9dia igual ou superior a 4,85.<\/p>\n\n\n\n<h2 class=\"wp-block-heading\">Regras atualizadas tamb\u00e9m afetam o Uber Comfort<\/h2>\n\n\n\n<p>As mudan\u00e7as n\u00e3o se limitam ao Black. A Uber Comfort tamb\u00e9m ter\u00e1 novos crit\u00e9rios de ano m\u00ednimo e exclus\u00e3o de modelos a partir de 2026. Em grande parte das cidades, sed\u00e3s como Etios, Voyage, Prisma, Logan e Cobalt passam a exigir fabrica\u00e7\u00e3o a partir de 2018 ou 2019, dependendo do munic\u00edpio. J\u00e1 modelos como Argo e Polo precisam ser, no m\u00ednimo, de 2023.<\/p>\n\n\n\n<p>A empresa divulgou uma lista extensa com regras espec\u00edficas para dezenas de cidades, variando conforme a frota local e a demanda dos usu\u00e1rios. Em capitais e grandes centros, as exig\u00eancias tendem a ser mais recentes, enquanto em cidades menores os crit\u00e9rios podem ser um pouco mais flex\u00edveis.<\/p>\n\n\n\n<p>Um destaque importante \u00e9 o Renault Logan, que deixar\u00e1 de ser aceito no Uber Comfort a partir de julho de 2026, independentemente do ano de fabrica\u00e7\u00e3o.<\/p>\n\n\n\n<p>Para permanecer na categoria Comfort, o ve\u00edculo precisa ter:<\/p>\n\n\n\n<ul class=\"wp-block-list\">\n<li>ar-condicionado<\/li>\n\n\n\n<li>quatro portas<\/li>\n<\/ul>\n\n\n\n<p>J\u00e1 os motoristas devem atender aos seguintes crit\u00e9rios:<\/p>\n\n\n\n<ul class=\"wp-block-list\">\n<li>ter realizado mais de 100 viagens em outras categorias, com exce\u00e7\u00e3o de Uber Moto, Envios Moto e Uber T\u00e1xi<\/li>\n\n\n\n<li>manter avalia\u00e7\u00e3o m\u00e9dia m\u00ednima de 4,85 em algumas cidades espec\u00edficas ou 4,80 nas demais<\/li>\n<\/ul>\n\n\n\n<p>Com essas mudan\u00e7as, a Uber busca elevar o padr\u00e3o das categorias Comfort e Black, tornando os servi\u00e7os mais atrativos para os passageiros. Ao mesmo tempo, os motoristas precisam se planejar com anteced\u00eancia, j\u00e1 que as novas regras entram em vigor em 2026, mas foram anunciadas ainda em outubro para permitir adapta\u00e7\u00e3o gradual.<\/p>\n","protected":false},"excerpt":{"rendered":"<p>Motoristas parceiros foram pegos de surpresa com um comunicado que come\u00e7ou a circular ainda em outubro e mexeu com o planejamento de quem atua nas categorias mais altas da plataforma da Uber. A atualiza\u00e7\u00e3o chamou aten\u00e7\u00e3o porque envolve crit\u00e9rios que impactam diretamente a perman\u00eancia de ve\u00edculos e o acesso a corridas mais bem pagas. A [&hellip;]<\/p>\n","protected":false},"author":14,"featured_media":12357,"comment_status":"open","ping_status":"open","sticky":false,"template":"","format":"standard","meta":{"jnews-multi-image_gallery":[],"jnews_single_post":{"format":"standard"},"jnews_primary_category":[],"jnews_social_meta":[],"jnews_post_split":[],"footnotes":""},"categories":[1],"tags":[],"class_list":["post-12356","post","type-post","status-publish","format-standard","has-post-thumbnail","hentry","category-uncategorized"],"_links":{"self":[{"href":"https:\/\/diariodepernambuco.audiencelabs.com.br\/wp-json\/wp\/v2\/posts\/12356","targetHints":{"allow":["GET"]}}],"collection":[{"href":"https:\/\/diariodepernambuco.audiencelabs.com.br\/wp-json\/wp\/v2\/posts"}],"about":[{"href":"https:\/\/diariodepernambuco.audiencelabs.com.br\/wp-json\/wp\/v2\/types\/post"}],"author":[{"embeddable":true,"href":"https:\/\/diariodepernambuco.audiencelabs.com.br\/wp-json\/wp\/v2\/users\/14"}],"replies":[{"embeddable":true,"href":"https:\/\/diariodepernambuco.audiencelabs.com.br\/wp-json\/wp\/v2\/comments?post=12356"}],"version-history":[{"count":2,"href":"https:\/\/diariodepernambuco.audiencelabs.com.br\/wp-json\/wp\/v2\/posts\/12356\/revisions"}],"predecessor-version":[{"id":12365,"href":"https:\/\/diariodepernambuco.audiencelabs.com.br\/wp-json\/wp\/v2\/posts\/12356\/revisions\/12365"}],"wp:featuredmedia":[{"embeddable":true,"href":"https:\/\/diariodepernambuco.audiencelabs.com.br\/wp-json\/wp\/v2\/media\/12357"}],"wp:attachment":[{"href":"https:\/\/diariodepernambuco.audiencelabs.com.br\/wp-json\/wp\/v2\/media?parent=12356"}],"wp:term":[{"taxonomy":"category","embeddable":true,"href":"https:\/\/diariodepernambuco.audiencelabs.com.br\/wp-json\/wp\/v2\/categories?post=12356"},{"taxonomy":"post_tag","embeddable":true,"href":"https:\/\/diariodepernambuco.audiencelabs.com.br\/wp-json\/wp\/v2\/tags?post=12356"}],"curies":[{"name":"wp","href":"https:\/\/api.w.org\/{rel}","templated":true}]}}