{"id":12359,"date":"2025-12-26T12:22:00","date_gmt":"2025-12-26T15:22:00","guid":{"rendered":"https:\/\/diariodepernambuco.audiencelabs.com.br\/?p=12359"},"modified":"2025-12-26T14:31:23","modified_gmt":"2025-12-26T17:31:23","slug":"a-previsao-mais-assustadora-para-o-ano-de-2026-afeta-na-humanidade-e-ja-foi-divulgada","status":"publish","type":"post","link":"https:\/\/diariodepernambuco.audiencelabs.com.br\/a-previsao-mais-assustadora-para-o-ano-de-2026-afeta-na-humanidade-e-ja-foi-divulgada\/","title":{"rendered":"A previs\u00e3o mais assustadora para o ano de 2026 afeta na humanidade e j\u00e1 foi divulgada"},"content":{"rendered":"\n<p>Em diferentes momentos da hist\u00f3ria, uma previs\u00e3o sobre o futuro sempre desperta curiosidade, medo e reflex\u00e3o. Em per\u00edodos de instabilidade, esse interesse cresce ainda mais, principalmente quando se fala em acontecimentos que podem impactar o planeta e a vida das pessoas de forma ampla.<\/p>\n\n\n\n<p>\u00c0s v\u00e9speras de 2026, antigas interpreta\u00e7\u00f5es voltaram a circular e reacenderam debates sobre o que pode estar por vir. Escritos produzidos h\u00e1 s\u00e9culos continuam sendo analisados e ganham novas leituras, especialmente quando o cen\u00e1rio mundial parece caminhar por transforma\u00e7\u00f5es profundas.<\/p>\n\n\n\n<h2 class=\"wp-block-heading\">Quem foi Nostradamus e por que suas previs\u00f5es ainda chamam aten\u00e7\u00e3o<\/h2>\n\n\n\n<p>Nostradamus, nome pelo qual ficou conhecido Michel de N\u00f4tre-Dame, foi um m\u00e9dico e astr\u00f3logo franc\u00eas do s\u00e9culo XVI. Al\u00e9m de atuar no combate a surtos de peste, ele se tornou famoso por um livro publicado em 1555, composto por quadras escritas de forma simb\u00f3lica e dif\u00edcil de interpretar. Nessas passagens, ele descreveu eventos que muitos acreditam estar ligados ao futuro da humanidade.<\/p>\n\n\n\n<p>O m\u00e9todo usado por Nostradamus misturava observa\u00e7\u00f5es astrol\u00f3gicas, fatos hist\u00f3ricos e refer\u00eancias religiosas. Essa combina\u00e7\u00e3o resultou em textos abertos a diferentes interpreta\u00e7\u00f5es, o que explica por que suas profecias seguem sendo estudadas at\u00e9 hoje. Ao longo do tempo, leitores passaram a associar algumas quadras a acontecimentos marcantes, como conflitos armados, mudan\u00e7as pol\u00edticas e grandes trag\u00e9dias.<\/p>\n\n\n\n<p>Justamente por serem vagas e enigm\u00e1ticas, essas previs\u00f5es permitem leituras variadas. Em muitos casos, as conex\u00f5es com fatos hist\u00f3ricos s\u00e3o feitas depois que os eventos acontecem, o que alimenta tanto o fasc\u00ednio quanto as cr\u00edticas sobre a real precis\u00e3o das mensagens deixadas pelo astr\u00f3logo.<\/p>\n\n\n\n<h2 class=\"wp-block-heading\">O que a previs\u00e3o aponta para 2026 e por que gera temor<\/h2>\n\n\n\n<p>As interpreta\u00e7\u00f5es mais recentes dos escritos de Nostradamus sobre 2026 indicam um per\u00edodo marcado por fortes transforma\u00e7\u00f5es globais. Entre os pontos mais citados est\u00e3o mudan\u00e7as ambientais severas, tens\u00f5es entre pa\u00edses e altera\u00e7\u00f5es profundas na forma como a humanidade se relaciona com a tecnologia e a sa\u00fade.<\/p>\n\n\n\n<p>Segundo essas leituras, o ano pode ser impactado por:<\/p>\n\n\n\n<ul class=\"wp-block-list\">\n<li>eventos clim\u00e1ticos extremos, como terremotos, aumento do n\u00edvel das \u00e1guas e desequil\u00edbrios ambientais;<\/li>\n\n\n\n<li>conflitos internacionais e instabilidade pol\u00edtica, especialmente em regi\u00f5es estrat\u00e9gicas do planeta;<\/li>\n\n\n\n<li>avan\u00e7os tecnol\u00f3gicos acompanhados de uma mudan\u00e7a no comportamento humano e na forma de lidar com informa\u00e7\u00e3o e espiritualidade;<\/li>\n\n\n\n<li>transforma\u00e7\u00f5es na \u00e1rea da sa\u00fade, com maior valoriza\u00e7\u00e3o de pr\u00e1ticas alternativas e integra\u00e7\u00e3o entre m\u00e9todos modernos e tradicionais.<\/li>\n<\/ul>\n\n\n\n<p>Apesar do tom alarmante, especialistas lembram que as quadras de Nostradamus n\u00e3o apresentam datas exatas nem descri\u00e7\u00f5es diretas. O conte\u00fado \u00e9 simb\u00f3lico e permite m\u00faltiplas leituras, o que faz com que uma mesma previs\u00e3o possa ser entendida como um desastre natural, uma crise social ou uma mudan\u00e7a coletiva de comportamento.<\/p>\n\n\n\n<p>Ao longo dos s\u00e9culos, diversas previs\u00f5es atribu\u00eddas a Nostradamus foram associadas a fatos como grandes guerras, atentados, revolu\u00e7\u00f5es e inc\u00eandios hist\u00f3ricos. Ainda assim, muitos estudiosos alertam que essas associa\u00e7\u00f5es costumam ser feitas de forma retrospectiva, o que exige cautela ao interpretar previs\u00f5es sobre o futuro.<\/p>\n\n\n\n<p>Mesmo com as d\u00favidas, o interesse pelas previs\u00f5es para 2026 cresce porque elas dialogam com medos e incertezas atuais. Mais do que anunciar acontecimentos espec\u00edficos, esses textos acabam funcionando como um reflexo das preocupa\u00e7\u00f5es humanas diante de um mundo em constante mudan\u00e7a.<\/p>\n","protected":false},"excerpt":{"rendered":"<p>Em diferentes momentos da hist\u00f3ria, uma previs\u00e3o sobre o futuro sempre desperta curiosidade, medo e reflex\u00e3o. Em per\u00edodos de instabilidade, esse interesse cresce ainda mais, principalmente quando se fala em acontecimentos que podem impactar o planeta e a vida das pessoas de forma ampla. \u00c0s v\u00e9speras de 2026, antigas interpreta\u00e7\u00f5es voltaram a circular e reacenderam [&hellip;]<\/p>\n","protected":false},"author":14,"featured_media":12315,"comment_status":"open","ping_status":"open","sticky":false,"template":"","format":"standard","meta":{"jnews-multi-image_gallery":[],"jnews_single_post":{"format":"standard"},"jnews_primary_category":[],"jnews_social_meta":[],"jnews_post_split":[],"footnotes":""},"categories":[1],"tags":[],"class_list":["post-12359","post","type-post","status-publish","format-standard","has-post-thumbnail","hentry","category-uncategorized"],"_links":{"self":[{"href":"https:\/\/diariodepernambuco.audiencelabs.com.br\/wp-json\/wp\/v2\/posts\/12359","targetHints":{"allow":["GET"]}}],"collection":[{"href":"https:\/\/diariodepernambuco.audiencelabs.com.br\/wp-json\/wp\/v2\/posts"}],"about":[{"href":"https:\/\/diariodepernambuco.audiencelabs.com.br\/wp-json\/wp\/v2\/types\/post"}],"author":[{"embeddable":true,"href":"https:\/\/diariodepernambuco.audiencelabs.com.br\/wp-json\/wp\/v2\/users\/14"}],"replies":[{"embeddable":true,"href":"https:\/\/diariodepernambuco.audiencelabs.com.br\/wp-json\/wp\/v2\/comments?post=12359"}],"version-history":[{"count":2,"href":"https:\/\/diariodepernambuco.audiencelabs.com.br\/wp-json\/wp\/v2\/posts\/12359\/revisions"}],"predecessor-version":[{"id":12383,"href":"https:\/\/diariodepernambuco.audiencelabs.com.br\/wp-json\/wp\/v2\/posts\/12359\/revisions\/12383"}],"wp:featuredmedia":[{"embeddable":true,"href":"https:\/\/diariodepernambuco.audiencelabs.com.br\/wp-json\/wp\/v2\/media\/12315"}],"wp:attachment":[{"href":"https:\/\/diariodepernambuco.audiencelabs.com.br\/wp-json\/wp\/v2\/media?parent=12359"}],"wp:term":[{"taxonomy":"category","embeddable":true,"href":"https:\/\/diariodepernambuco.audiencelabs.com.br\/wp-json\/wp\/v2\/categories?post=12359"},{"taxonomy":"post_tag","embeddable":true,"href":"https:\/\/diariodepernambuco.audiencelabs.com.br\/wp-json\/wp\/v2\/tags?post=12359"}],"curies":[{"name":"wp","href":"https:\/\/api.w.org\/{rel}","templated":true}]}}