{"id":12371,"date":"2025-12-26T13:35:00","date_gmt":"2025-12-26T16:35:00","guid":{"rendered":"https:\/\/diariodepernambuco.audiencelabs.com.br\/?p=12371"},"modified":"2025-12-26T14:31:20","modified_gmt":"2025-12-26T17:31:20","slug":"marcia-sensitiva-revela-qual-sera-o-signo-mais-feliz-em-2026-trabalho-amor-e-saude","status":"publish","type":"post","link":"https:\/\/diariodepernambuco.audiencelabs.com.br\/marcia-sensitiva-revela-qual-sera-o-signo-mais-feliz-em-2026-trabalho-amor-e-saude\/","title":{"rendered":"M\u00e1rcia Sensitiva revela qual ser\u00e1 o signo mais feliz em 2026: trabalho, amor e sa\u00fade"},"content":{"rendered":"\n<p>O ano de 2026 promete mudan\u00e7as importantes para todos os signos do zod\u00edaco. Segundo previs\u00f5es espirituais, alguns per\u00edodos ser\u00e3o mais favor\u00e1veis para relacionamentos, enquanto outros v\u00e3o exigir mais aten\u00e7\u00e3o ao trabalho, ao dinheiro e ao bem-estar. O pr\u00f3ximo ciclo tamb\u00e9m deve trazer oportunidades inesperadas, mas apenas quem estiver atento aos sinais poder\u00e1 aproveitar melhor cada fase.<\/p>\n\n\n\n<p>Dentro desse cen\u00e1rio, uma previs\u00e3o espec\u00edfica chamou a aten\u00e7\u00e3o ao apontar um signo que tende a se destacar ao longo do ano. A leitura envolve amor, carreira e sa\u00fade, mostrando como esses tr\u00eas pilares da vida podem caminhar juntos. Mas a resposta sobre qual ser\u00e1 o signo mais feliz s\u00f3 aparece ao analisarmos os movimentos do ano com mais cuidado.<\/p>\n\n\n\n<h2 class=\"wp-block-heading\">O signo que se destaca como o mais feliz em 2026<\/h2>\n\n\n<style>@media (min-width: 992px) {\n    .recomendadorV2Area1 {\n        width: 280px;\n    }\n    .recomendadorV2Area2 {\n        padding: 0px 20px;\n        width: calc(100% - 280px);\n    }\n}\n\n@media (max-width: 992px) {\n    .recomendadorV2Button {\n        margin: 0 auto;\n    }\n    .recomendadorV2Area {\n        flex-direction: column;\n        text-align: center;\n    }\n    .recomendadorV2Area2 {\n        padding: 0px 20px;\n    }\n}\n\n.recomendadorV2Area {\n    background: #eeeeee3d;\n    border-radius: 10px;\n    padding: 15px;\n    display: flex;\n    margin: 15px auto;\n    border: 1px solid #00000014;\n    max-width: 800px;\n}\n\n.recomendadorV2Area1 img {\n    width: 280px;\n    height: auto;\n    border-radius: 8px;\n}\n\n.linkrecomendadorv2 {\n    text-decoration: none !important;\n}\n\n.recomendadorV2Area2 .recomendadorV2Type {\n    text-transform: uppercase;\n    font-weight: 500;\n    font-size: 11px;\n    letter-spacing: 2px;\n    color: #666;\n    margin: 12px 0;\n    display: block;\n}\n\n.recomendadorV2Title h2 {\n    padding-top: 0px !important;\n    margin: 0px !important;\n    border-left: none !important;\n    padding-left: 0px !important;\n    line-height: 1.3;\n    color: #000 !important;\n    font-size: 24px;\n    margin-bottom: 12px !important;\n}\n\n.recomendadorV2Desc {\n    color: #333;\n    margin: 12px 0px !important;\n    font-size: 15px;\n    line-height: 1.5;\n}\n\n.recomendadorV2Button {\n    width: auto;\n    max-width: 200px;\n    margin: 0;\n    display: inline-flex;\n    align-items: center;\n    background: #1D3557;\n    border-radius: 8px;\n    color: #fff;\n    height: 36px;\n    justify-content: center;\n    text-align: center;\n    font-size: 14px;\n    padding: 0 20px;\n    transition: background-color 0.2s ease;\n}\n\n.recomendadorV2Button:hover {\n    background: #2a4d7a;\n}\n\n.recomendadorV2Button:after {\n    margin-top: -2px;\n    content: \"\u2192\";\n    padding: 0px 0px 0px 8px;\n}\n\n.recomendadorV2Alert {\n    text-align: left;\n    font-size: 11px;\n    margin-top: 8px;\n    color: #666;\n}\n\n.recomendadorFixedArea {\n    width: 100%;\n    display: flex;\n    justify-content: center;\n    align-items: center;\n}\n\n@media (min-width: 992px) {\n    #recomendadorFixed {\n        width: 32% !important;\n        left: 5%;\n    }\n    .recomendadorCloseFixed{\n        right: inherit !important;\n        left: 378px !important;\n    }\n}\n\n#recomendadorFixed {\n    width: 90%;\n    box-shadow: 0 10px 20px 0px #00000057;\n    display: none;\n    height: 90px;\n    background: #F6F6F6;\n    position: fixed;\n    flex-direction: row;\n    bottom: 10px;\n    z-index: 9999;\n    border-radius: 16px;\n    padding: 7px 10px;\n}\n\n.recomendadorLeftArea {\n    width: 160px;\n}\n\n.recomendadorRightArea h2 {\n    padding-top: 0px;\n    margin: 2px 0px 4px 0px !important;\n    font-weight: 400;\n    text-align: center;\n    padding-left: 0px !important;\n    color: #000 !important;\n    border-left: none !important;\n    line-height: 20px;\n    font-size: 12px !important;\n}\n\n.recomendadorImgFixed {\n    overflow: hidden;\n    padding: 8px 6px;\n    height: 100%;\n}\n\n.recomendadorImgFixed img {\n    height: 100% !important;\n    border-radius: 16px;\n}\n\n.recomendadorRightArea {\n    padding-top: 6px;\n    display: flex;\n    width: calc(100% - 130px);\n    justify-content: space-between;\n    align-items: center;\n    flex-direction: column;\n}\n\n.recomendadorButtonFixed {\n    margin: 0 auto;\n    background: #1D3557;\n    width: 80%;\n    text-align: center;\n    font-size: 10px;\n    color: #FFF;\n    padding: 2px 10px;\n    border-radius: 3px;\n}\n\n.recomendadorButtonFixed:after {\n    margin-top: -3px;\n    content: \"\u2192\";\n    padding: 0px 0px 0px 10px;\n}\n\n.recomendadorAlertFixed {\n    font-weight: 400;\n    text-align: center;\n    color: #484848;\n    font-size: 8px;\n}\n\n.recomendadorCloseFixed {\n    z-index: 99999;\n    display: none;\n    right: 0px;\n    left: inherit;\n    bottom: 99px;\n    position: fixed;\n    justify-content: center;\n    background: #F6F6F6;\n    width: 25px;\n    align-items: center;\n    height: 25px;\n    font-weight: 800;\n    border-radius: 50%;\n    border: 1px solid #EBEBEB;\n}\n\n.recomendadorV2Desc{\n    color: #000000;\n    margin: 20px 0px;\n}\n\n@media (max-width: 576px) {\n    .recomendadorV2Area {\n      padding: 10px;\n      max-width: 100%;\n    }\n  \n    .recomendadorV2Area1 img {\n      width: 100%;\n      border-radius: 6px;\n    }\n  \n    .recomendadorV2Area2 .recomendadorV2Type {\n      font-size: 9px;\n      letter-spacing: 1px;\n      margin: 8px 0;\n    }\n  \n    .recomendadorV2Title h2 {\n      font-size: 18px !important;\n      margin-bottom: 8px !important;\n      line-height: 1.2;\n    }\n  \n    .recomendadorV2Desc {\n      font-size: 14px;\n      margin: 8px 0 !important;\n      line-height: 1.4;\n    }\n  \n    .recomendadorV2Button {\n      font-size: 12px;\n      height: 30px;\n      padding: 0 12px;\n      max-width: 160px;\n    }\n  \n    .recomendadorV2Button:after {\n      padding-left: 6px;\n    }\n  }\n  <\/style>\n        <div class=\"lazyblock-recomendador-v2-2jDGz wp-block-lazyblock-recomendador-v2\">\n        <a class=\"linkrecomendadorv2\" href=\"https:\/\/diariodepernambuco.com.br\/dpmais\/a-previsao-mais-assustadora-para-o-ano-de-2026-afeta-na-humanidade-e-ja-foi-divulgada\/?utm_source=lazy\" target=\"_blank\" rel=\"noopener\">\n            <div class=\"recomendadorV2Area\">\n            <div class=\"recomendadorV2Area1\">\n                <div class=\"recomendadorV2Img\">\n                <img class=\"lazyloaded\" decoding=\"async\" src=\"https:\/\/diariodepernambuco.com.br\/dpmais\/wp-content\/uploads\/2025\/12\/Vidente-750x375.jpg\" data-src=\"https:\/\/diariodepernambuco.com.br\/dpmais\/wp-content\/uploads\/2025\/12\/Vidente-750x375.jpg\" alt=\"\">\n                <\/div>\n            <\/div>\n            <div class=\"recomendadorV2Area2\">\n                <div class=\"recomendadorV2Type\">\n                    <span>Previs\u00e3o 2026<\/span>\n                <\/div>\n                <div class=\"recomendadorV2Title\">\n                <h2><span>Alerta global \ud83d\udd2e<\/span><\/h2>\n                <\/div>\n                <div class=\"recomendadorV2Desc\">\n                <span>Previs\u00e3o assustadora para a humanidade<\/span>\n                <\/div>\n                <div class=\"recomendadorV2Button\">Veja agora<\/div>\n                <div class=\"recomendadorV2Alert\"><\/div>\n            <\/div>\n            <\/div>\n        <\/a>\n        <div>\n            <div style=\"z-index:99999;\" id=\"buttonClose\" onclick=\"closeRecomendadorFixed()\">\n            <div class=\"recomendadorCloseFixed\">X<\/div>\n            <\/div>\n            <a href=\"https:\/\/diariodepernambuco.com.br\/dpmais\/a-previsao-mais-assustadora-para-o-ano-de-2026-afeta-na-humanidade-e-ja-foi-divulgada\/?utm_source=lazy\" target=\"_blank\" rel=\"noopener\">\n            <div class=\"recomendadorFixedArea\">\n                <div id=\"recomendadorFixed\">\n                <div class=\"recomendadorLeftArea\">\n                    <div class=\"recomendadorImgFixed\">\n                    <img class=\"lazyload\" decoding=\"async\" src=\"https:\/\/diariodepernambuco.com.br\/dpmais\/wp-content\/uploads\/2025\/12\/Vidente-750x375.jpg\" alt=\"\">\n                    <\/div>\n                <\/div>\n                <div class=\"recomendadorRightArea\">\n                    <div class=\"recomendadorTitleFixed\">\n                    <h2><span>Alerta global \ud83d\udd2e<\/span><\/h2>\n                    <\/div>\n                    <div class=\"recomendadorButtonFixed\">Veja agora<\/div>\n                    <div class=\"recomendadorAlertFixed\"><\/div>\n                <\/div>\n                <\/div>\n            <\/div>\n            <\/a>\n        <\/div>\n        <\/div>\n\n\n\n<p>De acordo com M\u00e1rcia Sensitiva, o signo que carrega a energia mais positiva de 2026 \u00e9 \u00c1ries. Os arianos entram no novo ano com chances reais de crescimento emocional e material. O per\u00edodo favorece decis\u00f5es importantes, novas parcerias e momentos de realiza\u00e7\u00e3o pessoal, especialmente a partir do segundo trimestre.<\/p>\n\n\n\n<p>O ano traz for\u00e7a para os relacionamentos, melhora no campo financeiro e vitalidade elevada, embora seja necess\u00e1rio aten\u00e7\u00e3o aos excessos. A combina\u00e7\u00e3o de criatividade, coragem e boas oportunidades faz com que \u00c1ries seja visto como o signo mais favorecido no conjunto geral de trabalho, amor e sa\u00fade ao longo de 2026.<\/p>\n\n\n\n<h2 class=\"wp-block-heading\">Previs\u00f5es para os signos em trabalho, amor e sa\u00fade<\/h2>\n\n\n\n<h3 class=\"wp-block-heading\">\u00c1ries<\/h3>\n\n\n\n<p>Para \u00c1ries, 2026 ser\u00e1 um ano de destaque. No amor, as oportunidades se intensificam principalmente a partir de maio, com grande chance de iniciar rela\u00e7\u00f5es importantes ou fortalecer v\u00ednculos j\u00e1 existentes. Quem est\u00e1 solteiro deve ficar atento aos meses de maio e setembro, considerados decisivos para encontros marcantes.<\/p>\n\n\n\n<p>No trabalho e no dinheiro, o cen\u00e1rio favorece contratos, negocia\u00e7\u00f5es e atividades ligadas ao com\u00e9rcio. A partir de junho, a criatividade ganha for\u00e7a e pode se transformar em lucro, especialmente em projetos autorais. A sa\u00fade se mant\u00e9m firme durante boa parte do ano, mas o ritmo acelerado pode gerar cansa\u00e7o f\u00edsico e mental no final do per\u00edodo. Pausas e descanso ser\u00e3o fundamentais.<\/p>\n\n\n\n<h3 class=\"wp-block-heading\">Touro<\/h3>\n\n\n\n<p>Touro entra em 2026 com foco maior nos sentimentos. O ano favorece rela\u00e7\u00f5es duradouras, principalmente para quem busca estabilidade no amor. Encontros importantes tendem a acontecer em momentos espec\u00edficos do ano, com destaque para maio e setembro.<\/p>\n\n\n\n<p>No campo profissional, J\u00fapiter estimula oportunidades ligadas \u00e0 comunica\u00e7\u00e3o, cursos, vendas e tecnologia. O dinheiro flui melhor quando h\u00e1 planejamento e foco. A sa\u00fade segue equilibrada, desde que o taurino inclua atividades leves na rotina, como caminhadas, jardinagem ou pr\u00e1ticas que ajudem a relaxar o corpo e a mente.<\/p>\n\n\n\n<h3 class=\"wp-block-heading\">G\u00eameos<\/h3>\n\n\n\n<p>G\u00eameos vive um ano movimentado em 2026. O tr\u00e2nsito de J\u00fapiter pelo signo amplia as chances de novos contatos e experi\u00eancias, principalmente no amor. Viagens podem trazer encontros inesperados e at\u00e9 paix\u00f5es intensas, tornando o per\u00edodo favor\u00e1vel para quem deseja se envolver emocionalmente.<\/p>\n\n\n\n<p>No trabalho, \u00e1reas como tecnologia, ensino e comunica\u00e7\u00e3o ganham destaque. Parcerias com pessoas de outros pa\u00edses ou empresas multinacionais podem surgir. A sa\u00fade pede aten\u00e7\u00e3o especial \u00e0 mente, que tende a ficar sobrecarregada. Atividades que acalmem, como medita\u00e7\u00e3o ou exerc\u00edcios respirat\u00f3rios, ajudam a manter o equil\u00edbrio.<\/p>\n\n\n\n<h3 class=\"wp-block-heading\">C\u00e2ncer<\/h3>\n\n\n\n<p>Para C\u00e2ncer, o romance ganha for\u00e7a ao longo de 2026, principalmente no segundo semestre. O ano traz mais seguran\u00e7a emocional e chances reais de construir algo s\u00f3lido no amor. No dinheiro, a tend\u00eancia \u00e9 de estabilidade, com destaque para investimentos em im\u00f3veis ou quest\u00f5es ligadas ao lar.<\/p>\n\n\n\n<p>No trabalho, o crescimento vem de forma constante, sem grandes riscos, mas com resultados duradouros. A sa\u00fade permanece est\u00e1vel, desde que haja aten\u00e7\u00e3o \u00e0 alimenta\u00e7\u00e3o e ao descanso. Terapias e pr\u00e1ticas de autocuidado ajudam o canceriano a manter o bem-estar f\u00edsico e emocional ao longo do ano.<\/p>\n","protected":false},"excerpt":{"rendered":"<p>O ano de 2026 promete mudan\u00e7as importantes para todos os signos do zod\u00edaco. Segundo previs\u00f5es espirituais, alguns per\u00edodos ser\u00e3o mais favor\u00e1veis para relacionamentos, enquanto outros v\u00e3o exigir mais aten\u00e7\u00e3o ao trabalho, ao dinheiro e ao bem-estar. O pr\u00f3ximo ciclo tamb\u00e9m deve trazer oportunidades inesperadas, mas apenas quem estiver atento aos sinais poder\u00e1 aproveitar melhor cada [&hellip;]<\/p>\n","protected":false},"author":14,"featured_media":12376,"comment_status":"open","ping_status":"open","sticky":false,"template":"","format":"standard","meta":{"jnews-multi-image_gallery":[],"jnews_single_post":{"format":"standard"},"jnews_primary_category":[],"jnews_social_meta":[],"jnews_post_split":[],"footnotes":""},"categories":[1],"tags":[],"class_list":["post-12371","post","type-post","status-publish","format-standard","has-post-thumbnail","hentry","category-uncategorized"],"_links":{"self":[{"href":"https:\/\/diariodepernambuco.audiencelabs.com.br\/wp-json\/wp\/v2\/posts\/12371","targetHints":{"allow":["GET"]}}],"collection":[{"href":"https:\/\/diariodepernambuco.audiencelabs.com.br\/wp-json\/wp\/v2\/posts"}],"about":[{"href":"https:\/\/diariodepernambuco.audiencelabs.com.br\/wp-json\/wp\/v2\/types\/post"}],"author":[{"embeddable":true,"href":"https:\/\/diariodepernambuco.audiencelabs.com.br\/wp-json\/wp\/v2\/users\/14"}],"replies":[{"embeddable":true,"href":"https:\/\/diariodepernambuco.audiencelabs.com.br\/wp-json\/wp\/v2\/comments?post=12371"}],"version-history":[{"count":2,"href":"https:\/\/diariodepernambuco.audiencelabs.com.br\/wp-json\/wp\/v2\/posts\/12371\/revisions"}],"predecessor-version":[{"id":12385,"href":"https:\/\/diariodepernambuco.audiencelabs.com.br\/wp-json\/wp\/v2\/posts\/12371\/revisions\/12385"}],"wp:featuredmedia":[{"embeddable":true,"href":"https:\/\/diariodepernambuco.audiencelabs.com.br\/wp-json\/wp\/v2\/media\/12376"}],"wp:attachment":[{"href":"https:\/\/diariodepernambuco.audiencelabs.com.br\/wp-json\/wp\/v2\/media?parent=12371"}],"wp:term":[{"taxonomy":"category","embeddable":true,"href":"https:\/\/diariodepernambuco.audiencelabs.com.br\/wp-json\/wp\/v2\/categories?post=12371"},{"taxonomy":"post_tag","embeddable":true,"href":"https:\/\/diariodepernambuco.audiencelabs.com.br\/wp-json\/wp\/v2\/tags?post=12371"}],"curies":[{"name":"wp","href":"https:\/\/api.w.org\/{rel}","templated":true}]}}