{"id":12375,"date":"2025-12-26T14:10:00","date_gmt":"2025-12-26T17:10:00","guid":{"rendered":"https:\/\/diariodepernambuco.audiencelabs.com.br\/?p=12375"},"modified":"2025-12-26T14:11:28","modified_gmt":"2025-12-26T17:11:28","slug":"governo-aprovou-e-donos-nao-podem-mais-despejar-inquilinos-sem-motivos-neste-pais","status":"publish","type":"post","link":"https:\/\/diariodepernambuco.audiencelabs.com.br\/governo-aprovou-e-donos-nao-podem-mais-despejar-inquilinos-sem-motivos-neste-pais\/","title":{"rendered":"Governo aprovou e donos n\u00e3o podem mais despejar inquilinos sem motivos neste pa\u00eds"},"content":{"rendered":"\n<p>Alugar um im\u00f3vel sempre foi motivo de inseguran\u00e7a para muita gente, especialmente quando o risco de perder a casa surge sem aviso. Em v\u00e1rios casos, bastava uma reclama\u00e7\u00e3o ou um pedido de reparo para que o inquilino come\u00e7asse a temer um despejo inesperado.<\/p>\n\n\n\n<p>Agora, uma decis\u00e3o aprovada pelo governo ingl\u00eas muda esse cen\u00e1rio e promete transformar a rela\u00e7\u00e3o entre propriet\u00e1rios e quem aluga. A nova regra traz mais previsibilidade, reduz conflitos e cria um ambiente mais est\u00e1vel para milh\u00f5es de pessoas que vivem de aluguel.<\/p>\n\n\n\n<h2 class=\"wp-block-heading\">O que muda com a nova lei aprovada pelo governo<\/h2>\n\n\n\n<p>A Inglaterra aprovou uma das maiores reformas no mercado de aluguel das \u00faltimas d\u00e9cadas. A nova legisla\u00e7\u00e3o, chamada Renters\u2019 Rights Act, entra em vigor em 1\u00ba de maio de 2026 e pro\u00edbe oficialmente os despejos sem justificativa, conhecidos como no-fault evictions ou Section 21.<\/p>\n\n\n\n<p>Com a mudan\u00e7a, propriet\u00e1rios deixam de ter o poder de retirar inquilinos do im\u00f3vel sem apresentar um motivo v\u00e1lido. Reclama\u00e7\u00f5es sobre problemas na casa, como infiltra\u00e7\u00e3o, mofo ou falta de manuten\u00e7\u00e3o, n\u00e3o poder\u00e3o mais ser usadas como pretexto para despejo. A lei passa a exigir raz\u00f5es claras e legais para qualquer pedido de desocupa\u00e7\u00e3o.<\/p>\n\n\n\n<p>A nova regra vale apenas para a Inglaterra, incluindo Londres, e deve impactar mais de 11 milh\u00f5es de pessoas que vivem em im\u00f3veis alugados no pa\u00eds. A proposta central \u00e9 trazer mais seguran\u00e7a para quem aluga e reduzir o medo de perder a moradia de forma repentina.<\/p>\n\n\n\n<h2 class=\"wp-block-heading\">Novas regras para contratos, aluguel e prote\u00e7\u00e3o aos inquilinos<\/h2>\n\n\n\n<p>Al\u00e9m do fim dos despejos sem motivo, a nova lei altera pontos importantes do dia a dia de quem aluga um im\u00f3vel. Uma das mudan\u00e7as \u00e9 o fim dos contratos com prazo fixo. N\u00e3o existir\u00e3o mais acordos fechados por 12 ou 24 meses. O modelo passa a ser de contrato cont\u00ednuo, oferecendo mais flexibilidade ao inquilino, que poder\u00e1 deixar o im\u00f3vel com apenas dois meses de aviso.<\/p>\n\n\n\n<p>As regras de reajuste tamb\u00e9m ficam mais r\u00edgidas. O valor do aluguel s\u00f3 poder\u00e1 ser aumentado uma vez por ano, evitando surpresas no meio do contrato. A pr\u00e1tica de disputas entre inquilinos, em que propriet\u00e1rios escolhiam quem pagava mais, deixa de ser permitida. Tamb\u00e9m n\u00e3o ser\u00e1 poss\u00edvel exigir mais de um m\u00eas de aluguel adiantado.<\/p>\n\n\n\n<p>A lei amplia ainda a prote\u00e7\u00e3o para fam\u00edlias, benefici\u00e1rios de aux\u00edlios e pessoas com animais de estima\u00e7\u00e3o. Propriet\u00e1rios n\u00e3o poder\u00e3o recusar inquilinos por terem filhos ou receberem benef\u00edcios. No caso dos pets, passam a existir crit\u00e9rios mais claros, reduzindo a discrimina\u00e7\u00e3o contra quem tem animais.<\/p>\n\n\n\n<p>Com essas mudan\u00e7as, o objetivo \u00e9 criar um mercado de aluguel mais justo, previs\u00edvel e equilibrado. Para quem vive de aluguel na Inglaterra, a nova legisla\u00e7\u00e3o representa mais estabilidade, mais direitos e menos inseguran\u00e7a na hora de chamar um im\u00f3vel de lar.<\/p>\n","protected":false},"excerpt":{"rendered":"<p>Alugar um im\u00f3vel sempre foi motivo de inseguran\u00e7a para muita gente, especialmente quando o risco de perder a casa surge sem aviso. Em v\u00e1rios casos, bastava uma reclama\u00e7\u00e3o ou um pedido de reparo para que o inquilino come\u00e7asse a temer um despejo inesperado. Agora, uma decis\u00e3o aprovada pelo governo ingl\u00eas muda esse cen\u00e1rio e promete [&hellip;]<\/p>\n","protected":false},"author":14,"featured_media":12378,"comment_status":"open","ping_status":"open","sticky":false,"template":"","format":"standard","meta":{"jnews-multi-image_gallery":[],"jnews_single_post":{"format":"standard"},"jnews_primary_category":[],"jnews_social_meta":[],"jnews_post_split":[],"footnotes":""},"categories":[1],"tags":[],"class_list":["post-12375","post","type-post","status-publish","format-standard","has-post-thumbnail","hentry","category-uncategorized"],"_links":{"self":[{"href":"https:\/\/diariodepernambuco.audiencelabs.com.br\/wp-json\/wp\/v2\/posts\/12375","targetHints":{"allow":["GET"]}}],"collection":[{"href":"https:\/\/diariodepernambuco.audiencelabs.com.br\/wp-json\/wp\/v2\/posts"}],"about":[{"href":"https:\/\/diariodepernambuco.audiencelabs.com.br\/wp-json\/wp\/v2\/types\/post"}],"author":[{"embeddable":true,"href":"https:\/\/diariodepernambuco.audiencelabs.com.br\/wp-json\/wp\/v2\/users\/14"}],"replies":[{"embeddable":true,"href":"https:\/\/diariodepernambuco.audiencelabs.com.br\/wp-json\/wp\/v2\/comments?post=12375"}],"version-history":[{"count":1,"href":"https:\/\/diariodepernambuco.audiencelabs.com.br\/wp-json\/wp\/v2\/posts\/12375\/revisions"}],"predecessor-version":[{"id":12379,"href":"https:\/\/diariodepernambuco.audiencelabs.com.br\/wp-json\/wp\/v2\/posts\/12375\/revisions\/12379"}],"wp:featuredmedia":[{"embeddable":true,"href":"https:\/\/diariodepernambuco.audiencelabs.com.br\/wp-json\/wp\/v2\/media\/12378"}],"wp:attachment":[{"href":"https:\/\/diariodepernambuco.audiencelabs.com.br\/wp-json\/wp\/v2\/media?parent=12375"}],"wp:term":[{"taxonomy":"category","embeddable":true,"href":"https:\/\/diariodepernambuco.audiencelabs.com.br\/wp-json\/wp\/v2\/categories?post=12375"},{"taxonomy":"post_tag","embeddable":true,"href":"https:\/\/diariodepernambuco.audiencelabs.com.br\/wp-json\/wp\/v2\/tags?post=12375"}],"curies":[{"name":"wp","href":"https:\/\/api.w.org\/{rel}","templated":true}]}}