{"id":12380,"date":"2026-01-05T05:20:00","date_gmt":"2026-01-05T08:20:00","guid":{"rendered":"https:\/\/diariodepernambuco.audiencelabs.com.br\/?p=12380"},"modified":"2025-12-26T14:40:36","modified_gmt":"2025-12-26T17:40:36","slug":"lei-da-cadeirinha-infantil-nos-carros-em-2026-multas-e-regras","status":"publish","type":"post","link":"https:\/\/diariodepernambuco.audiencelabs.com.br\/lei-da-cadeirinha-infantil-nos-carros-em-2026-multas-e-regras\/","title":{"rendered":"Lei da cadeirinha infantil nos carros em 2026: multas e regras"},"content":{"rendered":"\n<p>O transporte de crian\u00e7as em ve\u00edculos sempre exigiu aten\u00e7\u00e3o redobrada de pais e respons\u00e1veis. Al\u00e9m do cuidado di\u00e1rio, as regras de tr\u00e2nsito tamb\u00e9m t\u00eam papel fundamental para reduzir riscos e garantir mais seguran\u00e7a durante os deslocamentos, especialmente em trajetos urbanos.<\/p>\n\n\n\n<p>Em 2026, continuam valendo normas espec\u00edficas que definem como crian\u00e7as devem ser transportadas nos carros. Entender essas regras ajuda a evitar multas, pontos na carteira e, principalmente, situa\u00e7\u00f5es que colocam a vida dos pequenos em perigo.<\/p>\n\n\n\n<h2 class=\"wp-block-heading\">Quais s\u00e3o as regras da lei da cadeirinha em 2026<\/h2>\n\n\n\n<p>As regras em vigor em 2026 seguem o que foi estabelecido pela Lei 14.071\/2020, que atualizou o C\u00f3digo de Tr\u00e2nsito Brasileiro, junto com a Resolu\u00e7\u00e3o 277 do Contran. Esses dispositivos definem como deve ser feito o transporte de crian\u00e7as em ve\u00edculos de passeio.<\/p>\n\n\n\n<p>A legisla\u00e7\u00e3o determina o uso obrigat\u00f3rio do Dispositivo de Reten\u00e7\u00e3o para Crian\u00e7as, conhecido como DRC, que inclui beb\u00ea conforto, cadeirinha, assento de eleva\u00e7\u00e3o e cinto de seguran\u00e7a, conforme as caracter\u00edsticas da crian\u00e7a. A escolha do equipamento correto n\u00e3o deve levar em conta apenas a idade, mas principalmente a altura, que \u00e9 o crit\u00e9rio mais indicado para a troca do dispositivo.<\/p>\n\n\n\n<p>A norma estabelece um padr\u00e3o m\u00ednimo legal, mas especialistas em seguran\u00e7a refor\u00e7am que alguns pontos t\u00e9cnicos fazem diferen\u00e7a na prote\u00e7\u00e3o, como o modo de fixa\u00e7\u00e3o e a posi\u00e7\u00e3o da crian\u00e7a no ve\u00edculo. Sistemas mais modernos oferecem maior estabilidade e ajudam a reduzir o impacto em caso de colis\u00e3o.<\/p>\n\n\n\n<h2 class=\"wp-block-heading\">Multas, penalidades e orienta\u00e7\u00f5es de seguran\u00e7a<\/h2>\n\n\n\n<p>O descumprimento das regras da lei da cadeirinha \u00e9 considerado uma infra\u00e7\u00e3o grav\u00edssima. Em 2026, quem for flagrado transportando crian\u00e7as de forma irregular est\u00e1 sujeito \u00e0s seguintes penalidades:<\/p>\n\n\n\n<p>\u2022 Multa no valor de R$ 293,47<br>\u2022 Acr\u00e9scimo de 7 pontos na Carteira Nacional de Habilita\u00e7\u00e3o<br>\u2022 Reten\u00e7\u00e3o do ve\u00edculo at\u00e9 a regulariza\u00e7\u00e3o da situa\u00e7\u00e3o<\/p>\n\n\n\n<p>Al\u00e9m da parte legal, h\u00e1 orienta\u00e7\u00f5es t\u00e9cnicas importantes que aumentam a seguran\u00e7a das crian\u00e7as. A engenharia de seguran\u00e7a veicular aponta que equipamentos com sistema ISOFIX ou fixa\u00e7\u00e3o adequada com cinto de tr\u00eas pontos oferecem maior firmeza. Outro ponto relevante \u00e9 a prote\u00e7\u00e3o contra impactos laterais, que reduz danos em batidas desse tipo.<\/p>\n\n\n\n<p>Tamb\u00e9m \u00e9 recomendado manter a crian\u00e7a na posi\u00e7\u00e3o voltada para tr\u00e1s, conhecida como rear-facing, pelo maior tempo poss\u00edvel. Essa posi\u00e7\u00e3o distribui melhor as for\u00e7as do impacto e protege \u00e1reas sens\u00edveis do corpo, como pesco\u00e7o e cabe\u00e7a.<\/p>\n\n\n\n<p>Mesmo cumprindo a lei, optar por dispositivos mais completos e adequados \u00e0 altura da crian\u00e7a garante um n\u00edvel extra de prote\u00e7\u00e3o. Em 2026, seguir as regras n\u00e3o \u00e9 apenas uma obriga\u00e7\u00e3o legal, mas uma medida essencial para preservar vidas no tr\u00e2nsito.<\/p>\n","protected":false},"excerpt":{"rendered":"<p>O transporte de crian\u00e7as em ve\u00edculos sempre exigiu aten\u00e7\u00e3o redobrada de pais e respons\u00e1veis. Al\u00e9m do cuidado di\u00e1rio, as regras de tr\u00e2nsito tamb\u00e9m t\u00eam papel fundamental para reduzir riscos e garantir mais seguran\u00e7a durante os deslocamentos, especialmente em trajetos urbanos. Em 2026, continuam valendo normas espec\u00edficas que definem como crian\u00e7as devem ser transportadas nos carros. [&hellip;]<\/p>\n","protected":false},"author":14,"featured_media":12391,"comment_status":"open","ping_status":"open","sticky":false,"template":"","format":"standard","meta":{"jnews-multi-image_gallery":[],"jnews_single_post":{"format":"standard"},"jnews_primary_category":[],"jnews_social_meta":[],"jnews_post_split":[],"footnotes":""},"categories":[1],"tags":[],"class_list":["post-12380","post","type-post","status-publish","format-standard","has-post-thumbnail","hentry","category-uncategorized"],"_links":{"self":[{"href":"https:\/\/diariodepernambuco.audiencelabs.com.br\/wp-json\/wp\/v2\/posts\/12380","targetHints":{"allow":["GET"]}}],"collection":[{"href":"https:\/\/diariodepernambuco.audiencelabs.com.br\/wp-json\/wp\/v2\/posts"}],"about":[{"href":"https:\/\/diariodepernambuco.audiencelabs.com.br\/wp-json\/wp\/v2\/types\/post"}],"author":[{"embeddable":true,"href":"https:\/\/diariodepernambuco.audiencelabs.com.br\/wp-json\/wp\/v2\/users\/14"}],"replies":[{"embeddable":true,"href":"https:\/\/diariodepernambuco.audiencelabs.com.br\/wp-json\/wp\/v2\/comments?post=12380"}],"version-history":[{"count":1,"href":"https:\/\/diariodepernambuco.audiencelabs.com.br\/wp-json\/wp\/v2\/posts\/12380\/revisions"}],"predecessor-version":[{"id":12392,"href":"https:\/\/diariodepernambuco.audiencelabs.com.br\/wp-json\/wp\/v2\/posts\/12380\/revisions\/12392"}],"wp:featuredmedia":[{"embeddable":true,"href":"https:\/\/diariodepernambuco.audiencelabs.com.br\/wp-json\/wp\/v2\/media\/12391"}],"wp:attachment":[{"href":"https:\/\/diariodepernambuco.audiencelabs.com.br\/wp-json\/wp\/v2\/media?parent=12380"}],"wp:term":[{"taxonomy":"category","embeddable":true,"href":"https:\/\/diariodepernambuco.audiencelabs.com.br\/wp-json\/wp\/v2\/categories?post=12380"},{"taxonomy":"post_tag","embeddable":true,"href":"https:\/\/diariodepernambuco.audiencelabs.com.br\/wp-json\/wp\/v2\/tags?post=12380"}],"curies":[{"name":"wp","href":"https:\/\/api.w.org\/{rel}","templated":true}]}}