{"id":12381,"date":"2026-01-02T05:01:00","date_gmt":"2026-01-02T08:01:00","guid":{"rendered":"https:\/\/diariodepernambuco.audiencelabs.com.br\/?p=12381"},"modified":"2026-01-05T20:13:18","modified_gmt":"2026-01-05T23:13:18","slug":"goiania-construiu-estatua-da-liberdade-com-quase-40-metros","status":"publish","type":"post","link":"https:\/\/diariodepernambuco.audiencelabs.com.br\/goiania-construiu-estatua-da-liberdade-com-quase-40-metros\/","title":{"rendered":"Goi\u00e2nia construiu est\u00e1tua da liberdade com quase 40 metros"},"content":{"rendered":"\n<p>Uma nova estrutura come\u00e7ou a chamar aten\u00e7\u00e3o de quem passa por uma das regi\u00f5es mais movimentadas da capital goiana. A dimens\u00e3o da obra e o formato escolhido despertaram curiosidade nas redes sociais e entre moradores, que passaram a comentar sobre o impacto visual e o significado do monumento.<\/p>\n\n\n\n<p>A instala\u00e7\u00e3o faz parte de um projeto maior que est\u00e1 sendo finalizado na cidade e envolve um investimento de grande porte. Aos poucos, os detalhes foram sendo revelados, mostrando que n\u00e3o se trata apenas de mais uma constru\u00e7\u00e3o comercial.<\/p>\n\n\n\n<h2 class=\"wp-block-heading\">Est\u00e1tua da Liberdade gigante marca nova fase do empreendimento em Goi\u00e2nia<\/h2>\n\n\n<style>@media (min-width: 992px) {\n    .recomendadorV2Area1 {\n        width: 280px;\n    }\n    .recomendadorV2Area2 {\n        padding: 0px 20px;\n        width: calc(100% - 280px);\n    }\n}\n\n@media (max-width: 992px) {\n    .recomendadorV2Button {\n        margin: 0 auto;\n    }\n    .recomendadorV2Area {\n        flex-direction: column;\n        text-align: center;\n    }\n    .recomendadorV2Area2 {\n        padding: 0px 20px;\n    }\n}\n\n.recomendadorV2Area {\n    background: #eeeeee3d;\n    border-radius: 10px;\n    padding: 15px;\n    display: flex;\n    margin: 15px auto;\n    border: 1px solid #00000014;\n    max-width: 800px;\n}\n\n.recomendadorV2Area1 img {\n    width: 280px;\n    height: auto;\n    border-radius: 8px;\n}\n\n.linkrecomendadorv2 {\n    text-decoration: none !important;\n}\n\n.recomendadorV2Area2 .recomendadorV2Type {\n    text-transform: uppercase;\n    font-weight: 500;\n    font-size: 11px;\n    letter-spacing: 2px;\n    color: #666;\n    margin: 12px 0;\n    display: block;\n}\n\n.recomendadorV2Title h2 {\n    padding-top: 0px !important;\n    margin: 0px !important;\n    border-left: none !important;\n    padding-left: 0px !important;\n    line-height: 1.3;\n    color: #000 !important;\n    font-size: 24px;\n    margin-bottom: 12px !important;\n}\n\n.recomendadorV2Desc {\n    color: #333;\n    margin: 12px 0px !important;\n    font-size: 15px;\n    line-height: 1.5;\n}\n\n.recomendadorV2Button {\n    width: auto;\n    max-width: 200px;\n    margin: 0;\n    display: inline-flex;\n    align-items: center;\n    background: #1D3557;\n    border-radius: 8px;\n    color: #fff;\n    height: 36px;\n    justify-content: center;\n    text-align: center;\n    font-size: 14px;\n    padding: 0 20px;\n    transition: background-color 0.2s ease;\n}\n\n.recomendadorV2Button:hover {\n    background: #2a4d7a;\n}\n\n.recomendadorV2Button:after {\n    margin-top: -2px;\n    content: \"\u2192\";\n    padding: 0px 0px 0px 8px;\n}\n\n.recomendadorV2Alert {\n    text-align: left;\n    font-size: 11px;\n    margin-top: 8px;\n    color: #666;\n}\n\n.recomendadorFixedArea {\n    width: 100%;\n    display: flex;\n    justify-content: center;\n    align-items: center;\n}\n\n@media (min-width: 992px) {\n    #recomendadorFixed {\n        width: 32% !important;\n        left: 5%;\n    }\n    .recomendadorCloseFixed{\n        right: inherit !important;\n        left: 378px !important;\n    }\n}\n\n#recomendadorFixed {\n    width: 90%;\n    box-shadow: 0 10px 20px 0px #00000057;\n    display: none;\n    height: 90px;\n    background: #F6F6F6;\n    position: fixed;\n    flex-direction: row;\n    bottom: 10px;\n    z-index: 9999;\n    border-radius: 16px;\n    padding: 7px 10px;\n}\n\n.recomendadorLeftArea {\n    width: 160px;\n}\n\n.recomendadorRightArea h2 {\n    padding-top: 0px;\n    margin: 2px 0px 4px 0px !important;\n    font-weight: 400;\n    text-align: center;\n    padding-left: 0px !important;\n    color: #000 !important;\n    border-left: none !important;\n    line-height: 20px;\n    font-size: 12px !important;\n}\n\n.recomendadorImgFixed {\n    overflow: hidden;\n    padding: 8px 6px;\n    height: 100%;\n}\n\n.recomendadorImgFixed img {\n    height: 100% !important;\n    border-radius: 16px;\n}\n\n.recomendadorRightArea {\n    padding-top: 6px;\n    display: flex;\n    width: calc(100% - 130px);\n    justify-content: space-between;\n    align-items: center;\n    flex-direction: column;\n}\n\n.recomendadorButtonFixed {\n    margin: 0 auto;\n    background: #1D3557;\n    width: 80%;\n    text-align: center;\n    font-size: 10px;\n    color: #FFF;\n    padding: 2px 10px;\n    border-radius: 3px;\n}\n\n.recomendadorButtonFixed:after {\n    margin-top: -3px;\n    content: \"\u2192\";\n    padding: 0px 0px 0px 10px;\n}\n\n.recomendadorAlertFixed {\n    font-weight: 400;\n    text-align: center;\n    color: #484848;\n    font-size: 8px;\n}\n\n.recomendadorCloseFixed {\n    z-index: 99999;\n    display: none;\n    right: 0px;\n    left: inherit;\n    bottom: 99px;\n    position: fixed;\n    justify-content: center;\n    background: #F6F6F6;\n    width: 25px;\n    align-items: center;\n    height: 25px;\n    font-weight: 800;\n    border-radius: 50%;\n    border: 1px solid #EBEBEB;\n}\n\n.recomendadorV2Desc{\n    color: #000000;\n    margin: 20px 0px;\n}\n\n@media (max-width: 576px) {\n    .recomendadorV2Area {\n      padding: 10px;\n      max-width: 100%;\n    }\n  \n    .recomendadorV2Area1 img {\n      width: 100%;\n      border-radius: 6px;\n    }\n  \n    .recomendadorV2Area2 .recomendadorV2Type {\n      font-size: 9px;\n      letter-spacing: 1px;\n      margin: 8px 0;\n    }\n  \n    .recomendadorV2Title h2 {\n      font-size: 18px !important;\n      margin-bottom: 8px !important;\n      line-height: 1.2;\n    }\n  \n    .recomendadorV2Desc {\n      font-size: 14px;\n      margin: 8px 0 !important;\n      line-height: 1.4;\n    }\n  \n    .recomendadorV2Button {\n      font-size: 12px;\n      height: 30px;\n      padding: 0 12px;\n      max-width: 160px;\n    }\n  \n    .recomendadorV2Button:after {\n      padding-left: 6px;\n    }\n  }\n  <\/style>\n        <div class=\"lazyblock-recomendador-v2-2jDGz wp-block-lazyblock-recomendador-v2\">\n        <a class=\"linkrecomendadorv2\" href=\"https:\/\/diariodepernambuco.com.br\/dpmais\/cidade-brasileira-tem-chuva-todos-os-dias-e-moradores-comem-acai-com-peixe\/?utm_source=lazy\" target=\"_blank\" rel=\"noopener\">\n            <div class=\"recomendadorV2Area\">\n            <div class=\"recomendadorV2Area1\">\n                <div class=\"recomendadorV2Img\">\n                <img class=\"lazyloaded\" decoding=\"async\" src=\"https:\/\/diariodepernambuco.com.br\/dpmais\/wp-content\/uploads\/2026\/01\/belem-pa-1140x570.jpg\" data-src=\"https:\/\/diariodepernambuco.com.br\/dpmais\/wp-content\/uploads\/2026\/01\/belem-pa-1140x570.jpg\" alt=\"\">\n                <\/div>\n            <\/div>\n            <div class=\"recomendadorV2Area2\">\n                <div class=\"recomendadorV2Type\">\n                    <span>Curiosidade local<\/span>\n                <\/div>\n                <div class=\"recomendadorV2Title\">\n                <h2><span>Chuva todo dia \ud83c\udf27\ufe0f<\/span><\/h2>\n                <\/div>\n                <div class=\"recomendadorV2Desc\">\n                <span>Cidade come a\u00e7a\u00ed com peixe no dia a dia<\/span>\n                <\/div>\n                <div class=\"recomendadorV2Button\">Conhe\u00e7a a cidade<\/div>\n                <div class=\"recomendadorV2Alert\"><\/div>\n            <\/div>\n            <\/div>\n        <\/a>\n        <div>\n            <div style=\"z-index:99999;\" id=\"buttonClose\" onclick=\"closeRecomendadorFixed()\">\n            <div class=\"recomendadorCloseFixed\">X<\/div>\n            <\/div>\n            <a href=\"https:\/\/diariodepernambuco.com.br\/dpmais\/cidade-brasileira-tem-chuva-todos-os-dias-e-moradores-comem-acai-com-peixe\/?utm_source=lazy\" target=\"_blank\" rel=\"noopener\">\n            <div class=\"recomendadorFixedArea\">\n                <div id=\"recomendadorFixed\">\n                <div class=\"recomendadorLeftArea\">\n                    <div class=\"recomendadorImgFixed\">\n                    <img class=\"lazyload\" decoding=\"async\" src=\"https:\/\/diariodepernambuco.com.br\/dpmais\/wp-content\/uploads\/2026\/01\/belem-pa-1140x570.jpg\" alt=\"\">\n                    <\/div>\n                <\/div>\n                <div class=\"recomendadorRightArea\">\n                    <div class=\"recomendadorTitleFixed\">\n                    <h2><span>Chuva todo dia \ud83c\udf27\ufe0f<\/span><\/h2>\n                    <\/div>\n                    <div class=\"recomendadorButtonFixed\">Conhe\u00e7a a cidade<\/div>\n                    <div class=\"recomendadorAlertFixed\"><\/div>\n                <\/div>\n                <\/div>\n            <\/div>\n            <\/a>\n        <\/div>\n        <\/div>\n\n\n\n<p>Goi\u00e2nia passou a abrigar uma r\u00e9plica da Est\u00e1tua da Liberdade com quase 40 metros de altura. A estrutura foi instalada como parte da nova megaloja da Havan na capital e j\u00e1 est\u00e1 posicionada sobre um pilar em uma \u00e1rea estrat\u00e9gica da cidade.<\/p>\n\n\n\n<p>A montagem foi conclu\u00edda poucas semanas antes da inaugura\u00e7\u00e3o da loja e marca mais uma etapa do projeto. A est\u00e1tua segue o padr\u00e3o adotado pela rede varejista em outras cidades do pa\u00eds e se tornou um dos principais s\u00edmbolos visuais da unidade.<\/p>\n\n\n\n<p>O empreendimento est\u00e1 localizado entre a Avenida Goi\u00e1s Norte e a Perimetral Norte, em frente ao Shopping Passeio das \u00c1guas. O investimento total gira em torno de R$ 100 milh\u00f5es e envolve um terreno de aproximadamente 30 mil metros quadrados, com 10 mil metros quadrados de \u00e1rea constru\u00edda.<\/p>\n\n\n\n<p>A inaugura\u00e7\u00e3o da megaloja est\u00e1 marcada para o dia 31 de janeiro de 2026, com abertura ao p\u00fablico a partir das 10h. A expectativa \u00e9 que a estrutura se torne um novo ponto de refer\u00eancia urbano na regi\u00e3o norte da capital.<\/p>\n\n\n\n<h2 class=\"wp-block-heading\">Megaloja promete impacto econ\u00f4mico e grande oferta de produtos<\/h2>\n\n\n\n<p>Al\u00e9m da est\u00e1tua de grandes propor\u00e7\u00f5es, o projeto inclui uma loja com amplo espa\u00e7o interno e infraestrutura voltada para receber um grande fluxo de clientes. O padr\u00e3o arquitet\u00f4nico segue o modelo j\u00e1 conhecido da rede, inspirado em constru\u00e7\u00f5es cl\u00e1ssicas e com ambiente totalmente climatizado.<\/p>\n\n\n\n<p>A unidade contar\u00e1 com mais de 350 mil produtos dispon\u00edveis para venda, setores de roupas, eletrodom\u00e9sticos, eletr\u00f4nicos e utilidades dom\u00e9sticas, al\u00e9m de itens de cama, mesa e banho, brinquedos e ferramentas, pra\u00e7a de alimenta\u00e7\u00e3o integrada e estacionamento gratuito para os clientes.<\/p>\n\n\n\n<p>A chegada da megaloja deve gerar empregos diretos e indiretos em \u00e1reas como atendimento, log\u00edstica, seguran\u00e7a e administra\u00e7\u00e3o. A expectativa \u00e9 que o empreendimento atraia consumidores de Goi\u00e2nia, da Regi\u00e3o Metropolitana e de cidades vizinhas, fortalecendo o com\u00e9rcio local.<\/p>\n","protected":false},"excerpt":{"rendered":"<p>Uma nova estrutura come\u00e7ou a chamar aten\u00e7\u00e3o de quem passa por uma das regi\u00f5es mais movimentadas da capital goiana. A dimens\u00e3o da obra e o formato escolhido despertaram curiosidade nas redes sociais e entre moradores, que passaram a comentar sobre o impacto visual e o significado do monumento. A instala\u00e7\u00e3o faz parte de um projeto [&hellip;]<\/p>\n","protected":false},"author":14,"featured_media":12386,"comment_status":"open","ping_status":"open","sticky":false,"template":"","format":"standard","meta":{"jnews-multi-image_gallery":[],"jnews_single_post":{"format":"standard"},"jnews_primary_category":[],"jnews_social_meta":[],"jnews_post_split":[],"footnotes":""},"categories":[1],"tags":[],"class_list":["post-12381","post","type-post","status-publish","format-standard","has-post-thumbnail","hentry","category-uncategorized"],"_links":{"self":[{"href":"https:\/\/diariodepernambuco.audiencelabs.com.br\/wp-json\/wp\/v2\/posts\/12381","targetHints":{"allow":["GET"]}}],"collection":[{"href":"https:\/\/diariodepernambuco.audiencelabs.com.br\/wp-json\/wp\/v2\/posts"}],"about":[{"href":"https:\/\/diariodepernambuco.audiencelabs.com.br\/wp-json\/wp\/v2\/types\/post"}],"author":[{"embeddable":true,"href":"https:\/\/diariodepernambuco.audiencelabs.com.br\/wp-json\/wp\/v2\/users\/14"}],"replies":[{"embeddable":true,"href":"https:\/\/diariodepernambuco.audiencelabs.com.br\/wp-json\/wp\/v2\/comments?post=12381"}],"version-history":[{"count":2,"href":"https:\/\/diariodepernambuco.audiencelabs.com.br\/wp-json\/wp\/v2\/posts\/12381\/revisions"}],"predecessor-version":[{"id":12678,"href":"https:\/\/diariodepernambuco.audiencelabs.com.br\/wp-json\/wp\/v2\/posts\/12381\/revisions\/12678"}],"wp:featuredmedia":[{"embeddable":true,"href":"https:\/\/diariodepernambuco.audiencelabs.com.br\/wp-json\/wp\/v2\/media\/12386"}],"wp:attachment":[{"href":"https:\/\/diariodepernambuco.audiencelabs.com.br\/wp-json\/wp\/v2\/media?parent=12381"}],"wp:term":[{"taxonomy":"category","embeddable":true,"href":"https:\/\/diariodepernambuco.audiencelabs.com.br\/wp-json\/wp\/v2\/categories?post=12381"},{"taxonomy":"post_tag","embeddable":true,"href":"https:\/\/diariodepernambuco.audiencelabs.com.br\/wp-json\/wp\/v2\/tags?post=12381"}],"curies":[{"name":"wp","href":"https:\/\/api.w.org\/{rel}","templated":true}]}}