{"id":12402,"date":"2025-12-27T15:15:00","date_gmt":"2025-12-27T18:15:00","guid":{"rendered":"https:\/\/diariodepernambuco.audiencelabs.com.br\/?p=12402"},"modified":"2025-12-27T15:32:09","modified_gmt":"2025-12-27T18:32:09","slug":"cidade-brasileira-que-quase-ninguem-conhece-tem-menos-habitantes-que-um-bairro-de-sao-paulo","status":"publish","type":"post","link":"https:\/\/diariodepernambuco.audiencelabs.com.br\/cidade-brasileira-que-quase-ninguem-conhece-tem-menos-habitantes-que-um-bairro-de-sao-paulo\/","title":{"rendered":"Cidade brasileira que quase ningu\u00e9m conhece tem menos habitantes que um bairro de S\u00e3o Paulo"},"content":{"rendered":"\n<p>O Brasil \u00e9 conhecido por ter grandes cidades, regi\u00f5es metropolitanas cheias de pr\u00e9dios e milh\u00f5es de moradores circulando todos os dias. Ainda assim, o pa\u00eds tamb\u00e9m guarda realidades bem diferentes, com munic\u00edpios pequenos, silenciosos e fora do radar da maioria da popula\u00e7\u00e3o.<\/p>\n\n\n\n<p>Em meio a tantos centros urbanos movimentados, existe uma cidade brasileira que chama aten\u00e7\u00e3o justamente pelo oposto. Ela tem t\u00e3o poucos moradores que sua popula\u00e7\u00e3o \u00e9 menor do que a de muitos bairros da capital paulista, despertando curiosidade sobre como funciona o dia a dia em um lugar assim.<\/p>\n\n\n\n<h2 class=\"wp-block-heading\">A cidade brasileira com menos moradores do pa\u00eds<\/h2>\n\n\n\n<p>A cidade menos populosa do Brasil \u00e9 Serra da Saudade, localizada no interior de Minas Gerais. Dados do Censo de 2022 do IBGE apontaram que o munic\u00edpio tinha 833 habitantes. J\u00e1 em levantamentos mais recentes, feitos em 2024, esse n\u00famero caiu levemente para cerca de 831 moradores, resultado de mais \u00f3bitos do que nascimentos.<\/p>\n\n\n\n<p>Esse total \u00e9 inferior \u00e0 popula\u00e7\u00e3o de muitos bairros de S\u00e3o Paulo, onde algumas regi\u00f5es concentram dezenas de milhares de pessoas em poucos quil\u00f4metros quadrados. Serra da Saudade ocupa essa posi\u00e7\u00e3o de menor munic\u00edpio do pa\u00eds h\u00e1 mais de dez anos, depois de ultrapassar Bor\u00e1, no estado de S\u00e3o Paulo, que antes liderava esse ranking.<\/p>\n\n\n\n<p>O munic\u00edpio est\u00e1 situado na regi\u00e3o Centro-Oeste de Minas Gerais, a aproximadamente 280 quil\u00f4metros da capital Belo Horizonte. Apesar do tamanho reduzido, a cidade mant\u00e9m sua estrutura administrativa completa, com prefeito, vereadores e funcionamento regular do poder p\u00fablico local.<\/p>\n\n\n\n<h2 class=\"wp-block-heading\">Como \u00e9 viver em uma cidade t\u00e3o pequena<\/h2>\n\n\n\n<p>A rotina em Serra da Saudade \u00e9 marcada por tranquilidade e forte conviv\u00eancia entre os moradores. Por ser uma cidade onde praticamente todos se conhecem, a sensa\u00e7\u00e3o de seguran\u00e7a \u00e9 um dos pontos mais citados por quem vive ali. H\u00e1 relatos de que portas e janelas costumam ficar abertas durante o dia, j\u00e1 que os \u00edndices de criminalidade s\u00e3o muito baixos.<\/p>\n\n\n\n<p>Algumas caracter\u00edsticas ajudam a entender o perfil do munic\u00edpio:<\/p>\n\n\n\n<ul class=\"wp-block-list\">\n<li>Ambiente calmo e sem registro recente de viol\u00eancia grave<\/li>\n\n\n\n<li>\u00daltimo homic\u00eddio registrado ocorreu h\u00e1 cerca de 60 anos<\/li>\n\n\n\n<li>Rela\u00e7\u00f5es pr\u00f3ximas entre os moradores, com forte senso de comunidade<\/li>\n<\/ul>\n\n\n\n<p>Em termos de infraestrutura, a cidade conta com servi\u00e7os b\u00e1sicos, como posto de sa\u00fade e administra\u00e7\u00e3o p\u00fablica, mas n\u00e3o possui farm\u00e1cia nem posto de combust\u00edvel. Para algumas necessidades, os moradores precisam se deslocar para cidades vizinhas.<\/p>\n\n\n\n<p>O encolhimento populacional est\u00e1 ligado a fatores hist\u00f3ricos. O fim da estrada de ferro que passava pela regi\u00e3o e a constru\u00e7\u00e3o da rodovia BR-262, que desviou o fluxo de pessoas e mercadorias, reduziram o movimento local. Com menos oportunidades econ\u00f4micas, muitos moradores acabaram deixando a cidade ao longo dos anos.<\/p>\n","protected":false},"excerpt":{"rendered":"<p>O Brasil \u00e9 conhecido por ter grandes cidades, regi\u00f5es metropolitanas cheias de pr\u00e9dios e milh\u00f5es de moradores circulando todos os dias. Ainda assim, o pa\u00eds tamb\u00e9m guarda realidades bem diferentes, com munic\u00edpios pequenos, silenciosos e fora do radar da maioria da popula\u00e7\u00e3o. Em meio a tantos centros urbanos movimentados, existe uma cidade brasileira que chama [&hellip;]<\/p>\n","protected":false},"author":14,"featured_media":12406,"comment_status":"open","ping_status":"open","sticky":false,"template":"","format":"standard","meta":{"jnews-multi-image_gallery":[],"jnews_single_post":{"format":"standard"},"jnews_primary_category":[],"jnews_social_meta":[],"jnews_post_split":[],"footnotes":""},"categories":[1],"tags":[],"class_list":["post-12402","post","type-post","status-publish","format-standard","has-post-thumbnail","hentry","category-uncategorized"],"_links":{"self":[{"href":"https:\/\/diariodepernambuco.audiencelabs.com.br\/wp-json\/wp\/v2\/posts\/12402","targetHints":{"allow":["GET"]}}],"collection":[{"href":"https:\/\/diariodepernambuco.audiencelabs.com.br\/wp-json\/wp\/v2\/posts"}],"about":[{"href":"https:\/\/diariodepernambuco.audiencelabs.com.br\/wp-json\/wp\/v2\/types\/post"}],"author":[{"embeddable":true,"href":"https:\/\/diariodepernambuco.audiencelabs.com.br\/wp-json\/wp\/v2\/users\/14"}],"replies":[{"embeddable":true,"href":"https:\/\/diariodepernambuco.audiencelabs.com.br\/wp-json\/wp\/v2\/comments?post=12402"}],"version-history":[{"count":1,"href":"https:\/\/diariodepernambuco.audiencelabs.com.br\/wp-json\/wp\/v2\/posts\/12402\/revisions"}],"predecessor-version":[{"id":12407,"href":"https:\/\/diariodepernambuco.audiencelabs.com.br\/wp-json\/wp\/v2\/posts\/12402\/revisions\/12407"}],"wp:featuredmedia":[{"embeddable":true,"href":"https:\/\/diariodepernambuco.audiencelabs.com.br\/wp-json\/wp\/v2\/media\/12406"}],"wp:attachment":[{"href":"https:\/\/diariodepernambuco.audiencelabs.com.br\/wp-json\/wp\/v2\/media?parent=12402"}],"wp:term":[{"taxonomy":"category","embeddable":true,"href":"https:\/\/diariodepernambuco.audiencelabs.com.br\/wp-json\/wp\/v2\/categories?post=12402"},{"taxonomy":"post_tag","embeddable":true,"href":"https:\/\/diariodepernambuco.audiencelabs.com.br\/wp-json\/wp\/v2\/tags?post=12402"}],"curies":[{"name":"wp","href":"https:\/\/api.w.org\/{rel}","templated":true}]}}