{"id":12403,"date":"2025-12-27T14:45:00","date_gmt":"2025-12-27T17:45:00","guid":{"rendered":"https:\/\/diariodepernambuco.audiencelabs.com.br\/?p=12403"},"modified":"2025-12-27T15:30:30","modified_gmt":"2025-12-27T18:30:30","slug":"governo-bate-o-martelo-e-encerra-pagamento-do-bolsa-familia-em-2025","status":"publish","type":"post","link":"https:\/\/diariodepernambuco.audiencelabs.com.br\/governo-bate-o-martelo-e-encerra-pagamento-do-bolsa-familia-em-2025\/","title":{"rendered":"Governo bate o martelo e encerra pagamento do Bolsa Fam\u00edlia em 2025"},"content":{"rendered":"\n<p>O fim do ano costuma trazer aten\u00e7\u00e3o redobrada para quem depende de programas sociais para organizar o or\u00e7amento familiar. Datas de pagamento, valores e poss\u00edveis mudan\u00e7as sempre geram expectativa, especialmente em per\u00edodos pr\u00f3ximos \u00e0s festas e ao in\u00edcio de um novo ano.<\/p>\n\n\n\n<p>Nos \u00faltimos dias, uma defini\u00e7\u00e3o oficial colocou um ponto final em um ciclo importante do principal programa de transfer\u00eancia de renda do pa\u00eds. A decis\u00e3o afeta milh\u00f5es de fam\u00edlias e marca o encerramento de uma etapa antes da retomada dos repasses no pr\u00f3ximo ano.<\/p>\n\n\n\n<h2 class=\"wp-block-heading\">Pagamentos do Bolsa Fam\u00edlia em 2025 chegam ao fim<\/h2>\n\n\n\n<p>O governo federal confirmou o encerramento dos pagamentos do Bolsa Fam\u00edlia referentes a 2025. A Caixa Econ\u00f4mica Federal concluiu o repasse da \u00faltima parcela no dia 23 de dezembro, finalizando o calend\u00e1rio do ano. Com isso, os dep\u00f3sitos voltam a ser realizados somente a partir de janeiro de 2026.<\/p>\n\n\n\n<p>Os benefici\u00e1rios com N\u00famero de Inscri\u00e7\u00e3o Social terminado em 0 foram os \u00faltimos a receber. Ao longo do ano, o programa atendeu cerca de 18,7 milh\u00f5es de fam\u00edlias em todo o Brasil. Em dezembro, os pagamentos foram antecipados e come\u00e7aram no dia 10, com o objetivo de garantir que os valores estivessem dispon\u00edveis antes do Natal.<\/p>\n\n\n\n<p>Em algumas situa\u00e7\u00f5es espec\u00edficas, o repasse ocorreu de forma unificada. Cidades atingidas por eventos extremos, como enchentes e outras calamidades, tiveram o benef\u00edcio liberado no primeiro dia do calend\u00e1rio. A medida alcan\u00e7ou 179 munic\u00edpios, incluindo regi\u00f5es do Rio Grande do Norte e do Paran\u00e1, al\u00e9m de comunidades ind\u00edgenas e \u00e1reas com maior vulnerabilidade social.<\/p>\n\n\n\n<h2 class=\"wp-block-heading\">Valores do benef\u00edcio e regras que continuam valendo<\/h2>\n\n\n\n<p>O Bolsa Fam\u00edlia passou por ajustes recentes que seguem em vigor. Com a Lei 14.601\/2023, deixou de existir o desconto do Seguro Defeso, garantindo o pagamento integral do benef\u00edcio \u00e0s fam\u00edlias que se enquadram nos crit\u00e9rios.<\/p>\n\n\n\n<p>O valor m\u00ednimo mensal continua sendo de R$ 600, mas o total recebido pode ser maior devido aos adicionais previstos no programa. Em dezembro de 2025, o valor m\u00e9dio pago \u00e0s fam\u00edlias foi de R$ 691,37, considerando os complementos.<\/p>\n\n\n\n<p>Os adicionais incluem:<\/p>\n\n\n\n<ul class=\"wp-block-list\">\n<li>R$ 150 por crian\u00e7a de at\u00e9 seis anos<\/li>\n\n\n\n<li>R$ 50 para cada filho entre sete e 18 anos<\/li>\n\n\n\n<li>R$ 50 para gestantes e m\u00e3es que est\u00e3o amamentando<\/li>\n<\/ul>\n\n\n\n<p>Outro ponto importante \u00e9 a regra de prote\u00e7\u00e3o, que atende mais de 2,3 milh\u00f5es de fam\u00edlias. Esse mecanismo permite que quem teve aumento de renda continue recebendo 50% do valor do benef\u00edcio por at\u00e9 um ano. A regra vale para fam\u00edlias que ultrapassam o limite de R$ 218 por pessoa, desde que a renda n\u00e3o supere R$ 706 per capita.<\/p>\n\n\n\n<p>Mesmo com o encerramento dos pagamentos em 2025, o programa segue ativo. O calend\u00e1rio ser\u00e1 retomado normalmente em janeiro de 2026, mantendo as regras atuais e os crit\u00e9rios de prote\u00e7\u00e3o para as fam\u00edlias em situa\u00e7\u00e3o de vulnerabilidade.<\/p>\n\n\n\n<h2 class=\"wp-block-heading\">Calend\u00e1rio de pagamentos do m\u00eas de janeiro<\/h2>\n\n\n\n<p>O pagamento do Bolsa Fam\u00edlia em janeiro de 2026 j\u00e1 tem datas definidas. Os repasses seguem o n\u00famero final do NIS, como acontece todos os meses, para organizar o atendimento e evitar filas nos bancos. Os valores come\u00e7am a ser liberados a partir do dia 19 e seguem at\u00e9 o fim do m\u00eas. Segue abaixo as datas e os NIS:<\/p>\n\n\n\n<ul class=\"wp-block-list\">\n<li>Final 1: 19\/01<\/li>\n\n\n\n<li>Final 2: 20\/01<\/li>\n\n\n\n<li>Final 3: 21\/01<\/li>\n\n\n\n<li>Final 4: 22\/01<\/li>\n\n\n\n<li>Final 5: 23\/01<\/li>\n\n\n\n<li>Final 6: 26\/01<\/li>\n\n\n\n<li>Final 7: 27\/01<\/li>\n\n\n\n<li>Final 8: 28\/01<\/li>\n\n\n\n<li>Final 9: 29\/01<\/li>\n\n\n\n<li>Final 0: 30\/01<\/li>\n<\/ul>\n","protected":false},"excerpt":{"rendered":"<p>O fim do ano costuma trazer aten\u00e7\u00e3o redobrada para quem depende de programas sociais para organizar o or\u00e7amento familiar. Datas de pagamento, valores e poss\u00edveis mudan\u00e7as sempre geram expectativa, especialmente em per\u00edodos pr\u00f3ximos \u00e0s festas e ao in\u00edcio de um novo ano. Nos \u00faltimos dias, uma defini\u00e7\u00e3o oficial colocou um ponto final em um ciclo [&hellip;]<\/p>\n","protected":false},"author":14,"featured_media":12404,"comment_status":"open","ping_status":"open","sticky":false,"template":"","format":"standard","meta":{"jnews-multi-image_gallery":[],"jnews_single_post":{"format":"standard"},"jnews_primary_category":[],"jnews_social_meta":[],"jnews_post_split":[],"footnotes":""},"categories":[1],"tags":[],"class_list":["post-12403","post","type-post","status-publish","format-standard","has-post-thumbnail","hentry","category-uncategorized"],"_links":{"self":[{"href":"https:\/\/diariodepernambuco.audiencelabs.com.br\/wp-json\/wp\/v2\/posts\/12403","targetHints":{"allow":["GET"]}}],"collection":[{"href":"https:\/\/diariodepernambuco.audiencelabs.com.br\/wp-json\/wp\/v2\/posts"}],"about":[{"href":"https:\/\/diariodepernambuco.audiencelabs.com.br\/wp-json\/wp\/v2\/types\/post"}],"author":[{"embeddable":true,"href":"https:\/\/diariodepernambuco.audiencelabs.com.br\/wp-json\/wp\/v2\/users\/14"}],"replies":[{"embeddable":true,"href":"https:\/\/diariodepernambuco.audiencelabs.com.br\/wp-json\/wp\/v2\/comments?post=12403"}],"version-history":[{"count":1,"href":"https:\/\/diariodepernambuco.audiencelabs.com.br\/wp-json\/wp\/v2\/posts\/12403\/revisions"}],"predecessor-version":[{"id":12405,"href":"https:\/\/diariodepernambuco.audiencelabs.com.br\/wp-json\/wp\/v2\/posts\/12403\/revisions\/12405"}],"wp:featuredmedia":[{"embeddable":true,"href":"https:\/\/diariodepernambuco.audiencelabs.com.br\/wp-json\/wp\/v2\/media\/12404"}],"wp:attachment":[{"href":"https:\/\/diariodepernambuco.audiencelabs.com.br\/wp-json\/wp\/v2\/media?parent=12403"}],"wp:term":[{"taxonomy":"category","embeddable":true,"href":"https:\/\/diariodepernambuco.audiencelabs.com.br\/wp-json\/wp\/v2\/categories?post=12403"},{"taxonomy":"post_tag","embeddable":true,"href":"https:\/\/diariodepernambuco.audiencelabs.com.br\/wp-json\/wp\/v2\/tags?post=12403"}],"curies":[{"name":"wp","href":"https:\/\/api.w.org\/{rel}","templated":true}]}}