{"id":12413,"date":"2025-12-27T16:32:00","date_gmt":"2025-12-27T19:32:00","guid":{"rendered":"https:\/\/diariodepernambuco.audiencelabs.com.br\/?p=12413"},"modified":"2025-12-27T16:25:26","modified_gmt":"2025-12-27T19:25:26","slug":"maior-estatua-do-brasil-pode-comecar-a-ser-construida-e-vai-ter-94-metros-de-altura","status":"publish","type":"post","link":"https:\/\/diariodepernambuco.audiencelabs.com.br\/maior-estatua-do-brasil-pode-comecar-a-ser-construida-e-vai-ter-94-metros-de-altura\/","title":{"rendered":"Maior est\u00e1tua do Brasil pode come\u00e7ar a ser constru\u00edda e vai ter 94 metros de altura"},"content":{"rendered":"\n<p>Uma cidade do interior do Cear\u00e1 passou a chamar a aten\u00e7\u00e3o ap\u00f3s a divulga\u00e7\u00e3o de um projeto que promete mudar a paisagem local e gerar debate em todo o pa\u00eds. A proposta envolve uma obra de grandes propor\u00e7\u00f5es, com potencial para reposicionar o munic\u00edpio no mapa tur\u00edstico nacional.<\/p>\n\n\n\n<p>A ideia foi apresentada de forma p\u00fablica e rapidamente ganhou repercuss\u00e3o, levantando questionamentos sobre impacto urbano, custos e prioridades da gest\u00e3o. Apesar do destaque, o projeto ainda est\u00e1 em fase inicial e cercado por expectativas, sem que todos os detalhes tenham sido oficialmente apresentados.<\/p>\n\n\n\n<h2 class=\"wp-block-heading\">Projeto prev\u00ea est\u00e1tua de 94 metros e pode se tornar a maior do pa\u00eds<\/h2>\n\n\n\n<p>O prefeito de Sobral, Oscar Rodrigues, anunciou a inten\u00e7\u00e3o de construir no munic\u00edpio uma r\u00e9plica da Est\u00e1tua da Liberdade com 94 metros de altura. Caso o plano avance, o monumento superaria o Cristo Redentor em dimens\u00e3o, tornando-se a maior est\u00e1tua do Brasil.<\/p>\n\n\n\n<p>A declara\u00e7\u00e3o foi feita durante entrevista \u00e0 R\u00e1dio FM Para\u00edso, emissora da qual o pr\u00f3prio prefeito \u00e9 propriet\u00e1rio. Segundo ele, a obra simbolizaria um novo momento para a cidade e ajudaria a ampliar a visibilidade de Sobral fora do Cear\u00e1. A proposta foi apresentada como uma iniciativa capaz de fortalecer o turismo e atrair visitantes de diferentes regi\u00f5es do pa\u00eds.<\/p>\n\n\n\n<p>De acordo com o prefeito, o projeto ainda passa por fase de or\u00e7amento e planejamento. A previs\u00e3o inicial \u00e9 que as obras possam come\u00e7ar em 2026, com dura\u00e7\u00e3o estimada entre um e dois anos. O prazo depender\u00e1 do modelo de financiamento que venha a ser definido pela administra\u00e7\u00e3o municipal.<\/p>\n\n\n\n<h2 class=\"wp-block-heading\">Expectativas, impacto tur\u00edstico e falta de informa\u00e7\u00f5es t\u00e9cnicas<\/h2>\n\n\n\n<p>A gest\u00e3o municipal aposta no monumento como um marco simb\u00f3lico e econ\u00f4mico, destacando seu potencial para movimentar o com\u00e9rcio, o setor de servi\u00e7os e a rede hoteleira. O discurso oficial aponta que a est\u00e1tua colocaria Sobral em evid\u00eancia no cen\u00e1rio nacional, refor\u00e7ando a imagem da cidade como destino tur\u00edstico.<\/p>\n\n\n\n<p>Por outro lado, o an\u00fancio ainda carece de informa\u00e7\u00f5es consideradas essenciais. At\u00e9 o momento, n\u00e3o foram divulgados dados sobre o custo total da obra, as fontes de recursos, o local exato da constru\u00e7\u00e3o ou poss\u00edveis impactos na infraestrutura urbana. Tamb\u00e9m n\u00e3o h\u00e1 informa\u00e7\u00f5es p\u00fablicas sobre licenciamento ambiental ou estudos que comprovem a viabilidade econ\u00f4mica do projeto.<\/p>\n\n\n\n<p>A aus\u00eancia desses detalhes tem gerado questionamentos e ampliado o debate pol\u00edtico em torno da proposta. Enquanto parte da popula\u00e7\u00e3o v\u00ea a iniciativa como uma oportunidade de proje\u00e7\u00e3o e desenvolvimento, outra parcela aguarda mais clareza sobre os n\u00fameros, os prazos e os efeitos reais que uma obra desse porte pode trazer para a cidade.<\/p>\n","protected":false},"excerpt":{"rendered":"<p>Uma cidade do interior do Cear\u00e1 passou a chamar a aten\u00e7\u00e3o ap\u00f3s a divulga\u00e7\u00e3o de um projeto que promete mudar a paisagem local e gerar debate em todo o pa\u00eds. A proposta envolve uma obra de grandes propor\u00e7\u00f5es, com potencial para reposicionar o munic\u00edpio no mapa tur\u00edstico nacional. A ideia foi apresentada de forma p\u00fablica [&hellip;]<\/p>\n","protected":false},"author":14,"featured_media":12414,"comment_status":"open","ping_status":"open","sticky":false,"template":"","format":"standard","meta":{"jnews-multi-image_gallery":[],"jnews_single_post":{"format":"standard"},"jnews_primary_category":[],"jnews_social_meta":[],"jnews_post_split":[],"footnotes":""},"categories":[1],"tags":[],"class_list":["post-12413","post","type-post","status-publish","format-standard","has-post-thumbnail","hentry","category-uncategorized"],"_links":{"self":[{"href":"https:\/\/diariodepernambuco.audiencelabs.com.br\/wp-json\/wp\/v2\/posts\/12413","targetHints":{"allow":["GET"]}}],"collection":[{"href":"https:\/\/diariodepernambuco.audiencelabs.com.br\/wp-json\/wp\/v2\/posts"}],"about":[{"href":"https:\/\/diariodepernambuco.audiencelabs.com.br\/wp-json\/wp\/v2\/types\/post"}],"author":[{"embeddable":true,"href":"https:\/\/diariodepernambuco.audiencelabs.com.br\/wp-json\/wp\/v2\/users\/14"}],"replies":[{"embeddable":true,"href":"https:\/\/diariodepernambuco.audiencelabs.com.br\/wp-json\/wp\/v2\/comments?post=12413"}],"version-history":[{"count":1,"href":"https:\/\/diariodepernambuco.audiencelabs.com.br\/wp-json\/wp\/v2\/posts\/12413\/revisions"}],"predecessor-version":[{"id":12415,"href":"https:\/\/diariodepernambuco.audiencelabs.com.br\/wp-json\/wp\/v2\/posts\/12413\/revisions\/12415"}],"wp:featuredmedia":[{"embeddable":true,"href":"https:\/\/diariodepernambuco.audiencelabs.com.br\/wp-json\/wp\/v2\/media\/12414"}],"wp:attachment":[{"href":"https:\/\/diariodepernambuco.audiencelabs.com.br\/wp-json\/wp\/v2\/media?parent=12413"}],"wp:term":[{"taxonomy":"category","embeddable":true,"href":"https:\/\/diariodepernambuco.audiencelabs.com.br\/wp-json\/wp\/v2\/categories?post=12413"},{"taxonomy":"post_tag","embeddable":true,"href":"https:\/\/diariodepernambuco.audiencelabs.com.br\/wp-json\/wp\/v2\/tags?post=12413"}],"curies":[{"name":"wp","href":"https:\/\/api.w.org\/{rel}","templated":true}]}}