{"id":12416,"date":"2026-01-03T03:14:00","date_gmt":"2026-01-03T06:14:00","guid":{"rendered":"https:\/\/diariodepernambuco.audiencelabs.com.br\/?p=12416"},"modified":"2025-12-27T16:16:04","modified_gmt":"2025-12-27T19:16:04","slug":"anvisa-proibiu-venda-de-marca-de-cafe-popular-no-brasil","status":"publish","type":"post","link":"https:\/\/diariodepernambuco.audiencelabs.com.br\/anvisa-proibiu-venda-de-marca-de-cafe-popular-no-brasil\/","title":{"rendered":"Anvisa proibiu venda de marca de caf\u00e9 popular no Brasil"},"content":{"rendered":"\n<p>O caf\u00e9 faz parte do dia a dia de milh\u00f5es de brasileiros e est\u00e1 presente em praticamente todos os lares do pa\u00eds. Por isso, qualquer alerta envolvendo a qualidade desse produto costuma chamar a aten\u00e7\u00e3o, principalmente quando envolve marcas conhecidas e amplamente consumidas.<\/p>\n\n\n\n<p>Em meio a um mercado diverso e competitivo, a atua\u00e7\u00e3o dos \u00f3rg\u00e3os de fiscaliza\u00e7\u00e3o \u00e9 fundamental para garantir que o que chega \u00e0 mesa do consumidor esteja dentro das normas. Em 2023, uma decis\u00e3o oficial reacendeu o debate sobre seguran\u00e7a alimentar e levantou d\u00favidas sobre como funcionam essas proibi\u00e7\u00f5es.<\/p>\n\n\n\n<h2 class=\"wp-block-heading\">Anvisa suspendeu marca popular de caf\u00e9 ap\u00f3s identificar irregularidades<\/h2>\n\n\n\n<p>Em dezembro de 2023, a Ag\u00eancia Nacional de Vigil\u00e2ncia Sanit\u00e1ria determinou a proibi\u00e7\u00e3o da venda de produtos da marca Caf\u00e9 Blends do Brasil, conhecida pela sigla CBD. A medida foi tomada ap\u00f3s a identifica\u00e7\u00e3o de ingredientes n\u00e3o autorizados em alguns produtos, al\u00e9m do uso de alega\u00e7\u00f5es terap\u00eauticas consideradas irregulares para um alimento comum como o caf\u00e9.<\/p>\n\n\n\n<p>Entre as subst\u00e2ncias encontradas estavam itens como mulungu, terpenos e maca peruana, que n\u00e3o t\u00eam autoriza\u00e7\u00e3o para uso nesse tipo de produto. A presen\u00e7a desses componentes, somada \u00e0 forma como os caf\u00e9s eram divulgados, levou a Anvisa a concluir que havia risco \u00e0 sa\u00fade do consumidor.<\/p>\n\n\n\n<p>A decis\u00e3o resultou na suspens\u00e3o de diversos produtos da marca, incluindo caf\u00e9s mo\u00eddos e em gr\u00e3os, vendidos em kits sensoriais e embalagens individuais. Os lotes atingidos tinham datas de validade que iam at\u00e9 2024, e a comercializa\u00e7\u00e3o foi interrompida em todo o pa\u00eds.<\/p>\n\n\n\n<p>Entre os produtos suspensos estavam:<\/p>\n\n\n\n<ul class=\"wp-block-list\">\n<li>Kits de caf\u00e9 mo\u00eddo e em gr\u00e3os para consumo em diferentes per\u00edodos do dia<\/li>\n\n\n\n<li>Caf\u00e9s aromatizados e descafeinados vendidos em caixas e sach\u00eas<\/li>\n\n\n\n<li>Produtos identificados com o mesmo lote e fabrica\u00e7\u00e3o<\/li>\n<\/ul>\n\n\n\n<h2 class=\"wp-block-heading\">Como funciona a fiscaliza\u00e7\u00e3o do caf\u00e9 e o que levou \u00e0 proibi\u00e7\u00e3o<\/h2>\n\n\n\n<p>A fiscaliza\u00e7\u00e3o do caf\u00e9 no Brasil envolve mais de um \u00f3rg\u00e3o. Enquanto o Minist\u00e9rio da Agricultura acompanha a produ\u00e7\u00e3o desde a lavoura at\u00e9 a ind\u00fastria, a Anvisa atua diretamente sobre o produto pronto para consumo. Isso inclui a an\u00e1lise da rotulagem, dos ingredientes utilizados e dos riscos sanit\u00e1rios.<\/p>\n\n\n\n<p>No caso da marca proibida em 2023, a Anvisa identificou descumprimento de regras b\u00e1sicas, como o uso de componentes n\u00e3o permitidos e informa\u00e7\u00f5es que poderiam induzir o consumidor ao erro. Situa\u00e7\u00f5es como essa costumam levar \u00e0 retirada imediata do produto do mercado.<\/p>\n\n\n\n<p>Entre os principais problemas que podem resultar na proibi\u00e7\u00e3o de uma marca de caf\u00e9 est\u00e3o:<\/p>\n\n\n\n<ul class=\"wp-block-list\">\n<li>Uso de ingredientes sem autoriza\u00e7\u00e3o<\/li>\n\n\n\n<li>Falta de licen\u00e7a sanit\u00e1ria<\/li>\n\n\n\n<li>Rotulagem incompleta ou enganosa<\/li>\n\n\n\n<li>Aus\u00eancia de controle sobre os lotes<\/li>\n\n\n\n<li>Condi\u00e7\u00f5es inadequadas de fabrica\u00e7\u00e3o e armazenamento<\/li>\n<\/ul>\n\n\n\n<p>A decis\u00e3o da Anvisa tamb\u00e9m serve de alerta para o consumidor. Conferir r\u00f3tulos, observar a proced\u00eancia do produto e ficar atento a mudan\u00e7as de sabor, cheiro ou apar\u00eancia s\u00e3o cuidados importantes. Em caso de suspeita, a orienta\u00e7\u00e3o \u00e9 interromper o consumo e buscar informa\u00e7\u00f5es junto aos \u00f3rg\u00e3os oficiais ou ao fabricante.<\/p>\n","protected":false},"excerpt":{"rendered":"<p>O caf\u00e9 faz parte do dia a dia de milh\u00f5es de brasileiros e est\u00e1 presente em praticamente todos os lares do pa\u00eds. Por isso, qualquer alerta envolvendo a qualidade desse produto costuma chamar a aten\u00e7\u00e3o, principalmente quando envolve marcas conhecidas e amplamente consumidas. Em meio a um mercado diverso e competitivo, a atua\u00e7\u00e3o dos \u00f3rg\u00e3os [&hellip;]<\/p>\n","protected":false},"author":14,"featured_media":12417,"comment_status":"open","ping_status":"open","sticky":false,"template":"","format":"standard","meta":{"jnews-multi-image_gallery":[],"jnews_single_post":{"format":"standard"},"jnews_primary_category":[],"jnews_social_meta":[],"jnews_post_split":[],"footnotes":""},"categories":[1],"tags":[],"class_list":["post-12416","post","type-post","status-publish","format-standard","has-post-thumbnail","hentry","category-uncategorized"],"_links":{"self":[{"href":"https:\/\/diariodepernambuco.audiencelabs.com.br\/wp-json\/wp\/v2\/posts\/12416","targetHints":{"allow":["GET"]}}],"collection":[{"href":"https:\/\/diariodepernambuco.audiencelabs.com.br\/wp-json\/wp\/v2\/posts"}],"about":[{"href":"https:\/\/diariodepernambuco.audiencelabs.com.br\/wp-json\/wp\/v2\/types\/post"}],"author":[{"embeddable":true,"href":"https:\/\/diariodepernambuco.audiencelabs.com.br\/wp-json\/wp\/v2\/users\/14"}],"replies":[{"embeddable":true,"href":"https:\/\/diariodepernambuco.audiencelabs.com.br\/wp-json\/wp\/v2\/comments?post=12416"}],"version-history":[{"count":1,"href":"https:\/\/diariodepernambuco.audiencelabs.com.br\/wp-json\/wp\/v2\/posts\/12416\/revisions"}],"predecessor-version":[{"id":12418,"href":"https:\/\/diariodepernambuco.audiencelabs.com.br\/wp-json\/wp\/v2\/posts\/12416\/revisions\/12418"}],"wp:featuredmedia":[{"embeddable":true,"href":"https:\/\/diariodepernambuco.audiencelabs.com.br\/wp-json\/wp\/v2\/media\/12417"}],"wp:attachment":[{"href":"https:\/\/diariodepernambuco.audiencelabs.com.br\/wp-json\/wp\/v2\/media?parent=12416"}],"wp:term":[{"taxonomy":"category","embeddable":true,"href":"https:\/\/diariodepernambuco.audiencelabs.com.br\/wp-json\/wp\/v2\/categories?post=12416"},{"taxonomy":"post_tag","embeddable":true,"href":"https:\/\/diariodepernambuco.audiencelabs.com.br\/wp-json\/wp\/v2\/tags?post=12416"}],"curies":[{"name":"wp","href":"https:\/\/api.w.org\/{rel}","templated":true}]}}