{"id":12425,"date":"2025-12-29T10:23:00","date_gmt":"2025-12-29T13:23:00","guid":{"rendered":"https:\/\/diariodepernambuco.audiencelabs.com.br\/?p=12425"},"modified":"2025-12-29T15:01:45","modified_gmt":"2025-12-29T18:01:45","slug":"trabalhadores-podem-faltar-3-dias-no-trabalho-sem-necessidade-de-apresentar-atestado-medico-neste-pais","status":"publish","type":"post","link":"https:\/\/diariodepernambuco.audiencelabs.com.br\/trabalhadores-podem-faltar-3-dias-no-trabalho-sem-necessidade-de-apresentar-atestado-medico-neste-pais\/","title":{"rendered":"Trabalhadores podem faltar 3 dias no trabalho sem necessidade de apresentar atestado m\u00e9dico neste pa\u00eds"},"content":{"rendered":"\n<p>Falta sem atestado m\u00e9dico? Em diferentes partes do mundo, as regras trabalhistas variam bastante quando o assunto \u00e9 aus\u00eancia por motivo de sa\u00fade. Enquanto alguns pa\u00edses exigem comprova\u00e7\u00e3o m\u00e9dica imediata, outros adotam modelos mais flex\u00edveis, pensando no bem-estar do trabalhador e na confian\u00e7a entre empregado e empresa.<\/p>\n\n\n\n<p>Esse tipo de pol\u00edtica costuma gerar curiosidade, principalmente quando comparada \u00e0 realidade de pa\u00edses onde o atestado \u00e9 exigido at\u00e9 para faltas curtas. Em um pa\u00eds europeu, por exemplo, a legisla\u00e7\u00e3o permite que o trabalhador se ausente por alguns dias sem precisar passar por consulta m\u00e9dica.<\/p>\n\n\n\n<h2 class=\"wp-block-heading\">Pa\u00eds permite at\u00e9 tr\u00eas dias de falta sem atestado m\u00e9dico<\/h2>\n\n\n\n<p>Na Alemanha, os trabalhadores podem faltar ao trabalho por at\u00e9 tr\u00eas dias consecutivos por motivo de doen\u00e7a sem a obriga\u00e7\u00e3o de apresentar atestado m\u00e9dico. Nesse per\u00edodo, basta comunicar o empregador, normalmente por telefone ou outro canal oficial da empresa, informando que n\u00e3o est\u00e1 em condi\u00e7\u00f5es de trabalhar.<\/p>\n\n\n\n<p>A regra foi pensada para evitar consultas m\u00e9dicas desnecess\u00e1rias em casos leves, como gripes, dores comuns ou indisposi\u00e7\u00f5es passageiras. Assim, o sistema reduz a sobrecarga nos servi\u00e7os de sa\u00fade e garante mais autonomia ao trabalhador.<\/p>\n\n\n\n<p>Quando a aus\u00eancia ultrapassa esse prazo, passa a ser exigido um documento m\u00e9dico oficial, conhecido como certificado de incapacidade para o trabalho. Esse comprovante confirma que o funcion\u00e1rio realmente n\u00e3o pode exercer suas atividades por um per\u00edodo maior.<\/p>\n\n\n\n<h2 class=\"wp-block-heading\">Como funciona em outros pa\u00edses e por que o modelo chama aten\u00e7\u00e3o<\/h2>\n\n\n\n<p>A Alemanha n\u00e3o \u00e9 a \u00fanica na\u00e7\u00e3o que adota regras mais flex\u00edveis para afastamento do trabalho por motivos de sa\u00fade. Outros pa\u00edses tamb\u00e9m permitem que o trabalhador se ausente por alguns dias sem apresentar atestado m\u00e9dico imediato, cada um com crit\u00e9rios pr\u00f3prios.<\/p>\n\n\n\n<h3 class=\"wp-block-heading\">Portugal<\/h3>\n\n\n\n<p>Em Portugal, os trabalhadores podem justificar faltas por meio de uma autodeclara\u00e7\u00e3o de doen\u00e7a. O documento \u00e9 emitido pelo sistema de sa\u00fade nacional e permite afastamento de at\u00e9 tr\u00eas dias consecutivos. Esse recurso pode ser utilizado duas vezes por ano, totalizando at\u00e9 seis dias sem necessidade de consulta m\u00e9dica.<\/p>\n\n\n\n<h3 class=\"wp-block-heading\">Reino Unido<\/h3>\n\n\n\n<p>No Reino Unido, o sistema \u00e9 ainda mais flex\u00edvel. O funcion\u00e1rio pode se autojustificar por at\u00e9 sete dias seguidos quando est\u00e1 doente. Somente ap\u00f3s esse per\u00edodo \u00e9 exigido um documento m\u00e9dico formal, conhecido como fit note, para continuar afastado do trabalho.<\/p>\n\n\n\n<h3 class=\"wp-block-heading\">Espanha<\/h3>\n\n\n\n<p>A legisla\u00e7\u00e3o espanhola prev\u00ea a chamada licen\u00e7a menstrual. Mulheres que enfrentam dores intensas e incapacitantes podem se ausentar do trabalho de forma justificada. Em alguns casos, pode ser necess\u00e1rio apresentar comprova\u00e7\u00e3o m\u00e9dica, dependendo da situa\u00e7\u00e3o e do tempo de afastamento.<\/p>\n\n\n\n<h3 class=\"wp-block-heading\">Jap\u00e3o<\/h3>\n\n\n\n<p>No Jap\u00e3o, tamb\u00e9m existe previs\u00e3o legal para afastamento relacionado a dores menstruais. A medida reconhece o impacto dessas condi\u00e7\u00f5es na rotina profissional e permite que a trabalhadora se ausente sem penaliza\u00e7\u00f5es, respeitando regras espec\u00edficas do pa\u00eds.<\/p>\n\n\n\n<h3 class=\"wp-block-heading\">Indon\u00e9sia<\/h3>\n\n\n\n<p>A Indon\u00e9sia adota pol\u00edtica semelhante, garantindo licen\u00e7a menstrual para mulheres que enfrentam desconfortos severos. A legisla\u00e7\u00e3o busca proteger a sa\u00fade da trabalhadora e evitar preju\u00edzos no ambiente de trabalho.<\/p>\n\n\n\n<h3 class=\"wp-block-heading\">Coreia do Sul<\/h3>\n\n\n\n<p>Na Coreia do Sul, a licen\u00e7a menstrual tamb\u00e9m est\u00e1 prevista em lei. O pa\u00eds reconhece esse direito como parte da prote\u00e7\u00e3o \u00e0 sa\u00fade feminina, embora as regras sobre comprova\u00e7\u00e3o possam variar conforme o empregador.<\/p>\n\n\n\n<h3 class=\"wp-block-heading\">Estados Unidos<\/h3>\n\n\n\n<p>Nos Estados Unidos, o cen\u00e1rio \u00e9 diferente. N\u00e3o existe uma lei federal que assegure licen\u00e7a m\u00e9dica remunerada para todos os trabalhadores. As regras variam de acordo com o estado e com a empresa, e faltas n\u00e3o autorizadas podem resultar em advert\u00eancias ou at\u00e9 demiss\u00e3o.<\/p>\n","protected":false},"excerpt":{"rendered":"<p>Falta sem atestado m\u00e9dico? Em diferentes partes do mundo, as regras trabalhistas variam bastante quando o assunto \u00e9 aus\u00eancia por motivo de sa\u00fade. Enquanto alguns pa\u00edses exigem comprova\u00e7\u00e3o m\u00e9dica imediata, outros adotam modelos mais flex\u00edveis, pensando no bem-estar do trabalhador e na confian\u00e7a entre empregado e empresa. Esse tipo de pol\u00edtica costuma gerar curiosidade, principalmente [&hellip;]<\/p>\n","protected":false},"author":14,"featured_media":12428,"comment_status":"open","ping_status":"open","sticky":false,"template":"","format":"standard","meta":{"jnews-multi-image_gallery":[],"jnews_single_post":{"format":"standard"},"jnews_primary_category":[],"jnews_social_meta":[],"jnews_post_split":[],"footnotes":""},"categories":[1],"tags":[],"class_list":["post-12425","post","type-post","status-publish","format-standard","has-post-thumbnail","hentry","category-uncategorized"],"_links":{"self":[{"href":"https:\/\/diariodepernambuco.audiencelabs.com.br\/wp-json\/wp\/v2\/posts\/12425","targetHints":{"allow":["GET"]}}],"collection":[{"href":"https:\/\/diariodepernambuco.audiencelabs.com.br\/wp-json\/wp\/v2\/posts"}],"about":[{"href":"https:\/\/diariodepernambuco.audiencelabs.com.br\/wp-json\/wp\/v2\/types\/post"}],"author":[{"embeddable":true,"href":"https:\/\/diariodepernambuco.audiencelabs.com.br\/wp-json\/wp\/v2\/users\/14"}],"replies":[{"embeddable":true,"href":"https:\/\/diariodepernambuco.audiencelabs.com.br\/wp-json\/wp\/v2\/comments?post=12425"}],"version-history":[{"count":2,"href":"https:\/\/diariodepernambuco.audiencelabs.com.br\/wp-json\/wp\/v2\/posts\/12425\/revisions"}],"predecessor-version":[{"id":12435,"href":"https:\/\/diariodepernambuco.audiencelabs.com.br\/wp-json\/wp\/v2\/posts\/12425\/revisions\/12435"}],"wp:featuredmedia":[{"embeddable":true,"href":"https:\/\/diariodepernambuco.audiencelabs.com.br\/wp-json\/wp\/v2\/media\/12428"}],"wp:attachment":[{"href":"https:\/\/diariodepernambuco.audiencelabs.com.br\/wp-json\/wp\/v2\/media?parent=12425"}],"wp:term":[{"taxonomy":"category","embeddable":true,"href":"https:\/\/diariodepernambuco.audiencelabs.com.br\/wp-json\/wp\/v2\/categories?post=12425"},{"taxonomy":"post_tag","embeddable":true,"href":"https:\/\/diariodepernambuco.audiencelabs.com.br\/wp-json\/wp\/v2\/tags?post=12425"}],"curies":[{"name":"wp","href":"https:\/\/api.w.org\/{rel}","templated":true}]}}