{"id":12452,"date":"2026-01-02T14:40:00","date_gmt":"2026-01-02T17:40:00","guid":{"rendered":"https:\/\/diariodepernambuco.audiencelabs.com.br\/?p=12452"},"modified":"2026-01-02T12:39:01","modified_gmt":"2026-01-02T15:39:01","slug":"luciano-hang-nao-gostou-nada-do-que-a-havaianas-fez-ele-proibiu-as-vendas-na-havan","status":"publish","type":"post","link":"https:\/\/diariodepernambuco.audiencelabs.com.br\/luciano-hang-nao-gostou-nada-do-que-a-havaianas-fez-ele-proibiu-as-vendas-na-havan\/","title":{"rendered":"Luciano Hang n\u00e3o gostou nada do que a Havaianas fez: ele proibiu as vendas na Havan?"},"content":{"rendered":"\n<p>Nos \u00faltimos dias, coment\u00e1rios feitos por um empres\u00e1rio conhecido nas redes sociais levantaram d\u00favidas entre consumidores e apoiadores. A forma como ele se posicionou gerou a impress\u00e3o de que uma decis\u00e3o mais dura poderia ser tomada dentro de suas pr\u00f3prias lojas.<\/p>\n\n\n\n<p>A rea\u00e7\u00e3o do p\u00fablico foi imediata, com especula\u00e7\u00f5es sobre boicote, retirada de produtos e at\u00e9 mudan\u00e7as na estrat\u00e9gia comercial da rede. Diante do barulho nas redes, a principal pergunta passou a ser se as cr\u00edticas se transformaram, de fato, em alguma proibi\u00e7\u00e3o.<\/p>\n\n\n\n<h2 class=\"wp-block-heading\">O que Luciano Hang disse sobre a Havaianas<\/h2>\n\n\n<style>@media (min-width: 992px) {\n    .recomendadorV2Area1 {\n        width: 280px;\n    }\n    .recomendadorV2Area2 {\n        padding: 0px 20px;\n        width: calc(100% - 280px);\n    }\n}\n\n@media (max-width: 992px) {\n    .recomendadorV2Button {\n        margin: 0 auto;\n    }\n    .recomendadorV2Area {\n        flex-direction: column;\n        text-align: center;\n    }\n    .recomendadorV2Area2 {\n        padding: 0px 20px;\n    }\n}\n\n.recomendadorV2Area {\n    background: #eeeeee3d;\n    border-radius: 10px;\n    padding: 15px;\n    display: flex;\n    margin: 15px auto;\n    border: 1px solid #00000014;\n    max-width: 800px;\n}\n\n.recomendadorV2Area1 img {\n    width: 280px;\n    height: auto;\n    border-radius: 8px;\n}\n\n.linkrecomendadorv2 {\n    text-decoration: none !important;\n}\n\n.recomendadorV2Area2 .recomendadorV2Type {\n    text-transform: uppercase;\n    font-weight: 500;\n    font-size: 11px;\n    letter-spacing: 2px;\n    color: #666;\n    margin: 12px 0;\n    display: block;\n}\n\n.recomendadorV2Title h2 {\n    padding-top: 0px !important;\n    margin: 0px !important;\n    border-left: none !important;\n    padding-left: 0px !important;\n    line-height: 1.3;\n    color: #000 !important;\n    font-size: 24px;\n    margin-bottom: 12px !important;\n}\n\n.recomendadorV2Desc {\n    color: #333;\n    margin: 12px 0px !important;\n    font-size: 15px;\n    line-height: 1.5;\n}\n\n.recomendadorV2Button {\n    width: auto;\n    max-width: 200px;\n    margin: 0;\n    display: inline-flex;\n    align-items: center;\n    background: #1D3557;\n    border-radius: 8px;\n    color: #fff;\n    height: 36px;\n    justify-content: center;\n    text-align: center;\n    font-size: 14px;\n    padding: 0 20px;\n    transition: background-color 0.2s ease;\n}\n\n.recomendadorV2Button:hover {\n    background: #2a4d7a;\n}\n\n.recomendadorV2Button:after {\n    margin-top: -2px;\n    content: \"\u2192\";\n    padding: 0px 0px 0px 8px;\n}\n\n.recomendadorV2Alert {\n    text-align: left;\n    font-size: 11px;\n    margin-top: 8px;\n    color: #666;\n}\n\n.recomendadorFixedArea {\n    width: 100%;\n    display: flex;\n    justify-content: center;\n    align-items: center;\n}\n\n@media (min-width: 992px) {\n    #recomendadorFixed {\n        width: 32% !important;\n        left: 5%;\n    }\n    .recomendadorCloseFixed{\n        right: inherit !important;\n        left: 378px !important;\n    }\n}\n\n#recomendadorFixed {\n    width: 90%;\n    box-shadow: 0 10px 20px 0px #00000057;\n    display: none;\n    height: 90px;\n    background: #F6F6F6;\n    position: fixed;\n    flex-direction: row;\n    bottom: 10px;\n    z-index: 9999;\n    border-radius: 16px;\n    padding: 7px 10px;\n}\n\n.recomendadorLeftArea {\n    width: 160px;\n}\n\n.recomendadorRightArea h2 {\n    padding-top: 0px;\n    margin: 2px 0px 4px 0px !important;\n    font-weight: 400;\n    text-align: center;\n    padding-left: 0px !important;\n    color: #000 !important;\n    border-left: none !important;\n    line-height: 20px;\n    font-size: 12px !important;\n}\n\n.recomendadorImgFixed {\n    overflow: hidden;\n    padding: 8px 6px;\n    height: 100%;\n}\n\n.recomendadorImgFixed img {\n    height: 100% !important;\n    border-radius: 16px;\n}\n\n.recomendadorRightArea {\n    padding-top: 6px;\n    display: flex;\n    width: calc(100% - 130px);\n    justify-content: space-between;\n    align-items: center;\n    flex-direction: column;\n}\n\n.recomendadorButtonFixed {\n    margin: 0 auto;\n    background: #1D3557;\n    width: 80%;\n    text-align: center;\n    font-size: 10px;\n    color: #FFF;\n    padding: 2px 10px;\n    border-radius: 3px;\n}\n\n.recomendadorButtonFixed:after {\n    margin-top: -3px;\n    content: \"\u2192\";\n    padding: 0px 0px 0px 10px;\n}\n\n.recomendadorAlertFixed {\n    font-weight: 400;\n    text-align: center;\n    color: #484848;\n    font-size: 8px;\n}\n\n.recomendadorCloseFixed {\n    z-index: 99999;\n    display: none;\n    right: 0px;\n    left: inherit;\n    bottom: 99px;\n    position: fixed;\n    justify-content: center;\n    background: #F6F6F6;\n    width: 25px;\n    align-items: center;\n    height: 25px;\n    font-weight: 800;\n    border-radius: 50%;\n    border: 1px solid #EBEBEB;\n}\n\n.recomendadorV2Desc{\n    color: #000000;\n    margin: 20px 0px;\n}\n\n@media (max-width: 576px) {\n    .recomendadorV2Area {\n      padding: 10px;\n      max-width: 100%;\n    }\n  \n    .recomendadorV2Area1 img {\n      width: 100%;\n      border-radius: 6px;\n    }\n  \n    .recomendadorV2Area2 .recomendadorV2Type {\n      font-size: 9px;\n      letter-spacing: 1px;\n      margin: 8px 0;\n    }\n  \n    .recomendadorV2Title h2 {\n      font-size: 18px !important;\n      margin-bottom: 8px !important;\n      line-height: 1.2;\n    }\n  \n    .recomendadorV2Desc {\n      font-size: 14px;\n      margin: 8px 0 !important;\n      line-height: 1.4;\n    }\n  \n    .recomendadorV2Button {\n      font-size: 12px;\n      height: 30px;\n      padding: 0 12px;\n      max-width: 160px;\n    }\n  \n    .recomendadorV2Button:after {\n      padding-left: 6px;\n    }\n  }\n  <\/style>\n        <div class=\"lazyblock-recomendador-v2-2jDGz wp-block-lazyblock-recomendador-v2\">\n        <a class=\"linkrecomendadorv2\" href=\"https:\/\/diariodepernambuco.com.br\/dpmais\/eike-batista-foi-a-falencia-e-dona-da-magazine-luiza-encheu-os-bolsos\/?utm_source=lazy\" target=\"_blank\" rel=\"noopener\">\n            <div class=\"recomendadorV2Area\">\n            <div class=\"recomendadorV2Area1\">\n                <div class=\"recomendadorV2Img\">\n                <img class=\"lazyloaded\" decoding=\"async\" src=\"https:\/\/diariodepernambuco.com.br\/dpmais\/wp-content\/uploads\/2026\/01\/Eike-Batista-1140x570.jpg\" data-src=\"https:\/\/diariodepernambuco.com.br\/dpmais\/wp-content\/uploads\/2026\/01\/Eike-Batista-1140x570.jpg\" alt=\"\">\n                <\/div>\n            <\/div>\n            <div class=\"recomendadorV2Area2\">\n                <div class=\"recomendadorV2Type\">\n                    <span>Fortunas opostas<\/span>\n                <\/div>\n                <div class=\"recomendadorV2Title\">\n                <h2><span>Queda e ascens\u00e3o \ud83d\udcb8<\/span><\/h2>\n                <\/div>\n                <div class=\"recomendadorV2Desc\">\n                <span>Eike cai e Luiza lucra alto<\/span>\n                <\/div>\n                <div class=\"recomendadorV2Button\">Entenda agora<\/div>\n                <div class=\"recomendadorV2Alert\"><\/div>\n            <\/div>\n            <\/div>\n        <\/a>\n        <div>\n            <div style=\"z-index:99999;\" id=\"buttonClose\" onclick=\"closeRecomendadorFixed()\">\n            <div class=\"recomendadorCloseFixed\">X<\/div>\n            <\/div>\n            <a href=\"https:\/\/diariodepernambuco.com.br\/dpmais\/eike-batista-foi-a-falencia-e-dona-da-magazine-luiza-encheu-os-bolsos\/?utm_source=lazy\" target=\"_blank\" rel=\"noopener\">\n            <div class=\"recomendadorFixedArea\">\n                <div id=\"recomendadorFixed\">\n                <div class=\"recomendadorLeftArea\">\n                    <div class=\"recomendadorImgFixed\">\n                    <img class=\"lazyload\" decoding=\"async\" src=\"https:\/\/diariodepernambuco.com.br\/dpmais\/wp-content\/uploads\/2026\/01\/Eike-Batista-1140x570.jpg\" alt=\"\">\n                    <\/div>\n                <\/div>\n                <div class=\"recomendadorRightArea\">\n                    <div class=\"recomendadorTitleFixed\">\n                    <h2><span>Queda e ascens\u00e3o \ud83d\udcb8<\/span><\/h2>\n                    <\/div>\n                    <div class=\"recomendadorButtonFixed\">Entenda agora<\/div>\n                    <div class=\"recomendadorAlertFixed\"><\/div>\n                <\/div>\n                <\/div>\n            <\/div>\n            <\/a>\n        <\/div>\n        <\/div>\n\n\n\n<p>O empres\u00e1rio Luciano Hang, dono da rede Havan, fez publica\u00e7\u00f5es cr\u00edticas \u00e0 marca Havaianas em suas redes sociais. As mensagens chamaram aten\u00e7\u00e3o pelo tom ir\u00f4nico e por associarem a marca a uma pol\u00eamica recente envolvendo um comercial publicit\u00e1rio.<\/p>\n\n\n\n<p>Em uma das postagens, feitas em 22 de dezembro, Hang comentou que a Havaianas seria \u201co maior mico de 2025\u201d e brincou que quem ganhasse um par no Natal poderia ser alvo de zoa\u00e7\u00e3o. Em outra publica\u00e7\u00e3o, afirmou que, durante o ver\u00e3o, preferiria usar chinelos de outra marca, como a Ipanema.<\/p>\n\n\n\n<p>As declara\u00e7\u00f5es aconteceram em meio \u00e0 repercuss\u00e3o de um comercial da Havaianas com a atriz Fernanda Torres, que gerou debates intensos nas redes sociais. A campanha dividiu opini\u00f5es e motivou cr\u00edticas por parte de grupos alinhados \u00e0 direita, que passaram a se manifestar contra a marca.<\/p>\n\n\n\n<h2 class=\"wp-block-heading\">Produtos continuam \u00e0 venda nas lojas da Havan<\/h2>\n\n\n\n<p>Apesar do tom cr\u00edtico adotado nas redes, Luciano Hang n\u00e3o determinou a retirada dos produtos da Havaianas das lojas da Havan. Mesmo ap\u00f3s as declara\u00e7\u00f5es, os chinelos da marca seguiram dispon\u00edveis para compra normalmente em unidades da rede.<\/p>\n\n\n\n<p>Na sexta-feira, dia 26, por exemplo, ainda era poss\u00edvel encontrar dezenas de pares de Havaianas expostos \u00e0 venda em uma loja localizada na Avenida de Santa B\u00e1rbara d\u2019Oeste. A manuten\u00e7\u00e3o dos produtos no estoque mostra que, at\u00e9 o momento, n\u00e3o houve qualquer ordem oficial de boicote ou suspens\u00e3o das vendas.<\/p>\n\n\n\n<p>Enquanto alguns apoiadores do empres\u00e1rio chegaram a descartar chinelos da marca em protesto, a postura adotada pela Havan foi diferente. A rede manteve a comercializa\u00e7\u00e3o dos produtos, separando as opini\u00f5es pessoais de Hang das decis\u00f5es comerciais da empresa.<\/p>\n","protected":false},"excerpt":{"rendered":"<p>Nos \u00faltimos dias, coment\u00e1rios feitos por um empres\u00e1rio conhecido nas redes sociais levantaram d\u00favidas entre consumidores e apoiadores. A forma como ele se posicionou gerou a impress\u00e3o de que uma decis\u00e3o mais dura poderia ser tomada dentro de suas pr\u00f3prias lojas. A rea\u00e7\u00e3o do p\u00fablico foi imediata, com especula\u00e7\u00f5es sobre boicote, retirada de produtos e [&hellip;]<\/p>\n","protected":false},"author":14,"featured_media":12453,"comment_status":"open","ping_status":"open","sticky":false,"template":"","format":"standard","meta":{"jnews-multi-image_gallery":[],"jnews_single_post":{"format":"standard"},"jnews_primary_category":[],"jnews_social_meta":[],"jnews_post_split":[],"footnotes":""},"categories":[1],"tags":[],"class_list":["post-12452","post","type-post","status-publish","format-standard","has-post-thumbnail","hentry","category-uncategorized"],"_links":{"self":[{"href":"https:\/\/diariodepernambuco.audiencelabs.com.br\/wp-json\/wp\/v2\/posts\/12452","targetHints":{"allow":["GET"]}}],"collection":[{"href":"https:\/\/diariodepernambuco.audiencelabs.com.br\/wp-json\/wp\/v2\/posts"}],"about":[{"href":"https:\/\/diariodepernambuco.audiencelabs.com.br\/wp-json\/wp\/v2\/types\/post"}],"author":[{"embeddable":true,"href":"https:\/\/diariodepernambuco.audiencelabs.com.br\/wp-json\/wp\/v2\/users\/14"}],"replies":[{"embeddable":true,"href":"https:\/\/diariodepernambuco.audiencelabs.com.br\/wp-json\/wp\/v2\/comments?post=12452"}],"version-history":[{"count":4,"href":"https:\/\/diariodepernambuco.audiencelabs.com.br\/wp-json\/wp\/v2\/posts\/12452\/revisions"}],"predecessor-version":[{"id":12523,"href":"https:\/\/diariodepernambuco.audiencelabs.com.br\/wp-json\/wp\/v2\/posts\/12452\/revisions\/12523"}],"wp:featuredmedia":[{"embeddable":true,"href":"https:\/\/diariodepernambuco.audiencelabs.com.br\/wp-json\/wp\/v2\/media\/12453"}],"wp:attachment":[{"href":"https:\/\/diariodepernambuco.audiencelabs.com.br\/wp-json\/wp\/v2\/media?parent=12452"}],"wp:term":[{"taxonomy":"category","embeddable":true,"href":"https:\/\/diariodepernambuco.audiencelabs.com.br\/wp-json\/wp\/v2\/categories?post=12452"},{"taxonomy":"post_tag","embeddable":true,"href":"https:\/\/diariodepernambuco.audiencelabs.com.br\/wp-json\/wp\/v2\/tags?post=12452"}],"curies":[{"name":"wp","href":"https:\/\/api.w.org\/{rel}","templated":true}]}}