{"id":12468,"date":"2025-12-30T10:11:00","date_gmt":"2025-12-30T13:11:00","guid":{"rendered":"https:\/\/diariodepernambuco.audiencelabs.com.br\/?p=12468"},"modified":"2025-12-30T11:47:01","modified_gmt":"2025-12-30T14:47:01","slug":"calendario-do-bolsa-familia-de-janeiro-foi-divulgado-para-2026","status":"publish","type":"post","link":"https:\/\/diariodepernambuco.audiencelabs.com.br\/calendario-do-bolsa-familia-de-janeiro-foi-divulgado-para-2026\/","title":{"rendered":"Calend\u00e1rio do Bolsa Fam\u00edlia de janeiro foi divulgado para 2026"},"content":{"rendered":"\n<p>Com a virada do ano, milh\u00f5es de fam\u00edlias come\u00e7am a organizar as contas e a planejar como ser\u00e1 o in\u00edcio de 2026. Entre as informa\u00e7\u00f5es mais aguardadas est\u00e1 a defini\u00e7\u00e3o das datas de pagamento dos programas sociais, que ajudam a garantir renda e seguran\u00e7a financeira para quem mais precisa.<\/p>\n\n\n\n<p>O cronograma oficial \u00e9 fundamental para evitar atrasos, filas e d\u00favidas. Saber quando o dinheiro cai na conta permite que os benefici\u00e1rios se organizem melhor, especialmente em um m\u00eas marcado por despesas como material escolar, contas acumuladas e reajustes de pre\u00e7os.<\/p>\n\n\n\n<h2 class=\"wp-block-heading\">Quem tem direito ao Bolsa Fam\u00edlia e como funciona o pagamento<\/h2>\n\n\n\n<p>Antes de conferir as datas, \u00e9 importante entender quem pode receber o Bolsa Fam\u00edlia e como o valor \u00e9 liberado. O programa atende fam\u00edlias em situa\u00e7\u00e3o de baixa renda, com renda mensal de at\u00e9 R$ 218 por pessoa da casa. O c\u00e1lculo \u00e9 simples: soma-se toda a renda familiar e divide-se pelo n\u00famero de moradores.<\/p>\n\n\n\n<p>Al\u00e9m do crit\u00e9rio de renda, os benefici\u00e1rios precisam cumprir algumas regras b\u00e1sicas, como:<\/p>\n\n\n\n<ul class=\"wp-block-list\">\n<li>manter crian\u00e7as e adolescentes frequentando a escola<\/li>\n\n\n\n<li>realizar acompanhamento pr\u00e9-natal, no caso de gestantes<\/li>\n\n\n\n<li>manter a vacina\u00e7\u00e3o em dia<\/li>\n<\/ul>\n\n\n\n<p>O valor m\u00ednimo pago pelo programa \u00e9 de R$ 600 por fam\u00edlia, mas esse total pode aumentar conforme a composi\u00e7\u00e3o familiar. H\u00e1 adicionais para fam\u00edlias com crian\u00e7as pequenas, adolescentes, gestantes e m\u00e3es de beb\u00eas de at\u00e9 seis meses. Em dezembro de 2025, o valor m\u00e9dio pago por domic\u00edlio foi de R$ 691,37.<\/p>\n\n\n\n<p>O pagamento \u00e9 feito de forma escalonada, sempre de acordo com o \u00faltimo n\u00famero do NIS. O dinheiro pode ser movimentado pelo aplicativo Caixa Tem, usado para pagamentos, transfer\u00eancias e compras com cart\u00e3o virtual. Quem preferir tamb\u00e9m pode sacar em caixas eletr\u00f4nicos, lot\u00e9ricas ou correspondentes banc\u00e1rios.<\/p>\n\n\n\n<h2 class=\"wp-block-heading\">Datas do Bolsa Fam\u00edlia em janeiro e calend\u00e1rio completo de 2026<\/h2>\n\n\n\n<p>O Governo Federal confirmou que os pagamentos de janeiro de 2026 come\u00e7am no dia 19 e seguem at\u00e9 o fim do m\u00eas. Como ocorre todos os anos, o dep\u00f3sito respeita o n\u00famero final do NIS do respons\u00e1vel familiar.<\/p>\n\n\n\n<p>Abaixo, confira o calend\u00e1rio completo de 2026 organizado em formato de caixa, para facilitar a consulta m\u00eas a m\u00eas:<\/p>\n\n\n\n<h3 class=\"wp-block-heading\">Calend\u00e1rio do Bolsa Fam\u00edlia 2026<\/h3>\n\n\n\n<figure class=\"wp-block-table\"><table class=\"has-fixed-layout\"><thead><tr><th>Final do NIS<\/th><th>Jan<\/th><th>Fev<\/th><th>Mar<\/th><th>Abr<\/th><th>Mai<\/th><th>Jun<\/th><th>Jul<\/th><th>Ago<\/th><th>Set<\/th><th>Out<\/th><th>Nov<\/th><th>Dez<\/th><\/tr><\/thead><tbody><tr><td>1<\/td><td>19<\/td><td>12<\/td><td>18<\/td><td>16<\/td><td>18<\/td><td>17<\/td><td>20<\/td><td>18<\/td><td>17<\/td><td>19<\/td><td>16<\/td><td>10<\/td><\/tr><tr><td>2<\/td><td>20<\/td><td>13<\/td><td>19<\/td><td>17<\/td><td>19<\/td><td>18<\/td><td>21<\/td><td>19<\/td><td>18<\/td><td>20<\/td><td>17<\/td><td>11<\/td><\/tr><tr><td>3<\/td><td>21<\/td><td>18<\/td><td>20<\/td><td>20<\/td><td>20<\/td><td>19<\/td><td>22<\/td><td>20<\/td><td>21<\/td><td>21<\/td><td>18<\/td><td>14<\/td><\/tr><tr><td>4<\/td><td>22<\/td><td>19<\/td><td>23<\/td><td>22<\/td><td>21<\/td><td>22<\/td><td>23<\/td><td>21<\/td><td>22<\/td><td>22<\/td><td>19<\/td><td>15<\/td><\/tr><tr><td>5<\/td><td>23<\/td><td>20<\/td><td>24<\/td><td>23<\/td><td>22<\/td><td>23<\/td><td>24<\/td><td>24<\/td><td>23<\/td><td>23<\/td><td>23<\/td><td>16<\/td><\/tr><tr><td>6<\/td><td>26<\/td><td>23<\/td><td>25<\/td><td>24<\/td><td>25<\/td><td>24<\/td><td>27<\/td><td>25<\/td><td>24<\/td><td>26<\/td><td>24<\/td><td>17<\/td><\/tr><tr><td>7<\/td><td>27<\/td><td>24<\/td><td>26<\/td><td>27<\/td><td>26<\/td><td>25<\/td><td>28<\/td><td>26<\/td><td>25<\/td><td>27<\/td><td>25<\/td><td>18<\/td><\/tr><tr><td>8<\/td><td>28<\/td><td>25<\/td><td>27<\/td><td>28<\/td><td>27<\/td><td>26<\/td><td>29<\/td><td>27<\/td><td>28<\/td><td>28<\/td><td>26<\/td><td>21<\/td><\/tr><tr><td>9<\/td><td>29<\/td><td>26<\/td><td>30<\/td><td>29<\/td><td>28<\/td><td>29<\/td><td>30<\/td><td>28<\/td><td>29<\/td><td>29<\/td><td>27<\/td><td>22<\/td><\/tr><tr><td>0<\/td><td>30<\/td><td>27<\/td><td>31<\/td><td>30<\/td><td>29<\/td><td>30<\/td><td>31<\/td><td>31<\/td><td>30<\/td><td>30<\/td><td>30<\/td><td>23<\/td><\/tr><\/tbody><\/table><\/figure>\n\n\n\n<p>O programa atende atualmente cerca de 18,7 milh\u00f5es de fam\u00edlias em todo o pa\u00eds, alcan\u00e7ando quase 49 milh\u00f5es de pessoas. O investimento mensal do governo gira em torno de R$ 12,7 bilh\u00f5es, refor\u00e7ando a import\u00e2ncia do Bolsa Fam\u00edlia como principal pol\u00edtica de transfer\u00eancia de renda do Brasil.<\/p>\n","protected":false},"excerpt":{"rendered":"<p>Com a virada do ano, milh\u00f5es de fam\u00edlias come\u00e7am a organizar as contas e a planejar como ser\u00e1 o in\u00edcio de 2026. Entre as informa\u00e7\u00f5es mais aguardadas est\u00e1 a defini\u00e7\u00e3o das datas de pagamento dos programas sociais, que ajudam a garantir renda e seguran\u00e7a financeira para quem mais precisa. O cronograma oficial \u00e9 fundamental para [&hellip;]<\/p>\n","protected":false},"author":14,"featured_media":12295,"comment_status":"open","ping_status":"open","sticky":false,"template":"","format":"standard","meta":{"jnews-multi-image_gallery":[],"jnews_single_post":{"format":"standard"},"jnews_primary_category":[],"jnews_social_meta":[],"jnews_post_split":[],"footnotes":""},"categories":[1],"tags":[],"class_list":["post-12468","post","type-post","status-publish","format-standard","has-post-thumbnail","hentry","category-uncategorized"],"_links":{"self":[{"href":"https:\/\/diariodepernambuco.audiencelabs.com.br\/wp-json\/wp\/v2\/posts\/12468","targetHints":{"allow":["GET"]}}],"collection":[{"href":"https:\/\/diariodepernambuco.audiencelabs.com.br\/wp-json\/wp\/v2\/posts"}],"about":[{"href":"https:\/\/diariodepernambuco.audiencelabs.com.br\/wp-json\/wp\/v2\/types\/post"}],"author":[{"embeddable":true,"href":"https:\/\/diariodepernambuco.audiencelabs.com.br\/wp-json\/wp\/v2\/users\/14"}],"replies":[{"embeddable":true,"href":"https:\/\/diariodepernambuco.audiencelabs.com.br\/wp-json\/wp\/v2\/comments?post=12468"}],"version-history":[{"count":1,"href":"https:\/\/diariodepernambuco.audiencelabs.com.br\/wp-json\/wp\/v2\/posts\/12468\/revisions"}],"predecessor-version":[{"id":12474,"href":"https:\/\/diariodepernambuco.audiencelabs.com.br\/wp-json\/wp\/v2\/posts\/12468\/revisions\/12474"}],"wp:featuredmedia":[{"embeddable":true,"href":"https:\/\/diariodepernambuco.audiencelabs.com.br\/wp-json\/wp\/v2\/media\/12295"}],"wp:attachment":[{"href":"https:\/\/diariodepernambuco.audiencelabs.com.br\/wp-json\/wp\/v2\/media?parent=12468"}],"wp:term":[{"taxonomy":"category","embeddable":true,"href":"https:\/\/diariodepernambuco.audiencelabs.com.br\/wp-json\/wp\/v2\/categories?post=12468"},{"taxonomy":"post_tag","embeddable":true,"href":"https:\/\/diariodepernambuco.audiencelabs.com.br\/wp-json\/wp\/v2\/tags?post=12468"}],"curies":[{"name":"wp","href":"https:\/\/api.w.org\/{rel}","templated":true}]}}