{"id":12469,"date":"2025-12-30T11:17:00","date_gmt":"2025-12-30T14:17:00","guid":{"rendered":"https:\/\/diariodepernambuco.audiencelabs.com.br\/?p=12469"},"modified":"2025-12-30T11:49:40","modified_gmt":"2025-12-30T14:49:40","slug":"lei-proibe-os-donos-de-imoveis-de-colocarem-precos-abusivos-nos-alugueis-dos-inquilinos-neste-pais","status":"publish","type":"post","link":"https:\/\/diariodepernambuco.audiencelabs.com.br\/lei-proibe-os-donos-de-imoveis-de-colocarem-precos-abusivos-nos-alugueis-dos-inquilinos-neste-pais\/","title":{"rendered":"Lei pro\u00edbe os donos de im\u00f3veis de colocarem pre\u00e7os abusivos nos alugu\u00e9is dos inquilinos neste pa\u00eds"},"content":{"rendered":"\n<p>Viver de aluguel se tornou um desafio cada vez maior em grandes centros urbanos. O aumento da procura por im\u00f3veis, somado \u00e0 oferta limitada, fez com que os valores subissem rapidamente, afetando principalmente quem tem renda m\u00e9dia e jovens que buscam independ\u00eancia.<\/p>\n\n\n\n<p>Esse cen\u00e1rio levou autoridades a buscar alternativas para evitar cobran\u00e7as consideradas fora da realidade. Em um pa\u00eds europeu, uma regra passou a valer justamente para tentar equilibrar essa rela\u00e7\u00e3o entre propriet\u00e1rios e inquilinos, diante da press\u00e3o crescente no mercado imobili\u00e1rio.<\/p>\n\n\n\n<h2 class=\"wp-block-heading\">Pa\u00eds europeu cria lei para limitar aumentos abusivos nos alugu\u00e9is<\/h2>\n\n\n\n<p>O pa\u00eds que adotou essa medida foi a Alemanha. A legisla\u00e7\u00e3o ficou conhecida como \u201cfreio de aluguel\u201d e come\u00e7ou a ser aplicada em 2015, ap\u00f3s anos de alta nos pre\u00e7os de im\u00f3veis em cidades muito disputadas. A proposta foi aprovada pelo Parlamento e permite que cada estado indique quais regi\u00f5es enfrentam maior desequil\u00edbrio entre oferta e demanda.<\/p>\n\n\n\n<p>Nas \u00e1reas enquadradas pela regra, os propriet\u00e1rios n\u00e3o podem definir livremente qualquer valor ao fechar um novo contrato. O aluguel cobrado deve seguir a m\u00e9dia praticada na regi\u00e3o para im\u00f3veis semelhantes, com um limite de at\u00e9 10% acima desse valor. A inten\u00e7\u00e3o \u00e9 impedir reajustes excessivos que n\u00e3o acompanhem a realidade local.<\/p>\n\n\n\n<p>A lei se concentra principalmente em im\u00f3veis usados e contratos novos, mas prev\u00ea exce\u00e7\u00f5es. Constru\u00e7\u00f5es recentes ou propriedades que passaram por reformas estruturais importantes podem ficar fora dessa limita\u00e7\u00e3o, o que tamb\u00e9m gera discuss\u00f5es sobre a efetividade do controle.<\/p>\n\n\n\n<h2 class=\"wp-block-heading\">Impactos da regra e os debates em torno do mercado imobili\u00e1rio<\/h2>\n\n\n\n<p>A cria\u00e7\u00e3o do \u201cfreio de aluguel\u201d ocorreu ap\u00f3s uma sequ\u00eancia de aumentos registrada desde 2010. Cidades como Berlim, Munique, Hamburgo, Frankfurt e Col\u00f4nia passaram por forte valoriza\u00e7\u00e3o tanto na compra quanto no aluguel, impulsionadas por juros baixos, crescimento da popula\u00e7\u00e3o urbana e maior entrada de investimentos no setor.<\/p>\n\n\n\n<p>Al\u00e9m de limitar os pre\u00e7os, a legisla\u00e7\u00e3o trouxe outra mudan\u00e7a relevante. Em muitas cidades alem\u00e3s, os custos com corretores deixaram de ser pagos pelos inquilinos e passaram a ser responsabilidade dos propriet\u00e1rios. Essa altera\u00e7\u00e3o reduziu despesas no momento da mudan\u00e7a e ajudou a aliviar o or\u00e7amento de quem aluga.<\/p>\n\n\n\n<p>Mesmo assim, os resultados seguem sendo discutidos. Parte dos inquilinos afirma que os valores continuam altos e que a aplica\u00e7\u00e3o da lei varia muito de uma regi\u00e3o para outra. Isso acontece porque os estados t\u00eam autonomia para definir onde a regra vale, o que gera diferen\u00e7as pr\u00e1ticas.<\/p>\n\n\n\n<p>H\u00e1 tamb\u00e9m questionamentos jur\u00eddicos. Em Berlim, por exemplo, uma tentativa de congelar os alugu\u00e9is de forma mais r\u00edgida foi considerada inconstitucional, refor\u00e7ando os limites de atua\u00e7\u00e3o local. <\/p>\n\n\n\n<p>Especialistas divergem sobre os efeitos da medida: enquanto alguns veem prote\u00e7\u00e3o contra abusos, outros alertam que o controle pode afastar investidores e reduzir a oferta de im\u00f3veis para aluguel.<\/p>\n\n\n\n<p><\/p>\n","protected":false},"excerpt":{"rendered":"<p>Viver de aluguel se tornou um desafio cada vez maior em grandes centros urbanos. O aumento da procura por im\u00f3veis, somado \u00e0 oferta limitada, fez com que os valores subissem rapidamente, afetando principalmente quem tem renda m\u00e9dia e jovens que buscam independ\u00eancia. Esse cen\u00e1rio levou autoridades a buscar alternativas para evitar cobran\u00e7as consideradas fora da [&hellip;]<\/p>\n","protected":false},"author":14,"featured_media":12475,"comment_status":"open","ping_status":"open","sticky":false,"template":"","format":"standard","meta":{"jnews-multi-image_gallery":[],"jnews_single_post":{"format":"standard"},"jnews_primary_category":[],"jnews_social_meta":[],"jnews_post_split":[],"footnotes":""},"categories":[1],"tags":[],"class_list":["post-12469","post","type-post","status-publish","format-standard","has-post-thumbnail","hentry","category-uncategorized"],"_links":{"self":[{"href":"https:\/\/diariodepernambuco.audiencelabs.com.br\/wp-json\/wp\/v2\/posts\/12469","targetHints":{"allow":["GET"]}}],"collection":[{"href":"https:\/\/diariodepernambuco.audiencelabs.com.br\/wp-json\/wp\/v2\/posts"}],"about":[{"href":"https:\/\/diariodepernambuco.audiencelabs.com.br\/wp-json\/wp\/v2\/types\/post"}],"author":[{"embeddable":true,"href":"https:\/\/diariodepernambuco.audiencelabs.com.br\/wp-json\/wp\/v2\/users\/14"}],"replies":[{"embeddable":true,"href":"https:\/\/diariodepernambuco.audiencelabs.com.br\/wp-json\/wp\/v2\/comments?post=12469"}],"version-history":[{"count":1,"href":"https:\/\/diariodepernambuco.audiencelabs.com.br\/wp-json\/wp\/v2\/posts\/12469\/revisions"}],"predecessor-version":[{"id":12476,"href":"https:\/\/diariodepernambuco.audiencelabs.com.br\/wp-json\/wp\/v2\/posts\/12469\/revisions\/12476"}],"wp:featuredmedia":[{"embeddable":true,"href":"https:\/\/diariodepernambuco.audiencelabs.com.br\/wp-json\/wp\/v2\/media\/12475"}],"wp:attachment":[{"href":"https:\/\/diariodepernambuco.audiencelabs.com.br\/wp-json\/wp\/v2\/media?parent=12469"}],"wp:term":[{"taxonomy":"category","embeddable":true,"href":"https:\/\/diariodepernambuco.audiencelabs.com.br\/wp-json\/wp\/v2\/categories?post=12469"},{"taxonomy":"post_tag","embeddable":true,"href":"https:\/\/diariodepernambuco.audiencelabs.com.br\/wp-json\/wp\/v2\/tags?post=12469"}],"curies":[{"name":"wp","href":"https:\/\/api.w.org\/{rel}","templated":true}]}}