{"id":12498,"date":"2025-12-31T11:01:00","date_gmt":"2025-12-31T14:01:00","guid":{"rendered":"https:\/\/diariodepernambuco.audiencelabs.com.br\/?p=12498"},"modified":"2025-12-31T19:44:55","modified_gmt":"2025-12-31T22:44:55","slug":"cidade-brasileira-tem-200-dias-de-calor-extremo-e-e-quase-impossivel-dormir-durante-o-ano","status":"publish","type":"post","link":"https:\/\/diariodepernambuco.audiencelabs.com.br\/cidade-brasileira-tem-200-dias-de-calor-extremo-e-e-quase-impossivel-dormir-durante-o-ano\/","title":{"rendered":"Cidade brasileira tem 200 dias de calor extremo e \u00e9 quase imposs\u00edvel dormir durante o ano"},"content":{"rendered":"\n<p>Viver em uma cidade quente n\u00e3o \u00e9 novidade para quem mora no Norte do Brasil. O que tem mudado, por\u00e9m, \u00e9 a frequ\u00eancia e a intensidade do calor, que deixou de ser algo pontual e passou a fazer parte da rotina durante boa parte do ano. Para muitos moradores, o desconforto deixou de ser apenas inc\u00f4modo e passou a afetar a sa\u00fade, o descanso e at\u00e9 a vida escolar.<\/p>\n\n\n\n<p>Em alguns bairros, a sensa\u00e7\u00e3o t\u00e9rmica \u00e9 t\u00e3o alta que dormir se tornou um desafio di\u00e1rio. Mesmo \u00e0 noite, quando o corpo precisa esfriar para descansar, o calor permanece intenso, especialmente em regi\u00f5es com pouca vegeta\u00e7\u00e3o e infraestrutura limitada.<\/p>\n\n\n\n<h2 class=\"wp-block-heading\">Capital amaz\u00f4nica concentra mais de 200 dias de calor extremo<\/h2>\n\n\n\n<p>Bel\u00e9m, capital do Par\u00e1, liderou um ranking preocupante no \u00faltimo ano. Dados do Centro Nacional de Monitoramento e Alertas de Desastres Naturais mostram que a cidade registrou 212 dias classificados como eventos de calor extremo. Esse tipo de evento ocorre quando a temperatura m\u00e1xima ultrapassa os padr\u00f5es hist\u00f3ricos da regi\u00e3o.<\/p>\n\n\n\n<p>A cidade chegou a marcar 37,3 \u00b0C, n\u00famero elevado mesmo para uma capital localizada em \u00e1rea amaz\u00f4nica. Levantamentos baseados em dados do Instituto Nacional de Meteorologia indicam que, apenas nesta d\u00e9cada, Bel\u00e9m acumulou 164 dias com temperaturas acima de 35,5 \u00b0C, patamar considerado cr\u00edtico por especialistas. Em apenas quatro anos, a capital paraense superou o total de dias de calor extremo registrados nas seis d\u00e9cadas anteriores somadas.<\/p>\n\n\n\n<p>Um dos fatores apontados para esse cen\u00e1rio \u00e9 a perda acelerada de \u00e1reas verdes. Entre 1985 e 2023, Bel\u00e9m perdeu cerca de 20% de sua cobertura vegetal. A retirada de \u00e1rvores e a expans\u00e3o do asfalto alteraram o equil\u00edbrio t\u00e9rmico da cidade, elevando a temperatura, principalmente em bairros perif\u00e9ricos, onde ruas sem sombra s\u00e3o comuns.<\/p>\n\n\n\n<h2 class=\"wp-block-heading\">Calor constante afeta o sono, a rotina e escancara desigualdades<\/h2>\n\n\n\n<p>O impacto desse calor excessivo vai al\u00e9m dos term\u00f4metros. Em bairros com pouca arboriza\u00e7\u00e3o, moradores relatam dificuldade para descansar durante o dia e para dormir \u00e0 noite. A falta de resfriamento natural impede o corpo de entrar em um sono profundo, o que gera cansa\u00e7o acumulado e queda no rendimento f\u00edsico e mental.<\/p>\n\n\n\n<p>Especialistas explicam que, para dormir bem, o organismo precisa reduzir a temperatura interna. Quando o ambiente permanece quente por muitas horas seguidas, esse processo \u00e9 prejudicado. Com v\u00e1rias noites mal dormidas, os efeitos aparecem a m\u00e9dio e longo prazo, como:<\/p>\n\n\n\n<ul class=\"wp-block-list\">\n<li>fadiga constante<\/li>\n\n\n\n<li>dificuldade de concentra\u00e7\u00e3o<\/li>\n\n\n\n<li>piora no desempenho escolar<\/li>\n\n\n\n<li>maior risco para crian\u00e7as, adolescentes e idosos<\/li>\n<\/ul>\n\n\n\n<p>Al\u00e9m disso, o calor excessivo tamb\u00e9m afeta atividades econ\u00f4micas locais. Em Bel\u00e9m, mudan\u00e7as no clima t\u00eam interferido na produ\u00e7\u00e3o do a\u00e7a\u00ed, alimento b\u00e1sico da popula\u00e7\u00e3o. Altera\u00e7\u00f5es no regime de chuvas e no ciclo das plantas reduziram a oferta da fruta, elevaram os pre\u00e7os e apertaram o or\u00e7amento de muitas fam\u00edlias.<\/p>\n\n\n\n<p>Enquanto \u00e1reas centrais da cidade contam com ruas arborizadas, sombra e ar-condicionado, regi\u00f5es mais pobres enfrentam o calor de forma direta. Essa diferen\u00e7a deixa claro como o clima n\u00e3o afeta todos da mesma forma e transforma o calor extremo em um problema social.<\/p>\n","protected":false},"excerpt":{"rendered":"<p>Viver em uma cidade quente n\u00e3o \u00e9 novidade para quem mora no Norte do Brasil. O que tem mudado, por\u00e9m, \u00e9 a frequ\u00eancia e a intensidade do calor, que deixou de ser algo pontual e passou a fazer parte da rotina durante boa parte do ano. Para muitos moradores, o desconforto deixou de ser apenas [&hellip;]<\/p>\n","protected":false},"author":14,"featured_media":12503,"comment_status":"open","ping_status":"open","sticky":false,"template":"","format":"standard","meta":{"jnews-multi-image_gallery":[],"jnews_single_post":{"format":"standard"},"jnews_primary_category":[],"jnews_social_meta":[],"jnews_post_split":[],"footnotes":""},"categories":[1],"tags":[],"class_list":["post-12498","post","type-post","status-publish","format-standard","has-post-thumbnail","hentry","category-uncategorized"],"_links":{"self":[{"href":"https:\/\/diariodepernambuco.audiencelabs.com.br\/wp-json\/wp\/v2\/posts\/12498","targetHints":{"allow":["GET"]}}],"collection":[{"href":"https:\/\/diariodepernambuco.audiencelabs.com.br\/wp-json\/wp\/v2\/posts"}],"about":[{"href":"https:\/\/diariodepernambuco.audiencelabs.com.br\/wp-json\/wp\/v2\/types\/post"}],"author":[{"embeddable":true,"href":"https:\/\/diariodepernambuco.audiencelabs.com.br\/wp-json\/wp\/v2\/users\/14"}],"replies":[{"embeddable":true,"href":"https:\/\/diariodepernambuco.audiencelabs.com.br\/wp-json\/wp\/v2\/comments?post=12498"}],"version-history":[{"count":1,"href":"https:\/\/diariodepernambuco.audiencelabs.com.br\/wp-json\/wp\/v2\/posts\/12498\/revisions"}],"predecessor-version":[{"id":12504,"href":"https:\/\/diariodepernambuco.audiencelabs.com.br\/wp-json\/wp\/v2\/posts\/12498\/revisions\/12504"}],"wp:featuredmedia":[{"embeddable":true,"href":"https:\/\/diariodepernambuco.audiencelabs.com.br\/wp-json\/wp\/v2\/media\/12503"}],"wp:attachment":[{"href":"https:\/\/diariodepernambuco.audiencelabs.com.br\/wp-json\/wp\/v2\/media?parent=12498"}],"wp:term":[{"taxonomy":"category","embeddable":true,"href":"https:\/\/diariodepernambuco.audiencelabs.com.br\/wp-json\/wp\/v2\/categories?post=12498"},{"taxonomy":"post_tag","embeddable":true,"href":"https:\/\/diariodepernambuco.audiencelabs.com.br\/wp-json\/wp\/v2\/tags?post=12498"}],"curies":[{"name":"wp","href":"https:\/\/api.w.org\/{rel}","templated":true}]}}