{"id":12499,"date":"2025-12-31T23:45:00","date_gmt":"2026-01-01T02:45:00","guid":{"rendered":"https:\/\/diariodepernambuco.audiencelabs.com.br\/?p=12499"},"modified":"2025-12-31T19:42:50","modified_gmt":"2025-12-31T22:42:50","slug":"peixe-que-existe-ha-quase-150-milhoes-de-anos-corre-risco-de-desaparecer","status":"publish","type":"post","link":"https:\/\/diariodepernambuco.audiencelabs.com.br\/peixe-que-existe-ha-quase-150-milhoes-de-anos-corre-risco-de-desaparecer\/","title":{"rendered":"Peixe que existe h\u00e1 quase 150 milh\u00f5es de anos corre risco de desaparecer"},"content":{"rendered":"\n<p>Ao longo da hist\u00f3ria da Terra, poucas esp\u00e9cies conseguiram atravessar tantas transforma\u00e7\u00f5es quanto algumas formas de vida aqu\u00e1tica. Mudan\u00e7as no clima, no relevo e at\u00e9 extin\u00e7\u00f5es em massa foram superadas por organismos que aprenderam a se adaptar ao ambiente ao seu redor.<\/p>\n\n\n\n<p>Hoje, por\u00e9m, um desses sobreviventes enfrenta um perigo diferente. N\u00e3o se trata de um evento natural, mas de a\u00e7\u00f5es humanas que colocam em risco a continuidade de uma esp\u00e9cie que carrega milh\u00f5es de anos de hist\u00f3ria viva.<\/p>\n\n\n\n<h2 class=\"wp-block-heading\">Um f\u00f3ssil vivo amea\u00e7ado no cora\u00e7\u00e3o do Caribe<\/h2>\n\n\n\n<p>O manjuar\u00ed, conhecido cientificamente como Atractosteus tristoechus, vive h\u00e1 mais de 140 milh\u00f5es de anos e \u00e9 considerado um verdadeiro f\u00f3ssil vivo. A esp\u00e9cie habita principalmente o P\u00e2ntano de Zapata, a maior \u00e1rea alagada preservada do Caribe, onde encontra condi\u00e7\u00f5es ideais para reprodu\u00e7\u00e3o e alimenta\u00e7\u00e3o.<\/p>\n\n\n\n<p>Mesmo tendo sobrevivido desde a \u00e9poca dos dinossauros, o peixe entrou oficialmente na lista de esp\u00e9cies criticamente amea\u00e7adas em 2020, segundo a Uni\u00e3o Internacional para a Conserva\u00e7\u00e3o da Natureza. A queda no n\u00famero de indiv\u00edduos est\u00e1 ligada a v\u00e1rios fatores combinados, como a redu\u00e7\u00e3o do habitat natural, o avan\u00e7o da atividade humana e a pesca predat\u00f3ria.<\/p>\n\n\n\n<p>O impacto mais severo, no entanto, come\u00e7ou no fim da d\u00e9cada de 1990, quando uma esp\u00e9cie invasora passou a ocupar os mesmos ambientes. A introdu\u00e7\u00e3o do bagre-africano, conhecido como claria, alterou o equil\u00edbrio dos ecossistemas aqu\u00e1ticos cubanos. Mais agressivo e resistente, esse predador compete diretamente com o manjuar\u00ed por alimento e espa\u00e7o, acelerando o decl\u00ednio da esp\u00e9cie nativa.<\/p>\n\n\n\n<h2 class=\"wp-block-heading\">Esfor\u00e7os de conserva\u00e7\u00e3o tentam evitar o desaparecimento da esp\u00e9cie<\/h2>\n\n\n\n<p>Diante da situa\u00e7\u00e3o cr\u00edtica, pesquisadores cubanos iniciaram um trabalho de resgate que envolve a cria\u00e7\u00e3o controlada do manjuar\u00ed em \u00e1reas isoladas do p\u00e2ntano. A iniciativa \u00e9 liderada por bi\u00f3logos que atuam em condi\u00e7\u00f5es dif\u00edceis, cercados por manguezais, mosquitos e acesso limitado a recursos b\u00e1sicos.<\/p>\n\n\n\n<p>A reprodu\u00e7\u00e3o da esp\u00e9cie em cativeiro exige aten\u00e7\u00e3o constante. As larvas s\u00e3o extremamente fr\u00e1geis e se escondem entre ra\u00edzes e vegeta\u00e7\u00e3o submersa, o que dificulta o acompanhamento. Mesmo assim, parte dos filhotes j\u00e1 foi devolvida ao ambiente natural, e pescadores locais relatam avistamentos recentes em regi\u00f5es onde o peixe n\u00e3o aparecia havia anos.<\/p>\n\n\n\n<p>Apesar desses sinais positivos, o alerta permanece alto. A descoberta de exemplares mortos em \u00e1reas urbanas, como nas ruas de Havana, aumentou a preocupa\u00e7\u00e3o dos cientistas, que ainda investigam as causas. Para especialistas, a perda do manjuar\u00ed significaria mais do que a extin\u00e7\u00e3o de uma esp\u00e9cie. Representaria o desaparecimento de um elo raro com o passado do planeta.<\/p>\n\n\n\n<p>Pesquisadores defendem mais investimentos em pol\u00edticas ambientais, controle de esp\u00e9cies invasoras e prote\u00e7\u00e3o dos ecossistemas aqu\u00e1ticos. A sobreviv\u00eancia do manjuar\u00ed est\u00e1 diretamente ligada \u00e0 preserva\u00e7\u00e3o do P\u00e2ntano de Zapata e de todo o equil\u00edbrio natural da regi\u00e3o, cada vez mais pressionado pela a\u00e7\u00e3o humana.<\/p>\n","protected":false},"excerpt":{"rendered":"<p>Ao longo da hist\u00f3ria da Terra, poucas esp\u00e9cies conseguiram atravessar tantas transforma\u00e7\u00f5es quanto algumas formas de vida aqu\u00e1tica. Mudan\u00e7as no clima, no relevo e at\u00e9 extin\u00e7\u00f5es em massa foram superadas por organismos que aprenderam a se adaptar ao ambiente ao seu redor. Hoje, por\u00e9m, um desses sobreviventes enfrenta um perigo diferente. N\u00e3o se trata de [&hellip;]<\/p>\n","protected":false},"author":14,"featured_media":12501,"comment_status":"open","ping_status":"open","sticky":false,"template":"","format":"standard","meta":{"jnews-multi-image_gallery":[],"jnews_single_post":{"format":"standard"},"jnews_primary_category":[],"jnews_social_meta":[],"jnews_post_split":[],"footnotes":""},"categories":[1],"tags":[],"class_list":["post-12499","post","type-post","status-publish","format-standard","has-post-thumbnail","hentry","category-uncategorized"],"_links":{"self":[{"href":"https:\/\/diariodepernambuco.audiencelabs.com.br\/wp-json\/wp\/v2\/posts\/12499","targetHints":{"allow":["GET"]}}],"collection":[{"href":"https:\/\/diariodepernambuco.audiencelabs.com.br\/wp-json\/wp\/v2\/posts"}],"about":[{"href":"https:\/\/diariodepernambuco.audiencelabs.com.br\/wp-json\/wp\/v2\/types\/post"}],"author":[{"embeddable":true,"href":"https:\/\/diariodepernambuco.audiencelabs.com.br\/wp-json\/wp\/v2\/users\/14"}],"replies":[{"embeddable":true,"href":"https:\/\/diariodepernambuco.audiencelabs.com.br\/wp-json\/wp\/v2\/comments?post=12499"}],"version-history":[{"count":1,"href":"https:\/\/diariodepernambuco.audiencelabs.com.br\/wp-json\/wp\/v2\/posts\/12499\/revisions"}],"predecessor-version":[{"id":12502,"href":"https:\/\/diariodepernambuco.audiencelabs.com.br\/wp-json\/wp\/v2\/posts\/12499\/revisions\/12502"}],"wp:featuredmedia":[{"embeddable":true,"href":"https:\/\/diariodepernambuco.audiencelabs.com.br\/wp-json\/wp\/v2\/media\/12501"}],"wp:attachment":[{"href":"https:\/\/diariodepernambuco.audiencelabs.com.br\/wp-json\/wp\/v2\/media?parent=12499"}],"wp:term":[{"taxonomy":"category","embeddable":true,"href":"https:\/\/diariodepernambuco.audiencelabs.com.br\/wp-json\/wp\/v2\/categories?post=12499"},{"taxonomy":"post_tag","embeddable":true,"href":"https:\/\/diariodepernambuco.audiencelabs.com.br\/wp-json\/wp\/v2\/tags?post=12499"}],"curies":[{"name":"wp","href":"https:\/\/api.w.org\/{rel}","templated":true}]}}