{"id":12500,"date":"2025-12-31T21:11:00","date_gmt":"2026-01-01T00:11:00","guid":{"rendered":"https:\/\/diariodepernambuco.audiencelabs.com.br\/?p=12500"},"modified":"2025-12-31T19:48:25","modified_gmt":"2025-12-31T22:48:25","slug":"dono-da-saf-do-cruzeiro-tem-fortuna-de-rei-e-patrimonio-para-construir-um-imperio","status":"publish","type":"post","link":"https:\/\/diariodepernambuco.audiencelabs.com.br\/dono-da-saf-do-cruzeiro-tem-fortuna-de-rei-e-patrimonio-para-construir-um-imperio\/","title":{"rendered":"Dono da SAF do Cruzeiro tem fortuna de rei e patrim\u00f4nio para construir um imp\u00e9rio"},"content":{"rendered":"\n<p>A mudan\u00e7a no comando do Cruzeiro chamou aten\u00e7\u00e3o n\u00e3o apenas pelo impacto esportivo, mas tamb\u00e9m pelo peso financeiro envolvido. Quando um clube tradicional passa a ter um novo controlador, o mercado naturalmente olha para quem est\u00e1 por tr\u00e1s da opera\u00e7\u00e3o e tenta entender a for\u00e7a econ\u00f4mica que sustenta o projeto.<\/p>\n\n\n\n<p>Nesse cen\u00e1rio, o nome do novo dono da SAF ganhou destaque. A trajet\u00f3ria empresarial, os n\u00fameros do patrim\u00f4nio e a rela\u00e7\u00e3o antiga com o clube ajudam a explicar por que a negocia\u00e7\u00e3o foi poss\u00edvel e quais s\u00e3o as bases financeiras que sustentam essa nova fase.<\/p>\n\n\n\n<h2 class=\"wp-block-heading\">Empres\u00e1rio por tr\u00e1s da SAF construiu fortuna bilion\u00e1ria fora do futebol<\/h2>\n\n\n\n<p>Pedro Louren\u00e7o, conhecido como Pedrinho, \u00e9 um dos empres\u00e1rios mais influentes de Minas Gerais e construiu sua riqueza muito antes de assumir qualquer papel formal no futebol. Fundador e propriet\u00e1rio da rede Supermercados BH, ele comanda a quinta maior empresa do setor no pa\u00eds, segundo dados da Associa\u00e7\u00e3o Brasileira de Supermercados.<\/p>\n\n\n\n<p>Em 2023, o grupo registrou faturamento de R$ 17,3 bilh\u00f5es, resultado que ajuda a dimensionar o tamanho do imp\u00e9rio empresarial constru\u00eddo ao longo dos anos. A \u00faltima estimativa p\u00fablica sobre sua fortuna, divulgada em 2020, apontava um patrim\u00f4nio de R$ 7,5 bilh\u00f5es. Embora n\u00e3o haja n\u00fameros mais recentes, a avalia\u00e7\u00e3o de mercado \u00e9 de que esse valor tenha crescido com a expans\u00e3o dos neg\u00f3cios.<\/p>\n\n\n\n<p>Al\u00e9m disso, Pedro Louren\u00e7o figura entre os principais credores do Cruzeiro no processo de recupera\u00e7\u00e3o judicial, com mais de R$ 28 milh\u00f5es a receber. Essa posi\u00e7\u00e3o refor\u00e7a o v\u00ednculo financeiro que ele j\u00e1 mantinha com o clube antes mesmo de se tornar o acionista majorit\u00e1rio da SAF.<\/p>\n\n\n\n<h2 class=\"wp-block-heading\">Compra da SAF consolida rela\u00e7\u00e3o antiga com o Cruzeiro<\/h2>\n\n\n\n<p>A aquisi\u00e7\u00e3o da SAF do Cruzeiro marca apenas mais um cap\u00edtulo de uma liga\u00e7\u00e3o que vem de longa data. Pedro Louren\u00e7o acertou a compra de 90% das a\u00e7\u00f5es da SAF, enquanto a associa\u00e7\u00e3o do clube manteve os outros 10%. Os valores da negocia\u00e7\u00e3o n\u00e3o foram divulgados oficialmente, mas envolvem estimativas de investimento que podem chegar a R$ 600 milh\u00f5es.<\/p>\n\n\n\n<p>Antes da sa\u00edda de Ronaldo Fen\u00f4meno do controle da SAF, Pedrinho j\u00e1 atuava nos bastidores como parceiro do projeto. Durante per\u00edodos cr\u00edticos, especialmente ap\u00f3s o rebaixamento do clube, ele ajudou no pagamento de sal\u00e1rios de jogadores e funcion\u00e1rios, al\u00e9m de oferecer apoio financeiro em momentos delicados.<\/p>\n\n\n\n<p>Durante a gest\u00e3o anterior, o empres\u00e1rio tamb\u00e9m participou de aportes relevantes, como a aplica\u00e7\u00e3o de R$ 100 milh\u00f5es por meio de deb\u00eantures convers\u00edveis, mecanismo que refor\u00e7ou o caixa da empresa e mostrou confian\u00e7a no modelo de clube-empresa. <\/p>\n\n\n\n<p>Agora, como acionista majorit\u00e1rio, Pedro Louren\u00e7o passa a concentrar poder de decis\u00e3o e recursos suficientes para estruturar um projeto de longo prazo, sustentado por um patrim\u00f4nio que o coloca entre os empres\u00e1rios mais ricos ligados ao futebol brasileiro.<\/p>\n","protected":false},"excerpt":{"rendered":"<p>A mudan\u00e7a no comando do Cruzeiro chamou aten\u00e7\u00e3o n\u00e3o apenas pelo impacto esportivo, mas tamb\u00e9m pelo peso financeiro envolvido. Quando um clube tradicional passa a ter um novo controlador, o mercado naturalmente olha para quem est\u00e1 por tr\u00e1s da opera\u00e7\u00e3o e tenta entender a for\u00e7a econ\u00f4mica que sustenta o projeto. Nesse cen\u00e1rio, o nome do [&hellip;]<\/p>\n","protected":false},"author":14,"featured_media":12505,"comment_status":"open","ping_status":"open","sticky":false,"template":"","format":"standard","meta":{"jnews-multi-image_gallery":[],"jnews_single_post":{"format":"standard"},"jnews_primary_category":[],"jnews_social_meta":[],"jnews_post_split":[],"footnotes":""},"categories":[1],"tags":[],"class_list":["post-12500","post","type-post","status-publish","format-standard","has-post-thumbnail","hentry","category-uncategorized"],"_links":{"self":[{"href":"https:\/\/diariodepernambuco.audiencelabs.com.br\/wp-json\/wp\/v2\/posts\/12500","targetHints":{"allow":["GET"]}}],"collection":[{"href":"https:\/\/diariodepernambuco.audiencelabs.com.br\/wp-json\/wp\/v2\/posts"}],"about":[{"href":"https:\/\/diariodepernambuco.audiencelabs.com.br\/wp-json\/wp\/v2\/types\/post"}],"author":[{"embeddable":true,"href":"https:\/\/diariodepernambuco.audiencelabs.com.br\/wp-json\/wp\/v2\/users\/14"}],"replies":[{"embeddable":true,"href":"https:\/\/diariodepernambuco.audiencelabs.com.br\/wp-json\/wp\/v2\/comments?post=12500"}],"version-history":[{"count":1,"href":"https:\/\/diariodepernambuco.audiencelabs.com.br\/wp-json\/wp\/v2\/posts\/12500\/revisions"}],"predecessor-version":[{"id":12506,"href":"https:\/\/diariodepernambuco.audiencelabs.com.br\/wp-json\/wp\/v2\/posts\/12500\/revisions\/12506"}],"wp:featuredmedia":[{"embeddable":true,"href":"https:\/\/diariodepernambuco.audiencelabs.com.br\/wp-json\/wp\/v2\/media\/12505"}],"wp:attachment":[{"href":"https:\/\/diariodepernambuco.audiencelabs.com.br\/wp-json\/wp\/v2\/media?parent=12500"}],"wp:term":[{"taxonomy":"category","embeddable":true,"href":"https:\/\/diariodepernambuco.audiencelabs.com.br\/wp-json\/wp\/v2\/categories?post=12500"},{"taxonomy":"post_tag","embeddable":true,"href":"https:\/\/diariodepernambuco.audiencelabs.com.br\/wp-json\/wp\/v2\/tags?post=12500"}],"curies":[{"name":"wp","href":"https:\/\/api.w.org\/{rel}","templated":true}]}}