{"id":12531,"date":"2026-01-05T06:27:00","date_gmt":"2026-01-05T09:27:00","guid":{"rendered":"https:\/\/diariodepernambuco.audiencelabs.com.br\/?p=12531"},"modified":"2026-01-04T02:00:42","modified_gmt":"2026-01-04T05:00:42","slug":"lei-aprovada-garante-acesso-de-graca-para-jovens-em-academias-em-2026-para-jovens-deste-pais","status":"publish","type":"post","link":"https:\/\/diariodepernambuco.audiencelabs.com.br\/lei-aprovada-garante-acesso-de-graca-para-jovens-em-academias-em-2026-para-jovens-deste-pais\/","title":{"rendered":"Lei aprovada garante acesso de gra\u00e7a para jovens nas academias no ano de 2026 neste pa\u00eds"},"content":{"rendered":"\n<p>Praticar atividade f\u00edsica ainda \u00e9 um desafio para muitos jovens, seja por falta de incentivo, rotina corrida ou custo mensal das academias. Em v\u00e1rios pa\u00edses, governos discutem formas de estimular h\u00e1bitos mais saud\u00e1veis desde cedo, entendendo que isso reflete diretamente na sa\u00fade ao longo da vida.<\/p>\n\n\n\n<p>Com isso, algumas iniciativas p\u00fablicas t\u00eam chamado aten\u00e7\u00e3o por ir al\u00e9m de campanhas educativas. Em um pa\u00eds europeu, uma medida recente promete mudar a rela\u00e7\u00e3o dos jovens com o exerc\u00edcio f\u00edsico j\u00e1 a partir de 2026.<\/p>\n\n\n\n<h2 class=\"wp-block-heading\">Pa\u00eds europeu aprova lei que garante academias gratuitas para jovens em 2026<\/h2>\n\n\n\n<p>O pa\u00eds que aprovou a iniciativa \u00e9 Malta. O governo malt\u00eas criou um programa que garante seis meses de academia gratuitos para jovens nascidos entre 2005 e 2007. A medida deve beneficiar cerca de 12 mil pessoas e j\u00e1 foi confirmada para entrar em vigor em 2026.<\/p>\n\n\n\n<p>O investimento p\u00fablico gira em torno de dois milh\u00f5es de euros e faz parte de uma estrat\u00e9gia para incentivar um estilo de vida mais ativo entre adolescentes e jovens adultos. A proposta \u00e9 facilitar o acesso \u00e0s academias justamente em uma fase da vida em que muitos deixam de praticar esportes com regularidade.<\/p>\n\n\n\n<p>O programa recebeu o nome de Youth Fitness e permite que os jovens se inscrevam por meio de um site oficial do governo. Na plataforma, tamb\u00e9m \u00e9 poss\u00edvel localizar as academias participantes mais pr\u00f3ximas, o que ajuda a ampliar o alcance da iniciativa em diferentes regi\u00f5es do pa\u00eds.<\/p>\n\n\n\n<h2 class=\"wp-block-heading\">Como funciona o programa e por que o governo aposta nessa iniciativa<\/h2>\n\n\n\n<p>Ao todo, cerca de 60 academias aderiram ao projeto, incluindo unidades localizadas na ilha de Gozo. Os estabelecimentos oferecem estrutura completa para muscula\u00e7\u00e3o e outras atividades f\u00edsicas durante o per\u00edodo de gratuidade garantido pelo governo.<\/p>\n\n\n\n<p>Segundo autoridades locais, a ideia \u00e9 criar o h\u00e1bito do exerc\u00edcio f\u00edsico ainda na juventude, quando o corpo responde melhor aos est\u00edmulos e os benef\u00edcios aparecem mais r\u00e1pido. A expectativa \u00e9 que, ao iniciar esse contato mais cedo, os jovens mantenham uma rotina ativa mesmo ap\u00f3s o fim do per\u00edodo gratuito.<\/p>\n\n\n\n<p>Donos de academias que participam do programa avaliam a iniciativa como positiva tanto para a sa\u00fade p\u00fablica quanto para a conscientiza\u00e7\u00e3o da popula\u00e7\u00e3o jovem. Eles destacam que a pr\u00e1tica regular de exerc\u00edcios pode ajudar a reduzir problemas de sa\u00fade no futuro, al\u00e9m de melhorar o bem-estar f\u00edsico e mental no presente.<\/p>\n\n\n\n<p>Embora o modelo adotado por Malta seja mais amplo do que o observado em muitos pa\u00edses, outras na\u00e7\u00f5es tamb\u00e9m apostam em a\u00e7\u00f5es semelhantes, como aulas coletivas gratuitas e programas esportivos comunit\u00e1rios. <\/p>\n","protected":false},"excerpt":{"rendered":"<p>Praticar atividade f\u00edsica ainda \u00e9 um desafio para muitos jovens, seja por falta de incentivo, rotina corrida ou custo mensal das academias. Em v\u00e1rios pa\u00edses, governos discutem formas de estimular h\u00e1bitos mais saud\u00e1veis desde cedo, entendendo que isso reflete diretamente na sa\u00fade ao longo da vida. Com isso, algumas iniciativas p\u00fablicas t\u00eam chamado aten\u00e7\u00e3o por [&hellip;]<\/p>\n","protected":false},"author":14,"featured_media":12533,"comment_status":"open","ping_status":"open","sticky":false,"template":"","format":"standard","meta":{"jnews-multi-image_gallery":[],"jnews_single_post":{"format":"standard"},"jnews_primary_category":[],"jnews_social_meta":[],"jnews_post_split":[],"footnotes":""},"categories":[1],"tags":[],"class_list":["post-12531","post","type-post","status-publish","format-standard","has-post-thumbnail","hentry","category-uncategorized"],"_links":{"self":[{"href":"https:\/\/diariodepernambuco.audiencelabs.com.br\/wp-json\/wp\/v2\/posts\/12531","targetHints":{"allow":["GET"]}}],"collection":[{"href":"https:\/\/diariodepernambuco.audiencelabs.com.br\/wp-json\/wp\/v2\/posts"}],"about":[{"href":"https:\/\/diariodepernambuco.audiencelabs.com.br\/wp-json\/wp\/v2\/types\/post"}],"author":[{"embeddable":true,"href":"https:\/\/diariodepernambuco.audiencelabs.com.br\/wp-json\/wp\/v2\/users\/14"}],"replies":[{"embeddable":true,"href":"https:\/\/diariodepernambuco.audiencelabs.com.br\/wp-json\/wp\/v2\/comments?post=12531"}],"version-history":[{"count":2,"href":"https:\/\/diariodepernambuco.audiencelabs.com.br\/wp-json\/wp\/v2\/posts\/12531\/revisions"}],"predecessor-version":[{"id":12543,"href":"https:\/\/diariodepernambuco.audiencelabs.com.br\/wp-json\/wp\/v2\/posts\/12531\/revisions\/12543"}],"wp:featuredmedia":[{"embeddable":true,"href":"https:\/\/diariodepernambuco.audiencelabs.com.br\/wp-json\/wp\/v2\/media\/12533"}],"wp:attachment":[{"href":"https:\/\/diariodepernambuco.audiencelabs.com.br\/wp-json\/wp\/v2\/media?parent=12531"}],"wp:term":[{"taxonomy":"category","embeddable":true,"href":"https:\/\/diariodepernambuco.audiencelabs.com.br\/wp-json\/wp\/v2\/categories?post=12531"},{"taxonomy":"post_tag","embeddable":true,"href":"https:\/\/diariodepernambuco.audiencelabs.com.br\/wp-json\/wp\/v2\/tags?post=12531"}],"curies":[{"name":"wp","href":"https:\/\/api.w.org\/{rel}","templated":true}]}}