{"id":12532,"date":"2026-01-02T11:38:00","date_gmt":"2026-01-02T14:38:00","guid":{"rendered":"https:\/\/diariodepernambuco.audiencelabs.com.br\/?p=12532"},"modified":"2026-01-02T13:44:26","modified_gmt":"2026-01-02T16:44:26","slug":"primeira-semana-de-2026-vai-ter-pancadas-de-chuvas-fortes-no-brasil","status":"publish","type":"post","link":"https:\/\/diariodepernambuco.audiencelabs.com.br\/primeira-semana-de-2026-vai-ter-pancadas-de-chuvas-fortes-no-brasil\/","title":{"rendered":"Primeira semana de 2026 vai ter pancadas de chuvas fortes no Brasil"},"content":{"rendered":"\n<p>O in\u00edcio de 2026 deve ser marcado por mudan\u00e7as importantes no tempo em v\u00e1rias partes do pa\u00eds. Logo nos primeiros dias do ano, o clima tende a ficar mais inst\u00e1vel, exigindo aten\u00e7\u00e3o de quem pretende viajar, trabalhar ao ar livre ou circular por \u00e1reas mais vulner\u00e1veis.<\/p>\n\n\n\n<p>Mesmo sendo comum o ver\u00e3o trazer calor e chuva, o cen\u00e1rio previsto para a primeira semana do ano indica condi\u00e7\u00f5es mais intensas do que o habitual. A combina\u00e7\u00e3o entre altas temperaturas e sistemas atmosf\u00e9ricos ativos deve influenciar o comportamento do tempo em diferentes regi\u00f5es.<\/p>\n\n\n\n<h2 class=\"wp-block-heading\">Alertas indicam temporais e risco de transtornos em v\u00e1rios estados<\/h2>\n\n\n\n<p>A previs\u00e3o aponta para a ocorr\u00eancia de pancadas de chuva fortes logo nos primeiros dias de 2026, com possibilidade de temporais em diversas \u00e1reas do Brasil. Os alertas meteorol\u00f3gicos incluem acumulados elevados de chuva, rajadas de vento e outros fen\u00f4menos associados ao mau tempo.<\/p>\n\n\n\n<p>Entre os principais riscos previstos est\u00e3o:<\/p>\n\n\n\n<ul class=\"wp-block-list\">\n<li>volumes de chuva entre 30 e 60 mm em curto per\u00edodo, podendo chegar a 100 mm em um \u00fanico dia<\/li>\n\n\n\n<li>ventos fortes, com rajadas que podem alcan\u00e7ar at\u00e9 100 km\/h<\/li>\n\n\n\n<li>chance de queda de granizo em pontos isolados<\/li>\n\n\n\n<li>alagamentos, quedas de \u00e1rvores e danos em \u00e1reas urbanas<\/li>\n<\/ul>\n\n\n\n<p>Os avisos abrangem estados como S\u00e3o Paulo, Rio de Janeiro, Esp\u00edrito Santo, Minas Gerais, Goi\u00e1s, Mato Grosso, Mato Grosso do Sul, Bahia, Tocantins e tamb\u00e9m o Distrito Federal. No Sul do pa\u00eds, o cen\u00e1rio tamb\u00e9m inspira cuidados, especialmente no Paran\u00e1, em Santa Catarina e no Rio Grande do Sul, onde as chuvas podem ser persistentes e intensas.<\/p>\n\n\n\n<p>Em S\u00e3o Paulo, por exemplo, a expectativa \u00e9 de temporais associados \u00e0 passagem de frentes frias. A chuva pode ocorrer a qualquer hora do dia, com maior intensidade em \u00e1reas do litoral e da faixa leste do estado, aumentando o risco de deslizamentos e problemas no tr\u00e2nsito.<\/p>\n\n\n\n<h2 class=\"wp-block-heading\">Janeiro come\u00e7a com chuva irregular e temperaturas acima do normal<\/h2>\n\n\n\n<p>Al\u00e9m dos epis\u00f3dios de chuva forte, a previs\u00e3o clim\u00e1tica para janeiro de 2026 indica uma distribui\u00e7\u00e3o desigual das precipita\u00e7\u00f5es ao longo do pa\u00eds. Algumas regi\u00f5es devem registrar volumes acima da m\u00e9dia hist\u00f3rica, enquanto outras podem enfrentar per\u00edodos mais secos.<\/p>\n\n\n\n<p>A tend\u00eancia \u00e9 de mais chuva nas regi\u00f5es Norte, Norte do Centro-Oeste e em parte do Sul. J\u00e1 \u00e1reas como o centro-sul do Nordeste, o centro-norte do Sudeste e o leste do Centro-Oeste podem ter chuvas abaixo do padr\u00e3o esperado para o m\u00eas.<\/p>\n\n\n\n<p>Outro ponto de destaque \u00e9 o calor. As temperaturas devem ficar acima da m\u00e9dia em grande parte do Brasil durante o in\u00edcio do ano. No Norte, os term\u00f4metros podem marcar valores entre 26 \u00b0C e 28 \u00b0C, com desvios positivos em rela\u00e7\u00e3o ao normal. Em estados como Tocantins, o aquecimento pode chegar a at\u00e9 1 \u00b0C acima da m\u00e9dia climatol\u00f3gica.<\/p>\n","protected":false},"excerpt":{"rendered":"<p>O in\u00edcio de 2026 deve ser marcado por mudan\u00e7as importantes no tempo em v\u00e1rias partes do pa\u00eds. Logo nos primeiros dias do ano, o clima tende a ficar mais inst\u00e1vel, exigindo aten\u00e7\u00e3o de quem pretende viajar, trabalhar ao ar livre ou circular por \u00e1reas mais vulner\u00e1veis. Mesmo sendo comum o ver\u00e3o trazer calor e chuva, [&hellip;]<\/p>\n","protected":false},"author":14,"featured_media":12535,"comment_status":"open","ping_status":"open","sticky":false,"template":"","format":"standard","meta":{"jnews-multi-image_gallery":[],"jnews_single_post":{"format":"standard"},"jnews_primary_category":[],"jnews_social_meta":[],"jnews_post_split":[],"footnotes":""},"categories":[1],"tags":[],"class_list":["post-12532","post","type-post","status-publish","format-standard","has-post-thumbnail","hentry","category-uncategorized"],"_links":{"self":[{"href":"https:\/\/diariodepernambuco.audiencelabs.com.br\/wp-json\/wp\/v2\/posts\/12532","targetHints":{"allow":["GET"]}}],"collection":[{"href":"https:\/\/diariodepernambuco.audiencelabs.com.br\/wp-json\/wp\/v2\/posts"}],"about":[{"href":"https:\/\/diariodepernambuco.audiencelabs.com.br\/wp-json\/wp\/v2\/types\/post"}],"author":[{"embeddable":true,"href":"https:\/\/diariodepernambuco.audiencelabs.com.br\/wp-json\/wp\/v2\/users\/14"}],"replies":[{"embeddable":true,"href":"https:\/\/diariodepernambuco.audiencelabs.com.br\/wp-json\/wp\/v2\/comments?post=12532"}],"version-history":[{"count":1,"href":"https:\/\/diariodepernambuco.audiencelabs.com.br\/wp-json\/wp\/v2\/posts\/12532\/revisions"}],"predecessor-version":[{"id":12536,"href":"https:\/\/diariodepernambuco.audiencelabs.com.br\/wp-json\/wp\/v2\/posts\/12532\/revisions\/12536"}],"wp:featuredmedia":[{"embeddable":true,"href":"https:\/\/diariodepernambuco.audiencelabs.com.br\/wp-json\/wp\/v2\/media\/12535"}],"wp:attachment":[{"href":"https:\/\/diariodepernambuco.audiencelabs.com.br\/wp-json\/wp\/v2\/media?parent=12532"}],"wp:term":[{"taxonomy":"category","embeddable":true,"href":"https:\/\/diariodepernambuco.audiencelabs.com.br\/wp-json\/wp\/v2\/categories?post=12532"},{"taxonomy":"post_tag","embeddable":true,"href":"https:\/\/diariodepernambuco.audiencelabs.com.br\/wp-json\/wp\/v2\/tags?post=12532"}],"curies":[{"name":"wp","href":"https:\/\/api.w.org\/{rel}","templated":true}]}}