{"id":12538,"date":"2026-01-04T08:59:00","date_gmt":"2026-01-04T11:59:00","guid":{"rendered":"https:\/\/diariodepernambuco.audiencelabs.com.br\/?p=12538"},"modified":"2026-01-02T18:56:27","modified_gmt":"2026-01-02T21:56:27","slug":"bebida-amada-pelos-brasileiros-comeca-a-ser-um-risco-a-partir-dos-65-anos","status":"publish","type":"post","link":"https:\/\/diariodepernambuco.audiencelabs.com.br\/bebida-amada-pelos-brasileiros-comeca-a-ser-um-risco-a-partir-dos-65-anos\/","title":{"rendered":"Bebida amada pelos brasileiros come\u00e7a a ser um risco a partir dos 65 anos"},"content":{"rendered":"\n<p>Presente em encontros familiares, celebra\u00e7\u00f5es e at\u00e9 na rotina de muitas pessoas, o consumo de bebidas alco\u00f3licas faz parte da cultura brasileira h\u00e1 d\u00e9cadas. Para a maioria dos adultos, o h\u00e1bito costuma ser visto como algo social e, muitas vezes, inofensivo quando feito com modera\u00e7\u00e3o.<\/p>\n\n\n\n<p>No entanto, com o avan\u00e7o da idade, o corpo passa a reagir de forma diferente a subst\u00e2ncias que antes eram toleradas com mais facilidade. \u00c9 nesse contexto que especialistas v\u00eam fazendo alertas importantes sobre cuidados que se tornam necess\u00e1rios a partir dos 65 anos.<\/p>\n\n\n\n<h2 class=\"wp-block-heading\">Por que o \u00e1lcool passa a afetar mais o corpo ap\u00f3s os 65 anos<\/h2>\n\n\n\n<p>Com o envelhecimento, o organismo perde parte da sua capacidade de processar o \u00e1lcool. O f\u00edgado trabalha mais lentamente, h\u00e1 redu\u00e7\u00e3o da quantidade de \u00e1gua no corpo e diminui\u00e7\u00e3o da massa muscular. Isso faz com que a bebida permane\u00e7a por mais tempo na corrente sangu\u00ednea e tenha efeitos mais fortes, mesmo em pequenas quantidades.<\/p>\n\n\n\n<p>Outro ponto de aten\u00e7\u00e3o \u00e9 o impacto direto no c\u00e9rebro. As c\u00e9lulas nervosas ficam mais sens\u00edveis com a idade, e o \u00e1lcool pode acelerar a perda de fun\u00e7\u00f5es importantes, como mem\u00f3ria, concentra\u00e7\u00e3o e racioc\u00ednio. Por esse motivo, entidades de sa\u00fade alertam que n\u00e3o existe um consumo totalmente seguro nessa fase da vida.<\/p>\n\n\n\n<p>Al\u00e9m disso, o uso de \u00e1lcool pode agravar problemas j\u00e1 existentes ou facilitar o surgimento de novas doen\u00e7as, como:<\/p>\n\n\n\n<ul class=\"wp-block-list\">\n<li>doen\u00e7as card\u00edacas<\/li>\n\n\n\n<li>acidente vascular cerebral<\/li>\n\n\n\n<li>diferentes tipos de c\u00e2ncer<\/li>\n\n\n\n<li>danos ao f\u00edgado<\/li>\n\n\n\n<li>preju\u00edzos cognitivos e quadros de dem\u00eancia<\/li>\n<\/ul>\n\n\n\n<p>Condi\u00e7\u00f5es comuns na terceira idade, como diabetes, press\u00e3o alta e osteoporose, tamb\u00e9m tendem a ser afetadas negativamente pelo consumo frequente de bebidas alco\u00f3licas.<\/p>\n\n\n\n<h2 class=\"wp-block-heading\">Quedas, emo\u00e7\u00f5es e cuidados que merecem aten\u00e7\u00e3o redobrada<\/h2>\n\n\n\n<p>Os efeitos do \u00e1lcool sobre coordena\u00e7\u00e3o, aten\u00e7\u00e3o e julgamento se tornam mais intensos ap\u00f3s os 65 anos. Isso aumenta o risco de quedas dentro de casa, acidentes de tr\u00e2nsito e situa\u00e7\u00f5es perigosas no dia a dia, como esquecer portas abertas ou aparelhos ligados.<\/p>\n\n\n\n<p>H\u00e1 ainda o fator emocional. Muitos idosos recorrem \u00e0 bebida para lidar com sentimentos de solid\u00e3o, ansiedade ou tristeza. Embora o \u00e1lcool possa trazer uma sensa\u00e7\u00e3o moment\u00e2nea de al\u00edvio, especialistas alertam que o efeito costuma ser passageiro e pode piorar quadros de ansiedade e depress\u00e3o ao longo do tempo.<\/p>\n\n\n\n<p>Dados internacionais mostram que o consumo de \u00e1lcool entre pessoas acima dos 65 anos \u00e9 mais comum do que se imagina, e o abuso vem crescendo, especialmente entre mulheres. Por isso, profissionais de sa\u00fade recomendam aten\u00e7\u00e3o aos sinais de alerta, como mudan\u00e7as no humor, dificuldade para dormir ou impacto na rotina.<\/p>\n\n\n\n<p>Reduzir o consumo, buscar alternativas mais saud\u00e1veis para lidar com quest\u00f5es emocionais e conversar com um m\u00e9dico s\u00e3o medidas importantes quando o \u00e1lcool come\u00e7a a interferir na qualidade de vida.<\/p>\n","protected":false},"excerpt":{"rendered":"<p>Presente em encontros familiares, celebra\u00e7\u00f5es e at\u00e9 na rotina de muitas pessoas, o consumo de bebidas alco\u00f3licas faz parte da cultura brasileira h\u00e1 d\u00e9cadas. Para a maioria dos adultos, o h\u00e1bito costuma ser visto como algo social e, muitas vezes, inofensivo quando feito com modera\u00e7\u00e3o. No entanto, com o avan\u00e7o da idade, o corpo passa [&hellip;]<\/p>\n","protected":false},"author":14,"featured_media":12539,"comment_status":"open","ping_status":"open","sticky":false,"template":"","format":"standard","meta":{"jnews-multi-image_gallery":[],"jnews_single_post":{"format":"standard"},"jnews_primary_category":[],"jnews_social_meta":[],"jnews_post_split":[],"footnotes":""},"categories":[1],"tags":[],"class_list":["post-12538","post","type-post","status-publish","format-standard","has-post-thumbnail","hentry","category-uncategorized"],"_links":{"self":[{"href":"https:\/\/diariodepernambuco.audiencelabs.com.br\/wp-json\/wp\/v2\/posts\/12538","targetHints":{"allow":["GET"]}}],"collection":[{"href":"https:\/\/diariodepernambuco.audiencelabs.com.br\/wp-json\/wp\/v2\/posts"}],"about":[{"href":"https:\/\/diariodepernambuco.audiencelabs.com.br\/wp-json\/wp\/v2\/types\/post"}],"author":[{"embeddable":true,"href":"https:\/\/diariodepernambuco.audiencelabs.com.br\/wp-json\/wp\/v2\/users\/14"}],"replies":[{"embeddable":true,"href":"https:\/\/diariodepernambuco.audiencelabs.com.br\/wp-json\/wp\/v2\/comments?post=12538"}],"version-history":[{"count":1,"href":"https:\/\/diariodepernambuco.audiencelabs.com.br\/wp-json\/wp\/v2\/posts\/12538\/revisions"}],"predecessor-version":[{"id":12540,"href":"https:\/\/diariodepernambuco.audiencelabs.com.br\/wp-json\/wp\/v2\/posts\/12538\/revisions\/12540"}],"wp:featuredmedia":[{"embeddable":true,"href":"https:\/\/diariodepernambuco.audiencelabs.com.br\/wp-json\/wp\/v2\/media\/12539"}],"wp:attachment":[{"href":"https:\/\/diariodepernambuco.audiencelabs.com.br\/wp-json\/wp\/v2\/media?parent=12538"}],"wp:term":[{"taxonomy":"category","embeddable":true,"href":"https:\/\/diariodepernambuco.audiencelabs.com.br\/wp-json\/wp\/v2\/categories?post=12538"},{"taxonomy":"post_tag","embeddable":true,"href":"https:\/\/diariodepernambuco.audiencelabs.com.br\/wp-json\/wp\/v2\/tags?post=12538"}],"curies":[{"name":"wp","href":"https:\/\/api.w.org\/{rel}","templated":true}]}}