{"id":12623,"date":"2026-01-06T19:00:00","date_gmt":"2026-01-06T22:00:00","guid":{"rendered":"https:\/\/diariodepernambuco.audiencelabs.com.br\/?p=12623"},"modified":"2026-01-05T18:01:00","modified_gmt":"2026-01-05T21:01:00","slug":"revelado-qual-a-temperatura-ideal-para-usar-o-ar-condicionado-no-verao","status":"publish","type":"post","link":"https:\/\/diariodepernambuco.audiencelabs.com.br\/revelado-qual-a-temperatura-ideal-para-usar-o-ar-condicionado-no-verao\/","title":{"rendered":"Revelado qual a temperatura ideal para usar o ar-condicionado no ver\u00e3o"},"content":{"rendered":"\n<p>Com a chegada do ver\u00e3o, o ar-condicionado deixa de ser apenas um conforto e se torna essencial em muitas resid\u00eancias. No entanto, junto com o al\u00edvio do calor, surge tamb\u00e9m o impacto na conta de energia el\u00e9trica. Muitos acreditam que programar o aparelho para 21\u202f\u00b0C ou 22\u202f\u00b0C \u00e9 a maneira mais eficiente de resfriar o ambiente rapidamente, enquanto outros preferem os tradicionais 24\u202f\u00b0C.<\/p>\n\n\n\n<p>No entanto, especialistas em efici\u00eancia energ\u00e9tica alertam que nenhuma das temperaturas citadas \u00e9 a mais econ\u00f4mica. Segundo estudos de efici\u00eancia e orienta\u00e7\u00f5es de t\u00e9cnicos em climatiza\u00e7\u00e3o, o ajuste ideal para economizar energia ao usar o ar-condicionado est\u00e1 entre 25\u202f\u00b0C e 26\u202f\u00b0C.<\/p>\n\n\n\n<p>Essa faixa de temperatura \u00e9 suficiente para aliviar a sensa\u00e7\u00e3o de calor na maioria dos ambientes residenciais, ao mesmo tempo em que reduz o esfor\u00e7o do compressor. Isso ocorre porque, quanto maior a diferen\u00e7a entre a temperatura externa e a programada no ar-condicionado, maior ser\u00e1 o consumo de energia el\u00e9trica.<\/p>\n\n\n\n<p>Al\u00e9m da temperatura, existem outras pr\u00e1ticas que podem ajudar a reduzir o consumo de energia e aumentar a efici\u00eancia do ar-condicionado. Manter portas e janelas fechadas, utilizar cortinas ou persianas para bloquear a entrada direta de sol, e limpar os filtros regularmente s\u00e3o medidas simples, mas eficazes.<\/p>\n\n\n\n<p>Outra dica \u00e9 combinar o uso do aparelho com ventiladores, que ajudam a distribuir o ar de maneira mais uniforme, permitindo manter o conforto sem precisar programar temperaturas muito baixas. Seguindo essas orienta\u00e7\u00f5es, \u00e9 poss\u00edvel aproveitar o frescor proporcionado pelo ar-condicionado durante o ver\u00e3o, sem que a conta de luz sofra aumentos significativos, equilibrando conforto, sa\u00fade e economia de energia.<\/p>\n\n\n\n<p><\/p>\n","protected":false},"excerpt":{"rendered":"<p>Com a chegada do ver\u00e3o, o ar-condicionado deixa de ser apenas um conforto e se torna essencial em muitas resid\u00eancias. No entanto, junto com o al\u00edvio do calor, surge tamb\u00e9m o impacto na conta de energia el\u00e9trica. Muitos acreditam que programar o aparelho para 21\u202f\u00b0C ou 22\u202f\u00b0C \u00e9 a maneira mais eficiente de resfriar o [&hellip;]<\/p>\n","protected":false},"author":4,"featured_media":5926,"comment_status":"open","ping_status":"open","sticky":false,"template":"","format":"standard","meta":{"jnews-multi-image_gallery":[],"jnews_single_post":{"format":"standard"},"jnews_primary_category":[],"jnews_social_meta":[],"jnews_post_split":[],"footnotes":""},"categories":[1],"tags":[],"class_list":["post-12623","post","type-post","status-publish","format-standard","has-post-thumbnail","hentry","category-uncategorized"],"_links":{"self":[{"href":"https:\/\/diariodepernambuco.audiencelabs.com.br\/wp-json\/wp\/v2\/posts\/12623","targetHints":{"allow":["GET"]}}],"collection":[{"href":"https:\/\/diariodepernambuco.audiencelabs.com.br\/wp-json\/wp\/v2\/posts"}],"about":[{"href":"https:\/\/diariodepernambuco.audiencelabs.com.br\/wp-json\/wp\/v2\/types\/post"}],"author":[{"embeddable":true,"href":"https:\/\/diariodepernambuco.audiencelabs.com.br\/wp-json\/wp\/v2\/users\/4"}],"replies":[{"embeddable":true,"href":"https:\/\/diariodepernambuco.audiencelabs.com.br\/wp-json\/wp\/v2\/comments?post=12623"}],"version-history":[{"count":3,"href":"https:\/\/diariodepernambuco.audiencelabs.com.br\/wp-json\/wp\/v2\/posts\/12623\/revisions"}],"predecessor-version":[{"id":12672,"href":"https:\/\/diariodepernambuco.audiencelabs.com.br\/wp-json\/wp\/v2\/posts\/12623\/revisions\/12672"}],"wp:featuredmedia":[{"embeddable":true,"href":"https:\/\/diariodepernambuco.audiencelabs.com.br\/wp-json\/wp\/v2\/media\/5926"}],"wp:attachment":[{"href":"https:\/\/diariodepernambuco.audiencelabs.com.br\/wp-json\/wp\/v2\/media?parent=12623"}],"wp:term":[{"taxonomy":"category","embeddable":true,"href":"https:\/\/diariodepernambuco.audiencelabs.com.br\/wp-json\/wp\/v2\/categories?post=12623"},{"taxonomy":"post_tag","embeddable":true,"href":"https:\/\/diariodepernambuco.audiencelabs.com.br\/wp-json\/wp\/v2\/tags?post=12623"}],"curies":[{"name":"wp","href":"https:\/\/api.w.org\/{rel}","templated":true}]}}