{"id":12636,"date":"2026-01-10T09:30:00","date_gmt":"2026-01-10T12:30:00","guid":{"rendered":"https:\/\/diariodepernambuco.audiencelabs.com.br\/?p=12636"},"modified":"2026-01-05T15:38:23","modified_gmt":"2026-01-05T18:38:23","slug":"pais-que-nao-pagarem-pensao-podem-sofrer-punicao-assustadora-na-justica","status":"publish","type":"post","link":"https:\/\/diariodepernambuco.audiencelabs.com.br\/pais-que-nao-pagarem-pensao-podem-sofrer-punicao-assustadora-na-justica\/","title":{"rendered":"Pais que n\u00e3o pagarem pens\u00e3o podem sofrer puni\u00e7\u00e3o assustadora na Justi\u00e7a"},"content":{"rendered":"\n<p>A inadimpl\u00eancia na pens\u00e3o aliment\u00edcia no Brasil acarreta s\u00e9rias consequ\u00eancias legais. Em situa\u00e7\u00f5es de separa\u00e7\u00e3o, a pens\u00e3o \u00e9 definida judicialmente para assegurar o sustento de dependentes, como filhos menores. Quando esses acordos n\u00e3o s\u00e3o cumpridos, podem surgir processos judiciais e, em casos extremos, a pris\u00e3o civil do devedor.<\/p>\n\n\n\n<p>A pris\u00e3o civil \u00e9 uma medida prevista na legisla\u00e7\u00e3o para situa\u00e7\u00f5es de atraso no pagamento da pens\u00e3o. Apesar de n\u00e3o se tratar de crime, a obriga\u00e7\u00e3o \u00e9 de car\u00e1ter civil, e a lei permite que o devedor seja detido por at\u00e9 tr\u00eas meses, com o objetivo de compelir o pagamento das parcelas em atraso.<\/p>\n\n\n\n<p>Al\u00e9m da possibilidade de pris\u00e3o, o n\u00e3o pagamento da pens\u00e3o aliment\u00edcia tamb\u00e9m pode gerar outras consequ\u00eancias graves. O devedor pode ter o nome inclu\u00eddo em cadastros de inadimplentes, sofrer bloqueio de contas banc\u00e1rias e at\u00e9 ter o passaporte retido, dependendo da decis\u00e3o judicial.<\/p>\n\n\n\n<p>Essas medidas refor\u00e7am a obriga\u00e7\u00e3o legal e buscam garantir que os dependentes recebam o suporte necess\u00e1rio para sua manuten\u00e7\u00e3o e bem-estar. \u00c9 importante destacar que a pris\u00e3o civil n\u00e3o substitui a d\u00edvida: o pagamento continua sendo obrigat\u00f3rio, e a deten\u00e7\u00e3o funciona como um mecanismo de press\u00e3o para regularizar a situa\u00e7\u00e3o.<\/p>\n\n\n\n<h2 class=\"wp-block-heading\">Medidas rigorosas refor\u00e7am a prote\u00e7\u00e3o dos dependentes<\/h2>\n\n\n\n<p>O sistema jur\u00eddico brasileiro prev\u00ea puni\u00e7\u00f5es severas para garantir que a pens\u00e3o aliment\u00edcia seja cumprida, protegendo o direito dos filhos ao sustento adequado. Al\u00e9m da pris\u00e3o civil, o devedor pode enfrentar restri\u00e7\u00f5es como inclus\u00e3o em cadastros de inadimplentes, bloqueio de contas banc\u00e1rias e at\u00e9 reten\u00e7\u00e3o de passaporte, medidas que visam pressionar o respons\u00e1vel a quitar as parcelas atrasadas.<\/p>\n\n\n\n<p>Essas a\u00e7\u00f5es n\u00e3o eliminam a d\u00edvida, mas funcionam como mecanismos para assegurar que os dependentes recebam o suporte necess\u00e1rio de forma cont\u00ednua. A legisla\u00e7\u00e3o busca equilibrar a prote\u00e7\u00e3o dos direitos das crian\u00e7as e adolescentes com a responsabilidade dos pais, refor\u00e7ando que o pagamento da pens\u00e3o \u00e9 uma obriga\u00e7\u00e3o legal e inadi\u00e1vel.<\/p>\n\n\n\n<p><\/p>\n","protected":false},"excerpt":{"rendered":"<p>A inadimpl\u00eancia na pens\u00e3o aliment\u00edcia no Brasil acarreta s\u00e9rias consequ\u00eancias legais. Em situa\u00e7\u00f5es de separa\u00e7\u00e3o, a pens\u00e3o \u00e9 definida judicialmente para assegurar o sustento de dependentes, como filhos menores. Quando esses acordos n\u00e3o s\u00e3o cumpridos, podem surgir processos judiciais e, em casos extremos, a pris\u00e3o civil do devedor. A pris\u00e3o civil \u00e9 uma medida prevista [&hellip;]<\/p>\n","protected":false},"author":4,"featured_media":11950,"comment_status":"open","ping_status":"open","sticky":false,"template":"","format":"standard","meta":{"jnews-multi-image_gallery":[],"jnews_single_post":{"format":"standard"},"jnews_primary_category":[],"jnews_social_meta":[],"jnews_post_split":[],"footnotes":""},"categories":[1],"tags":[],"class_list":["post-12636","post","type-post","status-publish","format-standard","has-post-thumbnail","hentry","category-uncategorized"],"_links":{"self":[{"href":"https:\/\/diariodepernambuco.audiencelabs.com.br\/wp-json\/wp\/v2\/posts\/12636","targetHints":{"allow":["GET"]}}],"collection":[{"href":"https:\/\/diariodepernambuco.audiencelabs.com.br\/wp-json\/wp\/v2\/posts"}],"about":[{"href":"https:\/\/diariodepernambuco.audiencelabs.com.br\/wp-json\/wp\/v2\/types\/post"}],"author":[{"embeddable":true,"href":"https:\/\/diariodepernambuco.audiencelabs.com.br\/wp-json\/wp\/v2\/users\/4"}],"replies":[{"embeddable":true,"href":"https:\/\/diariodepernambuco.audiencelabs.com.br\/wp-json\/wp\/v2\/comments?post=12636"}],"version-history":[{"count":2,"href":"https:\/\/diariodepernambuco.audiencelabs.com.br\/wp-json\/wp\/v2\/posts\/12636\/revisions"}],"predecessor-version":[{"id":12640,"href":"https:\/\/diariodepernambuco.audiencelabs.com.br\/wp-json\/wp\/v2\/posts\/12636\/revisions\/12640"}],"wp:featuredmedia":[{"embeddable":true,"href":"https:\/\/diariodepernambuco.audiencelabs.com.br\/wp-json\/wp\/v2\/media\/11950"}],"wp:attachment":[{"href":"https:\/\/diariodepernambuco.audiencelabs.com.br\/wp-json\/wp\/v2\/media?parent=12636"}],"wp:term":[{"taxonomy":"category","embeddable":true,"href":"https:\/\/diariodepernambuco.audiencelabs.com.br\/wp-json\/wp\/v2\/categories?post=12636"},{"taxonomy":"post_tag","embeddable":true,"href":"https:\/\/diariodepernambuco.audiencelabs.com.br\/wp-json\/wp\/v2\/tags?post=12636"}],"curies":[{"name":"wp","href":"https:\/\/api.w.org\/{rel}","templated":true}]}}