{"id":12696,"date":"2026-01-06T11:00:00","date_gmt":"2026-01-06T14:00:00","guid":{"rendered":"https:\/\/diariodepernambuco.audiencelabs.com.br\/?p=12696"},"modified":"2026-01-06T13:26:48","modified_gmt":"2026-01-06T16:26:48","slug":"gabriel-bortoleto-ja-tem-data-para-se-despedir-da-formula-1","status":"publish","type":"post","link":"https:\/\/diariodepernambuco.audiencelabs.com.br\/gabriel-bortoleto-ja-tem-data-para-se-despedir-da-formula-1\/","title":{"rendered":"Gabriel Bortoleto j\u00e1 tem data para se despedir da F\u00f3rmula 1"},"content":{"rendered":"\n<p>Depois de atingir 19 pontos em sua primeira temporada de F\u00f3rmula 1 com as cores da Sauber, o piloto brasileiro Gabriel Bortoleto conheceu o seu novo carro na principal categoria do automobilismo mundial nessa semana. A Sauber passa a ser a equipe Audi e a nova identidade visual da marca foi apresentada em um concorrido evento em Munique, na Alemanha.<\/p>\n\n\n\n<p>O tradicional verde chamativo da &#8220;antiga&#8221; equipe de Bortoleto d\u00e1 espa\u00e7o a um novo visual. O carro, batizado de R26, aposta nas cores prata, preto e vermelho \u2014 tonalidades mais alinhadas \u00e0 identidade vencedora da Audi em outros campeonatos mundiais, como o WEC e o WRC. Bortoleto demonstrou grande entusiasmo para encarar seu segundo ano na F\u00f3rmula 1.<\/p>\n\n\n\n<p>&#8220;Ser parte da Audi \u00e9 como um sonho se tornando realidade para mim. Estou vivendo meu sonho de correr na F1 e com a Audi, a equipe que n\u00f3s estamos construindo do zero. Vamos viver cada momento juntos, os altos e baixos, at\u00e9 nos tornarmos uma equipe vencedora&#8221;, disse.<\/p>\n\n\n\n<p>Sonhando com mais pontos em 2026, Bortoleto tem contrato v\u00e1lido com a equipe alem\u00e3 at\u00e9 dezembro deste ano. A expectativa \u00e9 de que uma nova boa temporada far\u00e1 o brasileiro a extender o seu v\u00ednculo ou at\u00e9 mesmo procurar novos ares em 2027. Seu nome j\u00e1 tem sido apontado como poss\u00edvel substituto de Charles Leclerc na Ferrari.<\/p>\n\n\n\n<h2 class=\"wp-block-heading\">O Projeto Audi, nova equipe de Bortoleto<\/h2>\n\n\n\n<ul class=\"wp-block-list\">\n<li>A Audi adquiriu 100% da Sauber para se tornar equipe de f\u00e1brica em 2026, com foco em vit\u00f3rias e performance.<\/li>\n<\/ul>\n\n\n\n<ul class=\"wp-block-list\">\n<li>O projeto inclui um novo regulamento de motores h\u00edbridos e motores de combust\u00e3o com combust\u00edvel sint\u00e9tico.<\/li>\n<\/ul>\n\n\n\n<ul class=\"wp-block-list\">\n<li>A equipe est\u00e1 sendo chefiada por Mattia Binotto, ex-Ferrari, com o objetivo de construir um time de ponta.<\/li>\n<\/ul>\n\n\n\n<p><\/p>\n","protected":false},"excerpt":{"rendered":"<p>Depois de atingir 19 pontos em sua primeira temporada de F\u00f3rmula 1 com as cores da Sauber, o piloto brasileiro Gabriel Bortoleto conheceu o seu novo carro na principal categoria do automobilismo mundial nessa semana. A Sauber passa a ser a equipe Audi e a nova identidade visual da marca foi apresentada em um concorrido [&hellip;]<\/p>\n","protected":false},"author":4,"featured_media":7224,"comment_status":"open","ping_status":"open","sticky":false,"template":"","format":"standard","meta":{"jnews-multi-image_gallery":[],"jnews_single_post":{"format":"standard"},"jnews_primary_category":[],"jnews_social_meta":[],"jnews_post_split":[],"footnotes":""},"categories":[1],"tags":[],"class_list":["post-12696","post","type-post","status-publish","format-standard","has-post-thumbnail","hentry","category-uncategorized"],"_links":{"self":[{"href":"https:\/\/diariodepernambuco.audiencelabs.com.br\/wp-json\/wp\/v2\/posts\/12696","targetHints":{"allow":["GET"]}}],"collection":[{"href":"https:\/\/diariodepernambuco.audiencelabs.com.br\/wp-json\/wp\/v2\/posts"}],"about":[{"href":"https:\/\/diariodepernambuco.audiencelabs.com.br\/wp-json\/wp\/v2\/types\/post"}],"author":[{"embeddable":true,"href":"https:\/\/diariodepernambuco.audiencelabs.com.br\/wp-json\/wp\/v2\/users\/4"}],"replies":[{"embeddable":true,"href":"https:\/\/diariodepernambuco.audiencelabs.com.br\/wp-json\/wp\/v2\/comments?post=12696"}],"version-history":[{"count":2,"href":"https:\/\/diariodepernambuco.audiencelabs.com.br\/wp-json\/wp\/v2\/posts\/12696\/revisions"}],"predecessor-version":[{"id":12710,"href":"https:\/\/diariodepernambuco.audiencelabs.com.br\/wp-json\/wp\/v2\/posts\/12696\/revisions\/12710"}],"wp:featuredmedia":[{"embeddable":true,"href":"https:\/\/diariodepernambuco.audiencelabs.com.br\/wp-json\/wp\/v2\/media\/7224"}],"wp:attachment":[{"href":"https:\/\/diariodepernambuco.audiencelabs.com.br\/wp-json\/wp\/v2\/media?parent=12696"}],"wp:term":[{"taxonomy":"category","embeddable":true,"href":"https:\/\/diariodepernambuco.audiencelabs.com.br\/wp-json\/wp\/v2\/categories?post=12696"},{"taxonomy":"post_tag","embeddable":true,"href":"https:\/\/diariodepernambuco.audiencelabs.com.br\/wp-json\/wp\/v2\/tags?post=12696"}],"curies":[{"name":"wp","href":"https:\/\/api.w.org\/{rel}","templated":true}]}}