{"id":12752,"date":"2026-01-07T15:00:00","date_gmt":"2026-01-07T18:00:00","guid":{"rendered":"https:\/\/diariodepernambuco.audiencelabs.com.br\/?p=12752"},"modified":"2026-01-06T13:09:04","modified_gmt":"2026-01-06T16:09:04","slug":"entenda-por-que-desmontamos-a-arvore-de-natal-no-dia-6-de-janeiro","status":"publish","type":"post","link":"https:\/\/diariodepernambuco.audiencelabs.com.br\/entenda-por-que-desmontamos-a-arvore-de-natal-no-dia-6-de-janeiro\/","title":{"rendered":"Entenda por que desmontamos a \u00e1rvore de Natal no dia 6 de janeiro"},"content":{"rendered":"\n<p>Ap\u00f3s semanas iluminando casas e ruas, a \u00e1rvore de Natal costuma ser desmontada em uma data espec\u00edfica que vai al\u00e9m da simples organiza\u00e7\u00e3o do lar. O dia 6 de janeiro carrega um significado hist\u00f3rico e religioso que atravessa s\u00e9culos e culturas, explicando por que essa data foi tradicionalmente escolhida para marcar o encerramento das celebra\u00e7\u00f5es natalinas.<\/p>\n\n\n\n<p>A data corresponde ao Dia de Reis, celebra\u00e7\u00e3o crist\u00e3 que lembra a visita dos tr\u00eas reis magos ao menino Jesus, encerrando simbolicamente o ciclo do Natal. Em muitas tradi\u00e7\u00f5es, esse momento representa o fim das festividades iniciadas em dezembro e o retorno \u00e0 rotina, raz\u00e3o pela qual enfeites, pres\u00e9pios e \u00e1rvores natalinas s\u00e3o guardados apenas ap\u00f3s esse dia.<\/p>\n\n\n\n<p>Al\u00e9m do aspecto religioso, o costume tamb\u00e9m se consolidou culturalmente ao longo do tempo, sendo adotado mesmo por fam\u00edlias que n\u00e3o seguem a tradi\u00e7\u00e3o crist\u00e3. Para muitos, desmontar a \u00e1rvore no dia 6 de janeiro simboliza renova\u00e7\u00e3o, organiza\u00e7\u00e3o e o in\u00edcio de um novo ciclo, respeitando um calend\u00e1rio que atravessou gera\u00e7\u00f5es.<\/p>\n\n\n\n<p>Assim, desmontar a \u00e1rvore de Natal no dia 6 de janeiro vai al\u00e9m de uma simples conven\u00e7\u00e3o dom\u00e9stica: \u00e9 um gesto carregado de simbolismo, hist\u00f3ria e tradi\u00e7\u00e3o. Ao marcar oficialmente o fim das celebra\u00e7\u00f5es natalinas, a data convida \u00e0 renova\u00e7\u00e3o, ao fechamento de um ciclo e ao in\u00edcio do novo ano com organiza\u00e7\u00e3o e novos prop\u00f3sitos, mantendo viva uma pr\u00e1tica que atravessa s\u00e9culos.<\/p>\n\n\n\n<h2 class=\"wp-block-heading\">Tradi\u00e7\u00e3o que atravessa s\u00e9culos e se adapta aos tempos modernos<\/h2>\n\n\n\n<p>A escolha do dia 6 de janeiro como marco final das celebra\u00e7\u00f5es natalinas remonta a costumes antigos da Europa, onde o calend\u00e1rio religioso orientava o ritmo das festas e da vida cotidiana. Ao longo dos s\u00e9culos, essa tradi\u00e7\u00e3o foi levada para diferentes partes do mundo, sendo preservada e reinterpretada conforme as culturas locais.<\/p>\n\n\n\n<p>Mesmo em um contexto cada vez mais moderno, o h\u00e1bito continua presente em muitos lares como uma forma de manter v\u00ednculos com o passado. Seja por f\u00e9, respeito \u00e0 tradi\u00e7\u00e3o ou simples simbolismo, desmontar a \u00e1rvore nessa data refor\u00e7a a ideia de encerramento de um per\u00edodo festivo e prepara o ambiente \u2014 e o esp\u00edrito \u2014 para os desafios e planos do novo ano.<\/p>\n\n\n\n<p><\/p>\n","protected":false},"excerpt":{"rendered":"<p>Ap\u00f3s semanas iluminando casas e ruas, a \u00e1rvore de Natal costuma ser desmontada em uma data espec\u00edfica que vai al\u00e9m da simples organiza\u00e7\u00e3o do lar. O dia 6 de janeiro carrega um significado hist\u00f3rico e religioso que atravessa s\u00e9culos e culturas, explicando por que essa data foi tradicionalmente escolhida para marcar o encerramento das celebra\u00e7\u00f5es [&hellip;]<\/p>\n","protected":false},"author":4,"featured_media":12755,"comment_status":"open","ping_status":"open","sticky":false,"template":"","format":"standard","meta":{"jnews-multi-image_gallery":[],"jnews_single_post":{"format":"standard"},"jnews_primary_category":[],"jnews_social_meta":[],"jnews_post_split":[],"footnotes":""},"categories":[1],"tags":[],"class_list":["post-12752","post","type-post","status-publish","format-standard","has-post-thumbnail","hentry","category-uncategorized"],"_links":{"self":[{"href":"https:\/\/diariodepernambuco.audiencelabs.com.br\/wp-json\/wp\/v2\/posts\/12752","targetHints":{"allow":["GET"]}}],"collection":[{"href":"https:\/\/diariodepernambuco.audiencelabs.com.br\/wp-json\/wp\/v2\/posts"}],"about":[{"href":"https:\/\/diariodepernambuco.audiencelabs.com.br\/wp-json\/wp\/v2\/types\/post"}],"author":[{"embeddable":true,"href":"https:\/\/diariodepernambuco.audiencelabs.com.br\/wp-json\/wp\/v2\/users\/4"}],"replies":[{"embeddable":true,"href":"https:\/\/diariodepernambuco.audiencelabs.com.br\/wp-json\/wp\/v2\/comments?post=12752"}],"version-history":[{"count":3,"href":"https:\/\/diariodepernambuco.audiencelabs.com.br\/wp-json\/wp\/v2\/posts\/12752\/revisions"}],"predecessor-version":[{"id":12758,"href":"https:\/\/diariodepernambuco.audiencelabs.com.br\/wp-json\/wp\/v2\/posts\/12752\/revisions\/12758"}],"wp:featuredmedia":[{"embeddable":true,"href":"https:\/\/diariodepernambuco.audiencelabs.com.br\/wp-json\/wp\/v2\/media\/12755"}],"wp:attachment":[{"href":"https:\/\/diariodepernambuco.audiencelabs.com.br\/wp-json\/wp\/v2\/media?parent=12752"}],"wp:term":[{"taxonomy":"category","embeddable":true,"href":"https:\/\/diariodepernambuco.audiencelabs.com.br\/wp-json\/wp\/v2\/categories?post=12752"},{"taxonomy":"post_tag","embeddable":true,"href":"https:\/\/diariodepernambuco.audiencelabs.com.br\/wp-json\/wp\/v2\/tags?post=12752"}],"curies":[{"name":"wp","href":"https:\/\/api.w.org\/{rel}","templated":true}]}}