{"id":12796,"date":"2026-01-10T21:30:00","date_gmt":"2026-01-11T00:30:00","guid":{"rendered":"https:\/\/diariodepernambuco.audiencelabs.com.br\/?p=12796"},"modified":"2026-01-06T17:12:18","modified_gmt":"2026-01-06T20:12:18","slug":"9-milhoes-de-brasileiros-surpreenderam-e-pediram-demissao-do-trabalho","status":"publish","type":"post","link":"https:\/\/diariodepernambuco.audiencelabs.com.br\/9-milhoes-de-brasileiros-surpreenderam-e-pediram-demissao-do-trabalho\/","title":{"rendered":"9 milh\u00f5es de brasileiros surpreenderam e pediram demiss\u00e3o do trabalho"},"content":{"rendered":"\n<p>O ano de 2025 registrou recordes no mercado de trabalho, com a taxa de desemprego caindo para o menor n\u00edvel da s\u00e9rie hist\u00f3rica, 5,2% em novembro, e a renda m\u00e9dia avan\u00e7ando 4,5%, conforme dados do IBGE. Um reflexo desse aquecimento \u00e9 o aumento no n\u00famero de trabalhadores que decidiram pedir demiss\u00e3o no setor formal.<\/p>\n\n\n\n<p>Nos \u00faltimos 12 meses encerrados em outubro de 2025, esse n\u00famero atingiu pela primeira vez a marca de 9 milh\u00f5es. De acordo com o economista Bruno Imaizumi, da 4intelligence, com base em estat\u00edsticas do Minist\u00e9rio do Trabalho, a rotatividade alcan\u00e7ou 36%, percentual registrado no fim de 2024 e mantido ao longo de todo o ano passado.<\/p>\n\n\n\n<p>Especialistas destacam que esse cen\u00e1rio torna ainda mais dif\u00edcil reter e capacitar profissionais, especialmente em setores que j\u00e1 enfrentam escassez de m\u00e3o de obra. Segundo Imaizumi, como uma parte significativa dos trabalhadores possui baixa qualifica\u00e7\u00e3o, torna-se mais f\u00e1cil trocar de emprego, mesmo em \u00e1reas distintas, desde que as fun\u00e7\u00f5es n\u00e3o exijam forma\u00e7\u00e3o avan\u00e7ada.<\/p>\n\n\n\n<p>Al\u00e9m disso, o fen\u00f4meno reflete mudan\u00e7as no comportamento da for\u00e7a de trabalho, que busca n\u00e3o apenas sal\u00e1rios mais altos, mas tamb\u00e9m melhores condi\u00e7\u00f5es de trabalho, flexibilidade e oportunidades de crescimento. Empresas que n\u00e3o conseguem oferecer esses atrativos acabam enfrentando maior dificuldade para manter seus talentos, elevando os \u00edndices de rotatividade.<\/p>\n\n\n\n<p>O aumento nas demiss\u00f5es volunt\u00e1rias tamb\u00e9m sinaliza um mercado mais din\u00e2mico, em que os trabalhadores se sentem confiantes para explorar novas oportunidades. Para empregadores, o desafio \u00e9 equilibrar a atra\u00e7\u00e3o de novos profissionais com a reten\u00e7\u00e3o dos atuais, investindo em qualifica\u00e7\u00e3o, benef\u00edcios e estrat\u00e9gias que valorizem o colaborador al\u00e9m da remunera\u00e7\u00e3o.<\/p>\n\n\n\n<p><\/p>\n","protected":false},"excerpt":{"rendered":"<p>O ano de 2025 registrou recordes no mercado de trabalho, com a taxa de desemprego caindo para o menor n\u00edvel da s\u00e9rie hist\u00f3rica, 5,2% em novembro, e a renda m\u00e9dia avan\u00e7ando 4,5%, conforme dados do IBGE. Um reflexo desse aquecimento \u00e9 o aumento no n\u00famero de trabalhadores que decidiram pedir demiss\u00e3o no setor formal. Nos [&hellip;]<\/p>\n","protected":false},"author":4,"featured_media":12799,"comment_status":"open","ping_status":"open","sticky":false,"template":"","format":"standard","meta":{"jnews-multi-image_gallery":[],"jnews_single_post":{"format":"standard"},"jnews_primary_category":[],"jnews_social_meta":[],"jnews_post_split":[],"footnotes":""},"categories":[1],"tags":[],"class_list":["post-12796","post","type-post","status-publish","format-standard","has-post-thumbnail","hentry","category-uncategorized"],"_links":{"self":[{"href":"https:\/\/diariodepernambuco.audiencelabs.com.br\/wp-json\/wp\/v2\/posts\/12796","targetHints":{"allow":["GET"]}}],"collection":[{"href":"https:\/\/diariodepernambuco.audiencelabs.com.br\/wp-json\/wp\/v2\/posts"}],"about":[{"href":"https:\/\/diariodepernambuco.audiencelabs.com.br\/wp-json\/wp\/v2\/types\/post"}],"author":[{"embeddable":true,"href":"https:\/\/diariodepernambuco.audiencelabs.com.br\/wp-json\/wp\/v2\/users\/4"}],"replies":[{"embeddable":true,"href":"https:\/\/diariodepernambuco.audiencelabs.com.br\/wp-json\/wp\/v2\/comments?post=12796"}],"version-history":[{"count":1,"href":"https:\/\/diariodepernambuco.audiencelabs.com.br\/wp-json\/wp\/v2\/posts\/12796\/revisions"}],"predecessor-version":[{"id":12797,"href":"https:\/\/diariodepernambuco.audiencelabs.com.br\/wp-json\/wp\/v2\/posts\/12796\/revisions\/12797"}],"wp:featuredmedia":[{"embeddable":true,"href":"https:\/\/diariodepernambuco.audiencelabs.com.br\/wp-json\/wp\/v2\/media\/12799"}],"wp:attachment":[{"href":"https:\/\/diariodepernambuco.audiencelabs.com.br\/wp-json\/wp\/v2\/media?parent=12796"}],"wp:term":[{"taxonomy":"category","embeddable":true,"href":"https:\/\/diariodepernambuco.audiencelabs.com.br\/wp-json\/wp\/v2\/categories?post=12796"},{"taxonomy":"post_tag","embeddable":true,"href":"https:\/\/diariodepernambuco.audiencelabs.com.br\/wp-json\/wp\/v2\/tags?post=12796"}],"curies":[{"name":"wp","href":"https:\/\/api.w.org\/{rel}","templated":true}]}}