{"id":12829,"date":"2026-01-07T09:15:00","date_gmt":"2026-01-07T12:15:00","guid":{"rendered":"https:\/\/diariodepernambuco.audiencelabs.com.br\/?p=12829"},"modified":"2026-01-07T13:29:59","modified_gmt":"2026-01-07T16:29:59","slug":"globo-pegou-todos-de-surpresa-e-demitiu-narrador-com-mais-de-18-anos-na-emissora","status":"publish","type":"post","link":"https:\/\/diariodepernambuco.audiencelabs.com.br\/globo-pegou-todos-de-surpresa-e-demitiu-narrador-com-mais-de-18-anos-na-emissora\/","title":{"rendered":"Globo pegou todos de surpresa e demitiu narrador com mais de 18 anos na emissora"},"content":{"rendered":"\n<p>Fim de ciclo para o Odinei Ribeiro na Rede Globo. Uma das principais vozes dos canais SporTV, o narrador teve sua sa\u00edda oficializada no retorno dos funcion\u00e1rios do esporte da emissora nesta ter\u00e7a-feira (6). Em nota, a Globo confirma a sa\u00edda: &#8220;O narrador Odinei Ribeiro n\u00e3o faz mais parte da equipe do Esporte da Globo&#8221;.<\/p>\n\n\n\n<p>Odinei realizou sua \u00faltima transmiss\u00e3o em 27 de dezembro, na partida entre Vasco e Flamengo, v\u00e1lida pelo NBB (Novo Basquete Brasil). Nos \u00faltimos tempos, o locutor vinha perdendo espa\u00e7o na emissora com a chegada de profissionais mais jovens ao SporTV, como Paulo Andrade e Vin\u00edcius Rodrigues, que passaram a assumir um n\u00famero maior de eventos.<\/p>\n\n\n<div class=\"wp-block-image\">\n<figure class=\"aligncenter size-full is-resized\"><img loading=\"lazy\" decoding=\"async\" width=\"1024\" height=\"683\" src=\"https:\/\/diariodepernambuco.audiencelabs.com.br\/wp-content\/uploads\/2026\/01\/Odinei.jpg\" alt=\"\" class=\"wp-image-12831\" style=\"aspect-ratio:1.4992894122424119;width:663px;height:auto\" srcset=\"https:\/\/diariodepernambuco.audiencelabs.com.br\/wp-content\/uploads\/2026\/01\/Odinei.jpg 1024w, https:\/\/diariodepernambuco.audiencelabs.com.br\/wp-content\/uploads\/2026\/01\/Odinei-300x200.jpg 300w, https:\/\/diariodepernambuco.audiencelabs.com.br\/wp-content\/uploads\/2026\/01\/Odinei-768x512.jpg 768w, https:\/\/diariodepernambuco.audiencelabs.com.br\/wp-content\/uploads\/2026\/01\/Odinei-750x500.jpg 750w\" sizes=\"auto, (max-width: 1024px) 100vw, 1024px\" \/><figcaption class=\"wp-element-caption\">Odinei Ribeiro deu adeus \u00e0 Globo &#8211; Reprodu\u00e7\u00e3o\/Globo<\/figcaption><\/figure>\n<\/div>\n\n\n<p>Natural de Itanha\u00e9m, cidade da Regi\u00e3o Metropolitana da Baixada Santista, no litoral paulista, Odinei iniciou sua carreira na Globo atuando em transmiss\u00f5es da TV Tribuna, afiliada da emissora na regi\u00e3o. Ao longo da trajet\u00f3ria, somou mais de 18 anos de trabalho no grupo.<\/p>\n\n\n\n<p>Nas redes sociais, Odinei se manifestou e detalhou os motivos que o levaram a deixar a emissora ap\u00f3s quase duas d\u00e9cadas de atua\u00e7\u00e3o. No v\u00eddeo, o comunicador aparece caminhando de sua casa at\u00e9 o gramado do est\u00e1dio do Gr\u00eamio Recreativo Ivoty, em Itanha\u00e9m, no litoral de S\u00e3o Paulo. Visivelmente emocionado, ele relembrou parte de sua trajet\u00f3ria profissional.<\/p>\n\n\n\n<h2 class=\"wp-block-heading\">Veja o comunicado de Odinei Ribeiro<\/h2>\n\n\n<style>@media (min-width: 992px) {\n    .recomendadorV2Area1 {\n        width: 280px;\n    }\n    .recomendadorV2Area2 {\n        padding: 0px 20px;\n        width: calc(100% - 280px);\n    }\n}\n\n@media (max-width: 992px) {\n    .recomendadorV2Button {\n        margin: 0 auto;\n    }\n    .recomendadorV2Area {\n        flex-direction: column;\n        text-align: center;\n    }\n    .recomendadorV2Area2 {\n        padding: 0px 20px;\n    }\n}\n\n.recomendadorV2Area {\n    background: #eeeeee3d;\n    border-radius: 10px;\n    padding: 15px;\n    display: flex;\n    margin: 15px auto;\n    border: 1px solid #00000014;\n    max-width: 800px;\n}\n\n.recomendadorV2Area1 img {\n    width: 280px;\n    height: auto;\n    border-radius: 8px;\n}\n\n.linkrecomendadorv2 {\n    text-decoration: none !important;\n}\n\n.recomendadorV2Area2 .recomendadorV2Type {\n    text-transform: uppercase;\n    font-weight: 500;\n    font-size: 11px;\n    letter-spacing: 2px;\n    color: #666;\n    margin: 12px 0;\n    display: block;\n}\n\n.recomendadorV2Title h2 {\n    padding-top: 0px !important;\n    margin: 0px !important;\n    border-left: none !important;\n    padding-left: 0px !important;\n    line-height: 1.3;\n    color: #000 !important;\n    font-size: 24px;\n    margin-bottom: 12px !important;\n}\n\n.recomendadorV2Desc {\n    color: #333;\n    margin: 12px 0px !important;\n    font-size: 15px;\n    line-height: 1.5;\n}\n\n.recomendadorV2Button {\n    width: auto;\n    max-width: 200px;\n    margin: 0;\n    display: inline-flex;\n    align-items: center;\n    background: #1D3557;\n    border-radius: 8px;\n    color: #fff;\n    height: 36px;\n    justify-content: center;\n    text-align: center;\n    font-size: 14px;\n    padding: 0 20px;\n    transition: background-color 0.2s ease;\n}\n\n.recomendadorV2Button:hover {\n    background: #2a4d7a;\n}\n\n.recomendadorV2Button:after {\n    margin-top: -2px;\n    content: \"\u2192\";\n    padding: 0px 0px 0px 8px;\n}\n\n.recomendadorV2Alert {\n    text-align: left;\n    font-size: 11px;\n    margin-top: 8px;\n    color: #666;\n}\n\n.recomendadorFixedArea {\n    width: 100%;\n    display: flex;\n    justify-content: center;\n    align-items: center;\n}\n\n@media (min-width: 992px) {\n    #recomendadorFixed {\n        width: 32% !important;\n        left: 5%;\n    }\n    .recomendadorCloseFixed{\n        right: inherit !important;\n        left: 378px !important;\n    }\n}\n\n#recomendadorFixed {\n    width: 90%;\n    box-shadow: 0 10px 20px 0px #00000057;\n    display: none;\n    height: 90px;\n    background: #F6F6F6;\n    position: fixed;\n    flex-direction: row;\n    bottom: 10px;\n    z-index: 9999;\n    border-radius: 16px;\n    padding: 7px 10px;\n}\n\n.recomendadorLeftArea {\n    width: 160px;\n}\n\n.recomendadorRightArea h2 {\n    padding-top: 0px;\n    margin: 2px 0px 4px 0px !important;\n    font-weight: 400;\n    text-align: center;\n    padding-left: 0px !important;\n    color: #000 !important;\n    border-left: none !important;\n    line-height: 20px;\n    font-size: 12px !important;\n}\n\n.recomendadorImgFixed {\n    overflow: hidden;\n    padding: 8px 6px;\n    height: 100%;\n}\n\n.recomendadorImgFixed img {\n    height: 100% !important;\n    border-radius: 16px;\n}\n\n.recomendadorRightArea {\n    padding-top: 6px;\n    display: flex;\n    width: calc(100% - 130px);\n    justify-content: space-between;\n    align-items: center;\n    flex-direction: column;\n}\n\n.recomendadorButtonFixed {\n    margin: 0 auto;\n    background: #1D3557;\n    width: 80%;\n    text-align: center;\n    font-size: 10px;\n    color: #FFF;\n    padding: 2px 10px;\n    border-radius: 3px;\n}\n\n.recomendadorButtonFixed:after {\n    margin-top: -3px;\n    content: \"\u2192\";\n    padding: 0px 0px 0px 10px;\n}\n\n.recomendadorAlertFixed {\n    font-weight: 400;\n    text-align: center;\n    color: #484848;\n    font-size: 8px;\n}\n\n.recomendadorCloseFixed {\n    z-index: 99999;\n    display: none;\n    right: 0px;\n    left: inherit;\n    bottom: 99px;\n    position: fixed;\n    justify-content: center;\n    background: #F6F6F6;\n    width: 25px;\n    align-items: center;\n    height: 25px;\n    font-weight: 800;\n    border-radius: 50%;\n    border: 1px solid #EBEBEB;\n}\n\n.recomendadorV2Desc{\n    color: #000000;\n    margin: 20px 0px;\n}\n\n@media (max-width: 576px) {\n    .recomendadorV2Area {\n      padding: 10px;\n      max-width: 100%;\n    }\n  \n    .recomendadorV2Area1 img {\n      width: 100%;\n      border-radius: 6px;\n    }\n  \n    .recomendadorV2Area2 .recomendadorV2Type {\n      font-size: 9px;\n      letter-spacing: 1px;\n      margin: 8px 0;\n    }\n  \n    .recomendadorV2Title h2 {\n      font-size: 18px !important;\n      margin-bottom: 8px !important;\n      line-height: 1.2;\n    }\n  \n    .recomendadorV2Desc {\n      font-size: 14px;\n      margin: 8px 0 !important;\n      line-height: 1.4;\n    }\n  \n    .recomendadorV2Button {\n      font-size: 12px;\n      height: 30px;\n      padding: 0 12px;\n      max-width: 160px;\n    }\n  \n    .recomendadorV2Button:after {\n      padding-left: 6px;\n    }\n  }\n  <\/style>\n        <div class=\"lazyblock-recomendador-v2-2jDGz wp-block-lazyblock-recomendador-v2\">\n        <a class=\"linkrecomendadorv2\" href=\"https:\/\/diariodepernambuco.com.br\/dpmais\/funcionaria-processou-a-havan-e-ganhou-maior-indenizacao-no-valor-de-r-10-mil-e-horas-extras\/?utm_source=lazy\" target=\"_blank\" rel=\"noopener\">\n            <div class=\"recomendadorV2Area\">\n            <div class=\"recomendadorV2Area1\">\n                <div class=\"recomendadorV2Img\">\n                <img class=\"lazyloaded\" decoding=\"async\" src=\"https:\/\/diariodepernambuco.com.br\/dpmais\/wp-content\/uploads\/2025\/11\/Havan-1140x570.jpg\" data-src=\"https:\/\/diariodepernambuco.com.br\/dpmais\/wp-content\/uploads\/2025\/11\/Havan-1140x570.jpg\" alt=\"\">\n                <\/div>\n            <\/div>\n            <div class=\"recomendadorV2Area2\">\n                <div class=\"recomendadorV2Type\">\n                    <span>Vit\u00f3ria judicial<\/span>\n                <\/div>\n                <div class=\"recomendadorV2Title\">\n                <h2><span>Funcion\u00e1ria vence Havan \u2696\ufe0f<\/span><\/h2>\n                <\/div>\n                <div class=\"recomendadorV2Desc\">\n                <span>Indeniza\u00e7\u00e3o e horas extras garantidas<\/span>\n                <\/div>\n                <div class=\"recomendadorV2Button\">Veja o caso<\/div>\n                <div class=\"recomendadorV2Alert\"><\/div>\n            <\/div>\n            <\/div>\n        <\/a>\n        <div>\n            <div style=\"z-index:99999;\" id=\"buttonClose\" onclick=\"closeRecomendadorFixed()\">\n            <div class=\"recomendadorCloseFixed\">X<\/div>\n            <\/div>\n            <a href=\"https:\/\/diariodepernambuco.com.br\/dpmais\/funcionaria-processou-a-havan-e-ganhou-maior-indenizacao-no-valor-de-r-10-mil-e-horas-extras\/?utm_source=lazy\" target=\"_blank\" rel=\"noopener\">\n            <div class=\"recomendadorFixedArea\">\n                <div id=\"recomendadorFixed\">\n                <div class=\"recomendadorLeftArea\">\n                    <div class=\"recomendadorImgFixed\">\n                    <img class=\"lazyload\" decoding=\"async\" src=\"https:\/\/diariodepernambuco.com.br\/dpmais\/wp-content\/uploads\/2025\/11\/Havan-1140x570.jpg\" alt=\"\">\n                    <\/div>\n                <\/div>\n                <div class=\"recomendadorRightArea\">\n                    <div class=\"recomendadorTitleFixed\">\n                    <h2><span>Funcion\u00e1ria vence Havan \u2696\ufe0f<\/span><\/h2>\n                    <\/div>\n                    <div class=\"recomendadorButtonFixed\">Veja o caso<\/div>\n                    <div class=\"recomendadorAlertFixed\"><\/div>\n                <\/div>\n                <\/div>\n            <\/div>\n            <\/a>\n        <\/div>\n        <\/div>\n\n\n\n<p><em>&#8220;Confesso que, nesse trajeto, passou um filme na minha cabe\u00e7a com tudo aquilo que eu imaginei que poderia acontecer ao longo da minha carreira, desde o dia 20 de janeiro de 91. Mas tamb\u00e9m confesso que jamais imaginei trabalhar no Grupo Globo. E isso aconteceu. Comecei na TV Tribuna em 2004, afiliada da Globo na Baixada Santista e no Vale do Ribeira.<\/em><\/p>\n\n\n\n<p><em>Ali, tive o privil\u00e9gio de cobrir muitos eventos, entre eles a Copa TV Tribuna de Futsal e o surgimento do Neymar. De l\u00e1 para c\u00e1, muitos jogos passaram, muitas escalas. Em mar\u00e7o de 2007, fiz meu primeiro jogo pelo SporTV. Em fevereiro de 2008, veio o meu primeiro jogo oficial.<\/em><\/p>\n\n\n\n<p><em>Desde ent\u00e3o, participei de Copas do Mundo, Olimp\u00edadas, Libertadores, outros campeonatos internacionais de diversas modalidades, al\u00e9m de competi\u00e7\u00f5es nacionais em muitas modalidades. At\u00e9 Stock Car eu fiz.<\/em><\/p>\n\n\n\n<p><em>Agora, estou encerrando, digamos, minha primeira passagem, meu primeiro ciclo no Grupo Globo. Fica apenas a gratid\u00e3o a todas as pessoas que cruzaram o meu caminho e aos amigos que conquistei ao longo dessa jornada.&#8221;<\/em><\/p>\n\n\n\n<p><\/p>\n","protected":false},"excerpt":{"rendered":"<p>Fim de ciclo para o Odinei Ribeiro na Rede Globo. Uma das principais vozes dos canais SporTV, o narrador teve sua sa\u00edda oficializada no retorno dos funcion\u00e1rios do esporte da emissora nesta ter\u00e7a-feira (6). Em nota, a Globo confirma a sa\u00edda: &#8220;O narrador Odinei Ribeiro n\u00e3o faz mais parte da equipe do Esporte da Globo&#8221;. [&hellip;]<\/p>\n","protected":false},"author":4,"featured_media":7952,"comment_status":"open","ping_status":"open","sticky":false,"template":"","format":"standard","meta":{"jnews-multi-image_gallery":[],"jnews_single_post":{"format":"standard"},"jnews_primary_category":[],"jnews_social_meta":[],"jnews_post_split":[],"footnotes":""},"categories":[1],"tags":[],"class_list":["post-12829","post","type-post","status-publish","format-standard","has-post-thumbnail","hentry","category-uncategorized"],"_links":{"self":[{"href":"https:\/\/diariodepernambuco.audiencelabs.com.br\/wp-json\/wp\/v2\/posts\/12829","targetHints":{"allow":["GET"]}}],"collection":[{"href":"https:\/\/diariodepernambuco.audiencelabs.com.br\/wp-json\/wp\/v2\/posts"}],"about":[{"href":"https:\/\/diariodepernambuco.audiencelabs.com.br\/wp-json\/wp\/v2\/types\/post"}],"author":[{"embeddable":true,"href":"https:\/\/diariodepernambuco.audiencelabs.com.br\/wp-json\/wp\/v2\/users\/4"}],"replies":[{"embeddable":true,"href":"https:\/\/diariodepernambuco.audiencelabs.com.br\/wp-json\/wp\/v2\/comments?post=12829"}],"version-history":[{"count":3,"href":"https:\/\/diariodepernambuco.audiencelabs.com.br\/wp-json\/wp\/v2\/posts\/12829\/revisions"}],"predecessor-version":[{"id":12880,"href":"https:\/\/diariodepernambuco.audiencelabs.com.br\/wp-json\/wp\/v2\/posts\/12829\/revisions\/12880"}],"wp:featuredmedia":[{"embeddable":true,"href":"https:\/\/diariodepernambuco.audiencelabs.com.br\/wp-json\/wp\/v2\/media\/7952"}],"wp:attachment":[{"href":"https:\/\/diariodepernambuco.audiencelabs.com.br\/wp-json\/wp\/v2\/media?parent=12829"}],"wp:term":[{"taxonomy":"category","embeddable":true,"href":"https:\/\/diariodepernambuco.audiencelabs.com.br\/wp-json\/wp\/v2\/categories?post=12829"},{"taxonomy":"post_tag","embeddable":true,"href":"https:\/\/diariodepernambuco.audiencelabs.com.br\/wp-json\/wp\/v2\/tags?post=12829"}],"curies":[{"name":"wp","href":"https:\/\/api.w.org\/{rel}","templated":true}]}}