{"id":12873,"date":"2026-01-08T15:00:00","date_gmt":"2026-01-08T18:00:00","guid":{"rendered":"https:\/\/diariodepernambuco.audiencelabs.com.br\/?p=12873"},"modified":"2026-01-07T11:42:21","modified_gmt":"2026-01-07T14:42:21","slug":"nao-e-o-diploma-mercado-de-trabalho-esta-levando-outras-qualidades-em-consideracoes","status":"publish","type":"post","link":"https:\/\/diariodepernambuco.audiencelabs.com.br\/nao-e-o-diploma-mercado-de-trabalho-esta-levando-outras-qualidades-em-consideracoes\/","title":{"rendered":"N\u00e3o \u00e9 o diploma! Mercado de trabalho est\u00e1 levando outras qualidades em considera\u00e7\u00f5es"},"content":{"rendered":"\n<p>Durante muito tempo, o diploma profissional foi considerado essencial para garantir uma boa vaga de emprego. Com as transforma\u00e7\u00f5es tecnol\u00f3gicas e a mudan\u00e7a no ambiente corporativo, esse crit\u00e9rio perdeu for\u00e7a. Hoje, as empresas priorizam profissionais adapt\u00e1veis, colaborativos e capazes de gerar resultados na pr\u00e1tica.<\/p>\n\n\n\n<p>Nesse novo cen\u00e1rio, a capacidade de adapta\u00e7\u00e3o passou a ser uma das habilidades mais valorizadas, j\u00e1 que mudan\u00e7as constantes exigem rapidez para aprender e se ajustar. A comunica\u00e7\u00e3o clara tamb\u00e9m ganhou destaque, pois equipes cada vez mais diversas e remotas dependem de troca eficiente de informa\u00e7\u00f5es para funcionar bem.<\/p>\n\n\n\n<p>Outro ponto central \u00e9 o pensamento cr\u00edtico, fundamental para analisar problemas, propor solu\u00e7\u00f5es e tomar decis\u00f5es mais estrat\u00e9gicas. Somam-se a isso a intelig\u00eancia emocional, que ajuda a lidar com press\u00e3o, conflitos e trabalho em equipe, e a autonomia com responsabilidade, caracter\u00edstica de profissionais que assumem tarefas, cumprem prazos e entregam resultados sem depender de supervis\u00e3o constante.<\/p>\n\n\n\n<p>Por fim, o aprendizado cont\u00ednuo tornou-se indispens\u00e1vel em um mercado em constante evolu\u00e7\u00e3o. Mais do que um diploma, empresas buscam pessoas dispostas a se atualizar, desenvolver novas compet\u00eancias e acompanhar as mudan\u00e7as do setor ao longo da carreira.<\/p>\n\n\n\n<h2 class=\"wp-block-heading\">Habilidades comportamentais ganham peso nas contrata\u00e7\u00f5es<\/h2>\n\n\n\n<p>Recrutadores e gestores t\u00eam dado cada vez mais aten\u00e7\u00e3o \u00e0s chamadas soft skills no momento de selecionar candidatos. Em muitos casos, essas compet\u00eancias pesam tanto quanto \u2014 ou at\u00e9 mais do que \u2014 a forma\u00e7\u00e3o acad\u00eamica, especialmente em fun\u00e7\u00f5es que exigem intera\u00e7\u00e3o constante, tomada de decis\u00e3o e capacidade de adapta\u00e7\u00e3o a novos cen\u00e1rios.<\/p>\n\n\n\n<p>Esse movimento reflete uma mudan\u00e7a estrutural no mercado de trabalho, em que cargos e profiss\u00f5es se transformam rapidamente. Diante disso, profissionais que demonstram flexibilidade, boa comunica\u00e7\u00e3o e disposi\u00e7\u00e3o para aprender tendem a se destacar, independentemente do diploma, mostrando que o sucesso profissional est\u00e1 cada vez mais ligado ao comportamento e \u00e0 atitude no dia a dia.<\/p>\n","protected":false},"excerpt":{"rendered":"<p>Durante muito tempo, o diploma profissional foi considerado essencial para garantir uma boa vaga de emprego. Com as transforma\u00e7\u00f5es tecnol\u00f3gicas e a mudan\u00e7a no ambiente corporativo, esse crit\u00e9rio perdeu for\u00e7a. Hoje, as empresas priorizam profissionais adapt\u00e1veis, colaborativos e capazes de gerar resultados na pr\u00e1tica. Nesse novo cen\u00e1rio, a capacidade de adapta\u00e7\u00e3o passou a ser uma [&hellip;]<\/p>\n","protected":false},"author":4,"featured_media":12876,"comment_status":"open","ping_status":"open","sticky":false,"template":"","format":"standard","meta":{"jnews-multi-image_gallery":[],"jnews_single_post":{"format":"standard"},"jnews_primary_category":[],"jnews_social_meta":[],"jnews_post_split":[],"footnotes":""},"categories":[1],"tags":[],"class_list":["post-12873","post","type-post","status-publish","format-standard","has-post-thumbnail","hentry","category-uncategorized"],"_links":{"self":[{"href":"https:\/\/diariodepernambuco.audiencelabs.com.br\/wp-json\/wp\/v2\/posts\/12873","targetHints":{"allow":["GET"]}}],"collection":[{"href":"https:\/\/diariodepernambuco.audiencelabs.com.br\/wp-json\/wp\/v2\/posts"}],"about":[{"href":"https:\/\/diariodepernambuco.audiencelabs.com.br\/wp-json\/wp\/v2\/types\/post"}],"author":[{"embeddable":true,"href":"https:\/\/diariodepernambuco.audiencelabs.com.br\/wp-json\/wp\/v2\/users\/4"}],"replies":[{"embeddable":true,"href":"https:\/\/diariodepernambuco.audiencelabs.com.br\/wp-json\/wp\/v2\/comments?post=12873"}],"version-history":[{"count":2,"href":"https:\/\/diariodepernambuco.audiencelabs.com.br\/wp-json\/wp\/v2\/posts\/12873\/revisions"}],"predecessor-version":[{"id":12877,"href":"https:\/\/diariodepernambuco.audiencelabs.com.br\/wp-json\/wp\/v2\/posts\/12873\/revisions\/12877"}],"wp:featuredmedia":[{"embeddable":true,"href":"https:\/\/diariodepernambuco.audiencelabs.com.br\/wp-json\/wp\/v2\/media\/12876"}],"wp:attachment":[{"href":"https:\/\/diariodepernambuco.audiencelabs.com.br\/wp-json\/wp\/v2\/media?parent=12873"}],"wp:term":[{"taxonomy":"category","embeddable":true,"href":"https:\/\/diariodepernambuco.audiencelabs.com.br\/wp-json\/wp\/v2\/categories?post=12873"},{"taxonomy":"post_tag","embeddable":true,"href":"https:\/\/diariodepernambuco.audiencelabs.com.br\/wp-json\/wp\/v2\/tags?post=12873"}],"curies":[{"name":"wp","href":"https:\/\/api.w.org\/{rel}","templated":true}]}}