{"id":12924,"date":"2026-01-10T01:30:00","date_gmt":"2026-01-10T04:30:00","guid":{"rendered":"https:\/\/diariodepernambuco.audiencelabs.com.br\/?p=12924"},"modified":"2026-01-07T18:13:25","modified_gmt":"2026-01-07T21:13:25","slug":"tempestades-fortes-chegaram-e-centenas-de-voos-foram-cancelados-nos-aeroportos","status":"publish","type":"post","link":"https:\/\/diariodepernambuco.audiencelabs.com.br\/tempestades-fortes-chegaram-e-centenas-de-voos-foram-cancelados-nos-aeroportos\/","title":{"rendered":"Tempestades fortes chegaram e centenas de voos foram cancelados nos aeroportos"},"content":{"rendered":"\n<p>Metade da Europa enfrentou um colapso nesta semana por causa da neve, resultando em centenas de voos cancelados, milhares de passageiros retidos e s\u00e9rios transtornos no transporte terrestre, com engarrafamentos que se estenderam por quil\u00f4metros. Aeroportos em Paris, Bruxelas e Amsterd\u00e3 precisaram suspender centenas de voos na \u00faltima quarta-feira (7).<\/p>\n\n\n\n<p>Al\u00e9m disso, milhares de quil\u00f4metros ficaram congestionados, trens e \u00f4nibus foram cancelados, e cerca de 15 mil pessoas ficaram sem eletricidade e isoladas na S\u00e9rvia e na B\u00f3snia-Herzegovina. No norte e noroeste da Fran\u00e7a, a neve acumulou entre cinco e oito cent\u00edmetros, provocando engarrafamentos que somaram mais de 1.600 quil\u00f4metros.<\/p>\n\n\n\n<p>Na regi\u00e3o metropolitana de Paris, a circula\u00e7\u00e3o dos \u00f4nibus urbanos foi interrompida, e a autoridade de transporte Ile de France Mobilit\u00e9s recomendou que os passageiros verifiquem a disponibilidade de meios de locomo\u00e7\u00e3o antes de sa\u00edrem de casa. Os metr\u00f4s, trens suburbanos e bondes, por\u00e9m, continuram operando normalmente.<\/p>\n\n\n\n<p>Problemas semelhantes foram registrados na B\u00e9lgica e na Holanda. No aeroporto de Schiphol, em Amsterd\u00e3, mais de 800 voos foram cancelados, enquanto a imprensa belga informou que os congestionamentos nas rodovias nacionais ultrapassaram 800 quil\u00f4metros.<\/p>\n\n\n\n<h2 class=\"wp-block-heading\">A nevasca mais forte dos \u00faltimos anos<\/h2>\n\n\n\n<p>As nevascas que atingem a Hungria h\u00e1 v\u00e1rios dias s\u00e3o as mais intensas registradas em quase 14 anos. Em diversas regi\u00f5es, a neve acumulou at\u00e9 40 cent\u00edmetros, causando atrasos significativos no transporte ferrovi\u00e1rio e urbano. O Servi\u00e7o Nacional de Emerg\u00eancias M\u00e9dicas (OMSZ) realizou um n\u00famero recorde de 4.690 atendimentos em todo o pa\u00eds.<\/p>\n\n\n\n<p>O aeroporto internacional Liszt Ferenc tamb\u00e9m foi impactado, com voos para Londres, Paris e Amsterd\u00e3 cancelados devido \u00e0s condi\u00e7\u00f5es clim\u00e1ticas. Al\u00e9m disso, v\u00e1rias rodovias enfrentam congestionamentos, linhas de transporte urbano ficaram temporariamente paralisadas e o tr\u00e1fego ferrovi\u00e1rio sofreu atrasos.<\/p>\n\n\n\n<p><\/p>\n","protected":false},"excerpt":{"rendered":"<p>Metade da Europa enfrentou um colapso nesta semana por causa da neve, resultando em centenas de voos cancelados, milhares de passageiros retidos e s\u00e9rios transtornos no transporte terrestre, com engarrafamentos que se estenderam por quil\u00f4metros. Aeroportos em Paris, Bruxelas e Amsterd\u00e3 precisaram suspender centenas de voos na \u00faltima quarta-feira (7). Al\u00e9m disso, milhares de quil\u00f4metros [&hellip;]<\/p>\n","protected":false},"author":4,"featured_media":12927,"comment_status":"open","ping_status":"open","sticky":false,"template":"","format":"standard","meta":{"jnews-multi-image_gallery":[],"jnews_single_post":{"format":"standard"},"jnews_primary_category":[],"jnews_social_meta":[],"jnews_post_split":[],"footnotes":""},"categories":[1],"tags":[],"class_list":["post-12924","post","type-post","status-publish","format-standard","has-post-thumbnail","hentry","category-uncategorized"],"_links":{"self":[{"href":"https:\/\/diariodepernambuco.audiencelabs.com.br\/wp-json\/wp\/v2\/posts\/12924","targetHints":{"allow":["GET"]}}],"collection":[{"href":"https:\/\/diariodepernambuco.audiencelabs.com.br\/wp-json\/wp\/v2\/posts"}],"about":[{"href":"https:\/\/diariodepernambuco.audiencelabs.com.br\/wp-json\/wp\/v2\/types\/post"}],"author":[{"embeddable":true,"href":"https:\/\/diariodepernambuco.audiencelabs.com.br\/wp-json\/wp\/v2\/users\/4"}],"replies":[{"embeddable":true,"href":"https:\/\/diariodepernambuco.audiencelabs.com.br\/wp-json\/wp\/v2\/comments?post=12924"}],"version-history":[{"count":3,"href":"https:\/\/diariodepernambuco.audiencelabs.com.br\/wp-json\/wp\/v2\/posts\/12924\/revisions"}],"predecessor-version":[{"id":12936,"href":"https:\/\/diariodepernambuco.audiencelabs.com.br\/wp-json\/wp\/v2\/posts\/12924\/revisions\/12936"}],"wp:featuredmedia":[{"embeddable":true,"href":"https:\/\/diariodepernambuco.audiencelabs.com.br\/wp-json\/wp\/v2\/media\/12927"}],"wp:attachment":[{"href":"https:\/\/diariodepernambuco.audiencelabs.com.br\/wp-json\/wp\/v2\/media?parent=12924"}],"wp:term":[{"taxonomy":"category","embeddable":true,"href":"https:\/\/diariodepernambuco.audiencelabs.com.br\/wp-json\/wp\/v2\/categories?post=12924"},{"taxonomy":"post_tag","embeddable":true,"href":"https:\/\/diariodepernambuco.audiencelabs.com.br\/wp-json\/wp\/v2\/tags?post=12924"}],"curies":[{"name":"wp","href":"https:\/\/api.w.org\/{rel}","templated":true}]}}