{"id":12985,"date":"2026-01-08T12:00:00","date_gmt":"2026-01-08T15:00:00","guid":{"rendered":"https:\/\/diariodepernambuco.audiencelabs.com.br\/?p=12985"},"modified":"2026-01-08T13:49:38","modified_gmt":"2026-01-08T16:49:38","slug":"enquanto-dono-da-havan-comprou-frota-de-aeronaves-eike-batista-ressurgiu-para-construir-novo-imperio","status":"publish","type":"post","link":"https:\/\/diariodepernambuco.audiencelabs.com.br\/enquanto-dono-da-havan-comprou-frota-de-aeronaves-eike-batista-ressurgiu-para-construir-novo-imperio\/","title":{"rendered":"Enquanto dono da Havan comprou frota de aeronaves, Eike Batista ressurgiu para construir novo imp\u00e9rio"},"content":{"rendered":"\n<p>O mundo dos bilion\u00e1rios brasileiros voltou aos holofotes com movimentos que chamam aten\u00e7\u00e3o pelo contraste e pela ambi\u00e7\u00e3o. Enquanto o dono da Havan ampliou seus investimentos ao adquirir uma frota de aeronaves, Eike Batista, ap\u00f3s anos longe do protagonismo, ressurgiu com planos de construir um novo imp\u00e9rio empresarial.<\/p>\n\n\n\n<p>O empres\u00e1rio, que j\u00e1 figurou como o homem mais rico do Brasil e se tornou s\u00edmbolo do otimismo econ\u00f4mico dos anos 2000, demonstra estar decidido a retomar protagonismo no mercado com um plano novo e ousado. Embora o foco agora seja outro, a ambi\u00e7\u00e3o do projeto mant\u00e9m a mesma grandiosidade que sempre marcou sua trajet\u00f3ria.<\/p>\n\n\n\n<p>Ao apostar em sustentabilidade e tecnologias voltadas ao futuro, Eike pretende impulsionar o setor energ\u00e9tico brasileiro e, ao mesmo tempo, recuperar a confian\u00e7a dos investidores. Mais do que um novo investimento, seu retorno representa uma tentativa de reconstruir a pr\u00f3pria imagem, abalada por crises, processos judiciais e perdas bilion\u00e1rias ao longo dos \u00faltimos anos.<\/p>\n\n\n\n<p>O mais novo empreendimento de Eike Batista gira em torno da supercana, uma variedade de cana-de-a\u00e7\u00facar aprimorada geneticamente e capaz de multiplicar a produ\u00e7\u00e3o de etanol e biomassa por hectare. O projeto, que j\u00e1 est\u00e1 em fase de testes em uma usina em Araras, no interior de S\u00e3o Paulo, recebeu um aporte inicial de US$ 500 milh\u00f5es.<\/p>\n\n\n\n<h2 class=\"wp-block-heading\">Eike Batista: Do colapso \u00e0 aposta no futuro verde<\/h2>\n\n\n\n<p>Ap\u00f3s um dos maiores colapsos empresariais da hist\u00f3ria recente do Brasil, Eike Batista tenta reescrever sua trajet\u00f3ria apostando em um setor alinhado \u00e0s demandas globais por energia limpa e sustentabilidade. A supercana surge como s\u00edmbolo dessa nova fase, unindo inova\u00e7\u00e3o tecnol\u00f3gica e promessa de alta produtividade em um mercado estrat\u00e9gico para o pa\u00eds.<\/p>\n\n\n\n<p>O movimento contrasta com investimentos mais tradicionais de outros bilion\u00e1rios brasileiros e refor\u00e7a a tentativa de Eike de voltar ao centro do debate econ\u00f4mico. Ao direcionar seus esfor\u00e7os para o agroneg\u00f3cio energ\u00e9tico, ele busca n\u00e3o apenas viabilidade financeira, mas tamb\u00e9m reposicionar seu nome como sin\u00f4nimo de inova\u00e7\u00e3o, deixando para tr\u00e1s os esc\u00e2ndalos que marcaram sua queda.<\/p>\n\n\n\n<p><\/p>\n","protected":false},"excerpt":{"rendered":"<p>O mundo dos bilion\u00e1rios brasileiros voltou aos holofotes com movimentos que chamam aten\u00e7\u00e3o pelo contraste e pela ambi\u00e7\u00e3o. Enquanto o dono da Havan ampliou seus investimentos ao adquirir uma frota de aeronaves, Eike Batista, ap\u00f3s anos longe do protagonismo, ressurgiu com planos de construir um novo imp\u00e9rio empresarial. O empres\u00e1rio, que j\u00e1 figurou como o [&hellip;]<\/p>\n","protected":false},"author":4,"featured_media":6783,"comment_status":"open","ping_status":"open","sticky":false,"template":"","format":"standard","meta":{"jnews-multi-image_gallery":[],"jnews_single_post":{"format":"standard"},"jnews_primary_category":[],"jnews_social_meta":[],"jnews_post_split":[],"footnotes":""},"categories":[1],"tags":[],"class_list":["post-12985","post","type-post","status-publish","format-standard","has-post-thumbnail","hentry","category-uncategorized"],"_links":{"self":[{"href":"https:\/\/diariodepernambuco.audiencelabs.com.br\/wp-json\/wp\/v2\/posts\/12985","targetHints":{"allow":["GET"]}}],"collection":[{"href":"https:\/\/diariodepernambuco.audiencelabs.com.br\/wp-json\/wp\/v2\/posts"}],"about":[{"href":"https:\/\/diariodepernambuco.audiencelabs.com.br\/wp-json\/wp\/v2\/types\/post"}],"author":[{"embeddable":true,"href":"https:\/\/diariodepernambuco.audiencelabs.com.br\/wp-json\/wp\/v2\/users\/4"}],"replies":[{"embeddable":true,"href":"https:\/\/diariodepernambuco.audiencelabs.com.br\/wp-json\/wp\/v2\/comments?post=12985"}],"version-history":[{"count":3,"href":"https:\/\/diariodepernambuco.audiencelabs.com.br\/wp-json\/wp\/v2\/posts\/12985\/revisions"}],"predecessor-version":[{"id":13026,"href":"https:\/\/diariodepernambuco.audiencelabs.com.br\/wp-json\/wp\/v2\/posts\/12985\/revisions\/13026"}],"wp:featuredmedia":[{"embeddable":true,"href":"https:\/\/diariodepernambuco.audiencelabs.com.br\/wp-json\/wp\/v2\/media\/6783"}],"wp:attachment":[{"href":"https:\/\/diariodepernambuco.audiencelabs.com.br\/wp-json\/wp\/v2\/media?parent=12985"}],"wp:term":[{"taxonomy":"category","embeddable":true,"href":"https:\/\/diariodepernambuco.audiencelabs.com.br\/wp-json\/wp\/v2\/categories?post=12985"},{"taxonomy":"post_tag","embeddable":true,"href":"https:\/\/diariodepernambuco.audiencelabs.com.br\/wp-json\/wp\/v2\/tags?post=12985"}],"curies":[{"name":"wp","href":"https:\/\/api.w.org\/{rel}","templated":true}]}}