{"id":12995,"date":"2026-01-08T10:53:57","date_gmt":"2026-01-08T13:53:57","guid":{"rendered":"https:\/\/diariodepernambuco.audiencelabs.com.br\/?p=12995"},"modified":"2026-01-08T11:39:24","modified_gmt":"2026-01-08T14:39:24","slug":"historico-ponto-turistico-do-brasil-foi-dominado-por-capivaras-e-elas-andam-soltas-e-interagem-com-os-habitantes","status":"publish","type":"post","link":"https:\/\/diariodepernambuco.audiencelabs.com.br\/historico-ponto-turistico-do-brasil-foi-dominado-por-capivaras-e-elas-andam-soltas-e-interagem-com-os-habitantes\/","title":{"rendered":"Hist\u00f3rico ponto tur\u00edstico do Brasil foi dominado por capivaras e elas andam soltas e interagem com os habitantes"},"content":{"rendered":"\n<p>Ponto tur\u00edstico de destaque? Um destino pouco convencional no Rio Grande do Sul tem chamado a aten\u00e7\u00e3o de turistas e moradores pela presen\u00e7a tranquila de um dos animais mais simp\u00e1ticos da fauna brasileira. Conhecida informalmente como \u201ccidade das capivaras\u201d, a regi\u00e3o re\u00fane diferentes pontos onde esses roedores vivem soltos, dividindo espa\u00e7o com pessoas e transformando a paisagem urbana e rural em atra\u00e7\u00e3o tur\u00edstica.<\/p>\n\n\n\n<p>O principal destaque fica em S\u00e3o Pedro do Buti\u00e1, munic\u00edpio localizado na regi\u00e3o das Miss\u00f5es, que abriga o famoso S\u00edtio das Capivaras. O local se consolidou como parada obrigat\u00f3ria para quem busca contato direto com a natureza e experi\u00eancias fora do roteiro tradicional.<\/p>\n\n\n\n<h2 class=\"wp-block-heading\">S\u00edtio das Capivaras virou ponto tur\u00edstico e atrai visitantes de v\u00e1rias regi\u00f5es<\/h2>\n\n\n\n<p>Situado na Linha Taip\u00e3o Fundo, pr\u00f3ximo ao centro de S\u00e3o Pedro do Buti\u00e1, o S\u00edtio das Capivaras abriga mais de 100 animais vivendo em liberdade. No espa\u00e7o, as capivaras circulam livremente, aproximam-se dos visitantes e convivem de forma pac\u00edfica com humanos, o que rende registros fotogr\u00e1ficos e momentos de lazer em meio \u00e0 natureza.<\/p>\n\n\n\n<p>Al\u00e9m da intera\u00e7\u00e3o com os animais, o s\u00edtio oferece lagoa, \u00e1reas verdes, churrasqueiras e a presen\u00e7a de diversas esp\u00e9cies de aves, criando um ambiente familiar e prop\u00edcio para passeios tranquilos. O cuidado com os animais e o respeito ao espa\u00e7o natural fazem do local um exemplo de conviv\u00eancia equilibrada entre fauna e turismo.<\/p>\n\n\n\n<h2 class=\"wp-block-heading\">Capivaras tamb\u00e9m fazem parte da paisagem urbana<\/h2>\n\n\n\n<p>A presen\u00e7a desses animais n\u00e3o se limita ao interior do estado. Em Porto Alegre, as capivaras j\u00e1 se tornaram figuras conhecidas nas margens do Arroio Dil\u00favio, especialmente em \u00e1reas pr\u00f3ximas ao centro da cidade. A cena de grupos atravessando \u00e1reas urbanas ou descansando pr\u00f3ximo \u00e0 \u00e1gua virou parte do cotidiano e chama a aten\u00e7\u00e3o de quem passa pelo local.<\/p>\n\n\n\n<h2 class=\"wp-block-heading\">Nome da cidade refor\u00e7a liga\u00e7\u00e3o com o animal<\/h2>\n\n\n\n<p>Outro munic\u00edpio ga\u00facho que refor\u00e7a essa rela\u00e7\u00e3o \u00e9 Capivari do Sul. O nome tem origem no Tupi-Guarani e significa justamente \u201ccapivara\u201d, refletindo a forte presen\u00e7a desses animais na regi\u00e3o. Juntos, esses pontos ajudam a consolidar o Rio Grande do Sul como um dos estados onde a conviv\u00eancia entre pessoas e capivaras se tornou marca cultural e tur\u00edstica.<\/p>\n","protected":false},"excerpt":{"rendered":"<p>Ponto tur\u00edstico de destaque? Um destino pouco convencional no Rio Grande do Sul tem chamado a aten\u00e7\u00e3o de turistas e moradores pela presen\u00e7a tranquila de um dos animais mais simp\u00e1ticos da fauna brasileira. Conhecida informalmente como \u201ccidade das capivaras\u201d, a regi\u00e3o re\u00fane diferentes pontos onde esses roedores vivem soltos, dividindo espa\u00e7o com pessoas e transformando [&hellip;]<\/p>\n","protected":false},"author":7,"featured_media":12996,"comment_status":"open","ping_status":"open","sticky":false,"template":"","format":"standard","meta":{"jnews-multi-image_gallery":[],"jnews_single_post":{"format":"standard"},"jnews_primary_category":[],"jnews_social_meta":[],"jnews_post_split":[],"footnotes":""},"categories":[1],"tags":[],"class_list":["post-12995","post","type-post","status-publish","format-standard","has-post-thumbnail","hentry","category-uncategorized"],"_links":{"self":[{"href":"https:\/\/diariodepernambuco.audiencelabs.com.br\/wp-json\/wp\/v2\/posts\/12995","targetHints":{"allow":["GET"]}}],"collection":[{"href":"https:\/\/diariodepernambuco.audiencelabs.com.br\/wp-json\/wp\/v2\/posts"}],"about":[{"href":"https:\/\/diariodepernambuco.audiencelabs.com.br\/wp-json\/wp\/v2\/types\/post"}],"author":[{"embeddable":true,"href":"https:\/\/diariodepernambuco.audiencelabs.com.br\/wp-json\/wp\/v2\/users\/7"}],"replies":[{"embeddable":true,"href":"https:\/\/diariodepernambuco.audiencelabs.com.br\/wp-json\/wp\/v2\/comments?post=12995"}],"version-history":[{"count":2,"href":"https:\/\/diariodepernambuco.audiencelabs.com.br\/wp-json\/wp\/v2\/posts\/12995\/revisions"}],"predecessor-version":[{"id":13011,"href":"https:\/\/diariodepernambuco.audiencelabs.com.br\/wp-json\/wp\/v2\/posts\/12995\/revisions\/13011"}],"wp:featuredmedia":[{"embeddable":true,"href":"https:\/\/diariodepernambuco.audiencelabs.com.br\/wp-json\/wp\/v2\/media\/12996"}],"wp:attachment":[{"href":"https:\/\/diariodepernambuco.audiencelabs.com.br\/wp-json\/wp\/v2\/media?parent=12995"}],"wp:term":[{"taxonomy":"category","embeddable":true,"href":"https:\/\/diariodepernambuco.audiencelabs.com.br\/wp-json\/wp\/v2\/categories?post=12995"},{"taxonomy":"post_tag","embeddable":true,"href":"https:\/\/diariodepernambuco.audiencelabs.com.br\/wp-json\/wp\/v2\/tags?post=12995"}],"curies":[{"name":"wp","href":"https:\/\/api.w.org\/{rel}","templated":true}]}}