{"id":13034,"date":"2026-01-09T17:30:00","date_gmt":"2026-01-09T20:30:00","guid":{"rendered":"https:\/\/diariodepernambuco.audiencelabs.com.br\/?p=13034"},"modified":"2026-01-09T12:59:45","modified_gmt":"2026-01-09T15:59:45","slug":"clube-brasileiro-desistiu-de-disputar-campeonato-de-serie-a-em-2026-e-vaga-esta-cedida-para-outro-time","status":"publish","type":"post","link":"https:\/\/diariodepernambuco.audiencelabs.com.br\/clube-brasileiro-desistiu-de-disputar-campeonato-de-serie-a-em-2026-e-vaga-esta-cedida-para-outro-time\/","title":{"rendered":"Clube brasileiro desistiu de disputar campeonato de S\u00e9rie A1 em 2026 e vaga est\u00e1 cedida para outro time"},"content":{"rendered":"\n<p>O Real Bras\u00edlia, \u00fanico representante do Distrito Federal no Brasileir\u00e3o Feminino, a principal competi\u00e7\u00e3o da modalidade no pa\u00eds, anunciou nas redes sociais que n\u00e3o disputar\u00e1 a edi\u00e7\u00e3o de 2026 do torneio. De acordo com o clube, a sa\u00edda do patrocinador master tornou invi\u00e1vel a participa\u00e7\u00e3o da equipe na competi\u00e7\u00e3o.<\/p>\n\n\n\n<p>O Banco de Bras\u00edlia (BRB) decidiu n\u00e3o renovar o patroc\u00ednio com o clube, o que foi determinante para a decis\u00e3o. Em nota oficial, o Real Bras\u00edlia \u2014 que vinha lutando contra o rebaixamento nas \u00faltimas temporadas \u2014 ressaltou a trajet\u00f3ria constru\u00edda pela equipe feminina desde 2019, mas afirmou que o clube enfrenta um \u201cimpasse insuper\u00e1vel\u201d.<\/p>\n\n\n\n<p>A sa\u00edda do Real Bras\u00edlia do Brasileir\u00e3o Feminino coloca um ponto final melanc\u00f3lico em uma sequ\u00eancia de temporadas marcadas por lutas contra o rebaixamento e presen\u00e7a nas \u00faltimas posi\u00e7\u00f5es da tabela. A \u00faltima campanha de destaque da equipe do Distrito Federal aconteceu em 2022, quando encerrou a primeira fase na quinta coloca\u00e7\u00e3o.<\/p>\n\n\n\n<p>Com a desist\u00eancia do time do Distrito Federal, a vaga ficar\u00e1 com o Vit\u00f3ria, que encerrou a S\u00e9rie A2 de 2025 na quinta coloca\u00e7\u00e3o. Na \u00faltima quarta-feira (7), o clube baiano confirmou que assumir\u00e1 o posto na elite do futebol feminino nacional. De acordo com o Le\u00e3o da Barra, a decis\u00e3o segue os crit\u00e9rios e regulamentos definidos pela Confedera\u00e7\u00e3o Brasileira de Futebol (CBF).<\/p>\n\n\n\n<h2 class=\"wp-block-heading\">Os clubes que ir\u00e3o disputar a S\u00e9rie A do Brasileir\u00e3o Feminino<\/h2>\n\n\n<style>@media (min-width: 992px) {\n    .recomendadorV2Area1 {\n        width: 280px;\n    }\n    .recomendadorV2Area2 {\n        padding: 0px 20px;\n        width: calc(100% - 280px);\n    }\n}\n\n@media (max-width: 992px) {\n    .recomendadorV2Button {\n        margin: 0 auto;\n    }\n    .recomendadorV2Area {\n        flex-direction: column;\n        text-align: center;\n    }\n    .recomendadorV2Area2 {\n        padding: 0px 20px;\n    }\n}\n\n.recomendadorV2Area {\n    background: #eeeeee3d;\n    border-radius: 10px;\n    padding: 15px;\n    display: flex;\n    margin: 15px auto;\n    border: 1px solid #00000014;\n    max-width: 800px;\n}\n\n.recomendadorV2Area1 img {\n    width: 280px;\n    height: auto;\n    border-radius: 8px;\n}\n\n.linkrecomendadorv2 {\n    text-decoration: none !important;\n}\n\n.recomendadorV2Area2 .recomendadorV2Type {\n    text-transform: uppercase;\n    font-weight: 500;\n    font-size: 11px;\n    letter-spacing: 2px;\n    color: #666;\n    margin: 12px 0;\n    display: block;\n}\n\n.recomendadorV2Title h2 {\n    padding-top: 0px !important;\n    margin: 0px !important;\n    border-left: none !important;\n    padding-left: 0px !important;\n    line-height: 1.3;\n    color: #000 !important;\n    font-size: 24px;\n    margin-bottom: 12px !important;\n}\n\n.recomendadorV2Desc {\n    color: #333;\n    margin: 12px 0px !important;\n    font-size: 15px;\n    line-height: 1.5;\n}\n\n.recomendadorV2Button {\n    width: auto;\n    max-width: 200px;\n    margin: 0;\n    display: inline-flex;\n    align-items: center;\n    background: #1D3557;\n    border-radius: 8px;\n    color: #fff;\n    height: 36px;\n    justify-content: center;\n    text-align: center;\n    font-size: 14px;\n    padding: 0 20px;\n    transition: background-color 0.2s ease;\n}\n\n.recomendadorV2Button:hover {\n    background: #2a4d7a;\n}\n\n.recomendadorV2Button:after {\n    margin-top: -2px;\n    content: \"\u2192\";\n    padding: 0px 0px 0px 8px;\n}\n\n.recomendadorV2Alert {\n    text-align: left;\n    font-size: 11px;\n    margin-top: 8px;\n    color: #666;\n}\n\n.recomendadorFixedArea {\n    width: 100%;\n    display: flex;\n    justify-content: center;\n    align-items: center;\n}\n\n@media (min-width: 992px) {\n    #recomendadorFixed {\n        width: 32% !important;\n        left: 5%;\n    }\n    .recomendadorCloseFixed{\n        right: inherit !important;\n        left: 378px !important;\n    }\n}\n\n#recomendadorFixed {\n    width: 90%;\n    box-shadow: 0 10px 20px 0px #00000057;\n    display: none;\n    height: 90px;\n    background: #F6F6F6;\n    position: fixed;\n    flex-direction: row;\n    bottom: 10px;\n    z-index: 9999;\n    border-radius: 16px;\n    padding: 7px 10px;\n}\n\n.recomendadorLeftArea {\n    width: 160px;\n}\n\n.recomendadorRightArea h2 {\n    padding-top: 0px;\n    margin: 2px 0px 4px 0px !important;\n    font-weight: 400;\n    text-align: center;\n    padding-left: 0px !important;\n    color: #000 !important;\n    border-left: none !important;\n    line-height: 20px;\n    font-size: 12px !important;\n}\n\n.recomendadorImgFixed {\n    overflow: hidden;\n    padding: 8px 6px;\n    height: 100%;\n}\n\n.recomendadorImgFixed img {\n    height: 100% !important;\n    border-radius: 16px;\n}\n\n.recomendadorRightArea {\n    padding-top: 6px;\n    display: flex;\n    width: calc(100% - 130px);\n    justify-content: space-between;\n    align-items: center;\n    flex-direction: column;\n}\n\n.recomendadorButtonFixed {\n    margin: 0 auto;\n    background: #1D3557;\n    width: 80%;\n    text-align: center;\n    font-size: 10px;\n    color: #FFF;\n    padding: 2px 10px;\n    border-radius: 3px;\n}\n\n.recomendadorButtonFixed:after {\n    margin-top: -3px;\n    content: \"\u2192\";\n    padding: 0px 0px 0px 10px;\n}\n\n.recomendadorAlertFixed {\n    font-weight: 400;\n    text-align: center;\n    color: #484848;\n    font-size: 8px;\n}\n\n.recomendadorCloseFixed {\n    z-index: 99999;\n    display: none;\n    right: 0px;\n    left: inherit;\n    bottom: 99px;\n    position: fixed;\n    justify-content: center;\n    background: #F6F6F6;\n    width: 25px;\n    align-items: center;\n    height: 25px;\n    font-weight: 800;\n    border-radius: 50%;\n    border: 1px solid #EBEBEB;\n}\n\n.recomendadorV2Desc{\n    color: #000000;\n    margin: 20px 0px;\n}\n\n@media (max-width: 576px) {\n    .recomendadorV2Area {\n      padding: 10px;\n      max-width: 100%;\n    }\n  \n    .recomendadorV2Area1 img {\n      width: 100%;\n      border-radius: 6px;\n    }\n  \n    .recomendadorV2Area2 .recomendadorV2Type {\n      font-size: 9px;\n      letter-spacing: 1px;\n      margin: 8px 0;\n    }\n  \n    .recomendadorV2Title h2 {\n      font-size: 18px !important;\n      margin-bottom: 8px !important;\n      line-height: 1.2;\n    }\n  \n    .recomendadorV2Desc {\n      font-size: 14px;\n      margin: 8px 0 !important;\n      line-height: 1.4;\n    }\n  \n    .recomendadorV2Button {\n      font-size: 12px;\n      height: 30px;\n      padding: 0 12px;\n      max-width: 160px;\n    }\n  \n    .recomendadorV2Button:after {\n      padding-left: 6px;\n    }\n  }\n  <\/style>\n        <div class=\"lazyblock-recomendador-v2-2jDGz wp-block-lazyblock-recomendador-v2\">\n        <a class=\"linkrecomendadorv2\" href=\"https:\/\/diariodepernambuco.com.br\/dpmais\/gabriel-bortoleto-vai-mudar-de-carro-e-trocar-de-equipe-na-formula-1\/?utm_source=lazy\" target=\"_blank\" rel=\"noopener\">\n            <div class=\"recomendadorV2Area\">\n            <div class=\"recomendadorV2Area1\">\n                <div class=\"recomendadorV2Img\">\n                <img class=\"lazyloaded\" decoding=\"async\" src=\"https:\/\/diariodepernambuco.com.br\/dpmais\/wp-content\/uploads\/2026\/01\/Bortoleto-Audi-750x375.jpg\" data-src=\"https:\/\/diariodepernambuco.com.br\/dpmais\/wp-content\/uploads\/2026\/01\/Bortoleto-Audi-750x375.jpg\" alt=\"\">\n                <\/div>\n            <\/div>\n            <div class=\"recomendadorV2Area2\">\n                <div class=\"recomendadorV2Type\">\n                    <span>F\u00f3rmula 1<\/span>\n                <\/div>\n                <div class=\"recomendadorV2Title\">\n                <h2><span>Bortoleto muda \ud83c\udfce\ufe0f<\/span><\/h2>\n                <\/div>\n                <div class=\"recomendadorV2Desc\">\n                <span>Piloto troca carro e equipe na F1<\/span>\n                <\/div>\n                <div class=\"recomendadorV2Button\">Veja os detalhes<\/div>\n                <div class=\"recomendadorV2Alert\"><\/div>\n            <\/div>\n            <\/div>\n        <\/a>\n        <div>\n            <div style=\"z-index:99999;\" id=\"buttonClose\" onclick=\"closeRecomendadorFixed()\">\n            <div class=\"recomendadorCloseFixed\">X<\/div>\n            <\/div>\n            <a href=\"https:\/\/diariodepernambuco.com.br\/dpmais\/gabriel-bortoleto-vai-mudar-de-carro-e-trocar-de-equipe-na-formula-1\/?utm_source=lazy\" target=\"_blank\" rel=\"noopener\">\n            <div class=\"recomendadorFixedArea\">\n                <div id=\"recomendadorFixed\">\n                <div class=\"recomendadorLeftArea\">\n                    <div class=\"recomendadorImgFixed\">\n                    <img class=\"lazyload\" decoding=\"async\" src=\"https:\/\/diariodepernambuco.com.br\/dpmais\/wp-content\/uploads\/2026\/01\/Bortoleto-Audi-750x375.jpg\" alt=\"\">\n                    <\/div>\n                <\/div>\n                <div class=\"recomendadorRightArea\">\n                    <div class=\"recomendadorTitleFixed\">\n                    <h2><span>Bortoleto muda \ud83c\udfce\ufe0f<\/span><\/h2>\n                    <\/div>\n                    <div class=\"recomendadorButtonFixed\">Veja os detalhes<\/div>\n                    <div class=\"recomendadorAlertFixed\"><\/div>\n                <\/div>\n                <\/div>\n            <\/div>\n            <\/a>\n        <\/div>\n        <\/div>\n\n\n\n<ul class=\"wp-block-list\">\n<li>Bahia: Bahia e Vit\u00f3ria;<\/li>\n\n\n\n<li>Minas Gerais: Am\u00e9rica-MG, Atl\u00e9tico-MG e Cruzeiro;<\/li>\n\n\n\n<li>Rio de Janeiro: Botafogo, Flamengo e Fluminense;<\/li>\n\n\n\n<li>Rio Grande do Sul: Gr\u00eamio, Internacional e Juventude;<\/li>\n\n\n\n<li>S\u00e3o Paulo: Corinthians, Ferrovi\u00e1ria, Palmeiras, Red Bull Bragantino, Santos e S\u00e3o Paulo.<\/li>\n<\/ul>\n","protected":false},"excerpt":{"rendered":"<p>O Real Bras\u00edlia, \u00fanico representante do Distrito Federal no Brasileir\u00e3o Feminino, a principal competi\u00e7\u00e3o da modalidade no pa\u00eds, anunciou nas redes sociais que n\u00e3o disputar\u00e1 a edi\u00e7\u00e3o de 2026 do torneio. De acordo com o clube, a sa\u00edda do patrocinador master tornou invi\u00e1vel a participa\u00e7\u00e3o da equipe na competi\u00e7\u00e3o. O Banco de Bras\u00edlia (BRB) decidiu [&hellip;]<\/p>\n","protected":false},"author":4,"featured_media":13040,"comment_status":"open","ping_status":"open","sticky":false,"template":"","format":"standard","meta":{"jnews-multi-image_gallery":[],"jnews_single_post":{"format":"standard"},"jnews_primary_category":[],"jnews_social_meta":[],"jnews_post_split":[],"footnotes":""},"categories":[1],"tags":[],"class_list":["post-13034","post","type-post","status-publish","format-standard","has-post-thumbnail","hentry","category-uncategorized"],"_links":{"self":[{"href":"https:\/\/diariodepernambuco.audiencelabs.com.br\/wp-json\/wp\/v2\/posts\/13034","targetHints":{"allow":["GET"]}}],"collection":[{"href":"https:\/\/diariodepernambuco.audiencelabs.com.br\/wp-json\/wp\/v2\/posts"}],"about":[{"href":"https:\/\/diariodepernambuco.audiencelabs.com.br\/wp-json\/wp\/v2\/types\/post"}],"author":[{"embeddable":true,"href":"https:\/\/diariodepernambuco.audiencelabs.com.br\/wp-json\/wp\/v2\/users\/4"}],"replies":[{"embeddable":true,"href":"https:\/\/diariodepernambuco.audiencelabs.com.br\/wp-json\/wp\/v2\/comments?post=13034"}],"version-history":[{"count":5,"href":"https:\/\/diariodepernambuco.audiencelabs.com.br\/wp-json\/wp\/v2\/posts\/13034\/revisions"}],"predecessor-version":[{"id":13170,"href":"https:\/\/diariodepernambuco.audiencelabs.com.br\/wp-json\/wp\/v2\/posts\/13034\/revisions\/13170"}],"wp:featuredmedia":[{"embeddable":true,"href":"https:\/\/diariodepernambuco.audiencelabs.com.br\/wp-json\/wp\/v2\/media\/13040"}],"wp:attachment":[{"href":"https:\/\/diariodepernambuco.audiencelabs.com.br\/wp-json\/wp\/v2\/media?parent=13034"}],"wp:term":[{"taxonomy":"category","embeddable":true,"href":"https:\/\/diariodepernambuco.audiencelabs.com.br\/wp-json\/wp\/v2\/categories?post=13034"},{"taxonomy":"post_tag","embeddable":true,"href":"https:\/\/diariodepernambuco.audiencelabs.com.br\/wp-json\/wp\/v2\/tags?post=13034"}],"curies":[{"name":"wp","href":"https:\/\/api.w.org\/{rel}","templated":true}]}}