{"id":13062,"date":"2026-01-10T10:00:00","date_gmt":"2026-01-10T13:00:00","guid":{"rendered":"https:\/\/diariodepernambuco.audiencelabs.com.br\/?p=13062"},"modified":"2026-01-09T19:32:33","modified_gmt":"2026-01-09T22:32:33","slug":"carnaval-mudou-de-data-e-vai-acontecer-na-quinta-feira-26-de-fevereiro-nesta-cidade-do-brasil","status":"publish","type":"post","link":"https:\/\/diariodepernambuco.audiencelabs.com.br\/carnaval-mudou-de-data-e-vai-acontecer-na-quinta-feira-26-de-fevereiro-nesta-cidade-do-brasil\/","title":{"rendered":"Carnaval mudou de data e vai acontecer na quinta-feira (26) de fevereiro nesta cidade do Brasil"},"content":{"rendered":"\n<p>Enquanto grande parte do pa\u00eds se prepara para o Carnaval nos dias tradicionais de fevereiro ou mar\u00e7o, uma capital brasileira decidiu mudar o calend\u00e1rio da folia. Em Porto Alegre, os desfiles das escolas de samba foram antecipados e acontecer\u00e3o na quinta-feira, 26 de fevereiro, em uma data diferente do restante do Brasil.<\/p>\n\n\n\n<p>A altera\u00e7\u00e3o ocorre para evitar conflitos com os grandes desfiles do Rio de Janeiro e de S\u00e3o Paulo, permitindo melhor log\u00edstica, transmiss\u00e3o e participa\u00e7\u00e3o das escolas ga\u00fachas no evento. Durante um evento realizado na noite de quinta-feira (8), no Mercado P\u00fablico, foram anunciados o calend\u00e1rio e a ordem dos desfiles das escolas de samba.<\/p>\n\n\n\n<p>As escolas de samba dos grupos Ouro e Prata ir\u00e3o desfilar nos dias 27 e 28 de fevereiro. J\u00e1 as escolas do Grupo Bronze se apresentam em 21 de fevereiro, na Esplanada da Restinga. Como atual campe\u00e3, a escola Imperadores do Samba teve a prerrogativa de escolher a data e o hor\u00e1rio do seu desfile.<\/p>\n\n\n\n<h2 class=\"wp-block-heading\">Veja a ordem dos desfiles do Carnaval de Porto Alegre<\/h2>\n\n\n\n<p><strong>S\u00e1bado, 21 de fevereiro<\/strong><\/p>\n\n\n\n<p>Grupo Bronze<\/p>\n\n\n\n<ul class=\"wp-block-list\">\n<li>Convidada: Imortais Tricolores<\/li>\n\n\n\n<li>Convidada: Gavi\u00f5es da Vila Nova<\/li>\n\n\n\n<li>Mocidade Independente da Lomba do Pinheiro<\/li>\n\n\n\n<li>Unidos do Guajuviras<\/li>\n\n\n\n<li>Imp\u00e9rio dos Herdeiros<\/li>\n\n\n\n<li>Acad\u00eamicos da Orgia<\/li>\n\n\n\n<li>Imp\u00e9rio da Zona Norte<\/li>\n\n\n\n<li>Samba Puro<\/li>\n<\/ul>\n\n\n\n<p><strong>Sexta-feira, 27 de fevereiro<\/strong><\/p>\n\n\n\n<p>Grupo Prata<\/p>\n\n\n\n<ul class=\"wp-block-list\">\n<li>Uni\u00e3o da Vila do IAPI<\/li>\n\n\n\n<li>Protegidos da Princesa Isabel<\/li>\n\n\n\n<li>Filhos de Maria<\/li>\n\n\n\n<li>Academia de Samba Praiana<\/li>\n<\/ul>\n\n\n\n<p>Grupo Ouro<\/p>\n\n\n\n<ul class=\"wp-block-list\">\n<li>Bambas da Orgia<\/li>\n\n\n\n<li>Imperatriz Dona Leopoldina<\/li>\n\n\n\n<li>Imp\u00e9rio do Sol<\/li>\n\n\n\n<li>Unidos de Vila Isabel<\/li>\n<\/ul>\n\n\n\n<p><strong>S\u00e1bado, 28 de fevereiro<\/strong><\/p>\n\n\n\n<p>Tribo carnavalesca Os Comanches<\/p>\n\n\n\n<p>Grupo Prata<\/p>\n\n\n\n<ul class=\"wp-block-list\">\n<li>Academia de Samba Cohab-Santa Rita<\/li>\n\n\n\n<li>Copacabana<\/li>\n\n\n\n<li>Realeza<\/li>\n\n\n\n<li>Unidos da Vila Mapa<\/li>\n<\/ul>\n\n\n\n<p>Grupo Ouro<\/p>\n\n\n\n<ul class=\"wp-block-list\">\n<li>Uni\u00e3o da Tinga<\/li>\n\n\n\n<li>Acad\u00eamicos de Gravata\u00ed<\/li>\n\n\n\n<li>Imperadores do Samba<\/li>\n\n\n\n<li>Estado Maior da Restinga<\/li>\n\n\n\n<li>Fidalgos e Aristocratas<\/li>\n<\/ul>\n\n\n\n<p><\/p>\n","protected":false},"excerpt":{"rendered":"<p>Enquanto grande parte do pa\u00eds se prepara para o Carnaval nos dias tradicionais de fevereiro ou mar\u00e7o, uma capital brasileira decidiu mudar o calend\u00e1rio da folia. Em Porto Alegre, os desfiles das escolas de samba foram antecipados e acontecer\u00e3o na quinta-feira, 26 de fevereiro, em uma data diferente do restante do Brasil. A altera\u00e7\u00e3o ocorre [&hellip;]<\/p>\n","protected":false},"author":4,"featured_media":13063,"comment_status":"open","ping_status":"open","sticky":false,"template":"","format":"standard","meta":{"jnews-multi-image_gallery":[],"jnews_single_post":{"format":"standard"},"jnews_primary_category":[],"jnews_social_meta":[],"jnews_post_split":[],"footnotes":""},"categories":[1],"tags":[],"class_list":["post-13062","post","type-post","status-publish","format-standard","has-post-thumbnail","hentry","category-uncategorized"],"_links":{"self":[{"href":"https:\/\/diariodepernambuco.audiencelabs.com.br\/wp-json\/wp\/v2\/posts\/13062","targetHints":{"allow":["GET"]}}],"collection":[{"href":"https:\/\/diariodepernambuco.audiencelabs.com.br\/wp-json\/wp\/v2\/posts"}],"about":[{"href":"https:\/\/diariodepernambuco.audiencelabs.com.br\/wp-json\/wp\/v2\/types\/post"}],"author":[{"embeddable":true,"href":"https:\/\/diariodepernambuco.audiencelabs.com.br\/wp-json\/wp\/v2\/users\/4"}],"replies":[{"embeddable":true,"href":"https:\/\/diariodepernambuco.audiencelabs.com.br\/wp-json\/wp\/v2\/comments?post=13062"}],"version-history":[{"count":2,"href":"https:\/\/diariodepernambuco.audiencelabs.com.br\/wp-json\/wp\/v2\/posts\/13062\/revisions"}],"predecessor-version":[{"id":13066,"href":"https:\/\/diariodepernambuco.audiencelabs.com.br\/wp-json\/wp\/v2\/posts\/13062\/revisions\/13066"}],"wp:featuredmedia":[{"embeddable":true,"href":"https:\/\/diariodepernambuco.audiencelabs.com.br\/wp-json\/wp\/v2\/media\/13063"}],"wp:attachment":[{"href":"https:\/\/diariodepernambuco.audiencelabs.com.br\/wp-json\/wp\/v2\/media?parent=13062"}],"wp:term":[{"taxonomy":"category","embeddable":true,"href":"https:\/\/diariodepernambuco.audiencelabs.com.br\/wp-json\/wp\/v2\/categories?post=13062"},{"taxonomy":"post_tag","embeddable":true,"href":"https:\/\/diariodepernambuco.audiencelabs.com.br\/wp-json\/wp\/v2\/tags?post=13062"}],"curies":[{"name":"wp","href":"https:\/\/api.w.org\/{rel}","templated":true}]}}