{"id":13101,"date":"2026-01-09T09:00:00","date_gmt":"2026-01-09T12:00:00","guid":{"rendered":"https:\/\/diariodepernambuco.audiencelabs.com.br\/?p=13101"},"modified":"2026-01-09T11:12:03","modified_gmt":"2026-01-09T14:12:03","slug":"mansao-de-didi-moco-custa-r-18-milhoes-e-esta-em-leilao-com-divida-assustadora-de-iptu","status":"publish","type":"post","link":"https:\/\/diariodepernambuco.audiencelabs.com.br\/mansao-de-didi-moco-custa-r-18-milhoes-e-esta-em-leilao-com-divida-assustadora-de-iptu\/","title":{"rendered":"Mans\u00e3o de Didi Moc\u00f3 custa R$ 18 milh\u00f5es e est\u00e1 em leil\u00e3o com d\u00edvida assustadora de IPTU"},"content":{"rendered":"\n<p>A mans\u00e3o de Renato Arag\u00e3o, localizada em uma das \u00e1reas mais valorizadas do Recreio dos Bandeirantes, na Zona Sudoeste do Rio de Janeiro, voltou a ganhar destaque ap\u00f3s ser revelada uma d\u00edvida de R$ 548 mil de IPTU cobrada pela prefeitura, conforme noticiado pelo colunista Ancelmo G\u00f3is, do GLOBO.<\/p>\n\n\n\n<p>Desde 2023, a mans\u00e3o est\u00e1 anunciada para venda no site da Muller Im\u00f3veis RJ, com diversas imagens que mostram o interior da resid\u00eancia. Corretores descrevem a propriedade \u2014 avaliada em R$ 16 milh\u00f5es \u2014 como \u201ccinematogr\u00e1fica\u201d.<\/p>\n\n\n\n<p>Segundo o an\u00fancio, a casa possui cerca de 3 mil metros quadrados de \u00e1rea constru\u00edda, em um terreno de mais de 400 mil metros quadrados de \u00e1rea \u00fatil. A estrutura conta com guarita para controle de acesso de moradores e visitantes e inclui at\u00e9 heliponto.<\/p>\n\n\n\n<p>A \u00e1rea interna da mans\u00e3o se distribui em dois pavimentos. No t\u00e9rreo, destacam-se uma ampla sala de estar com mais de 100 metros quadrados, sala de costura, chapelaria, dois escrit\u00f3rios, biblioteca, sala de jantar, tr\u00eas lavabos, bar, adega, copa-cozinha com m\u00f3veis planejados, \u00e1rea de servi\u00e7o e quatro depend\u00eancias completas.<\/p>\n\n\n\n<p>No piso superior, a resid\u00eancia oferece quatro su\u00edtes, incluindo uma su\u00edte master com closet e um amplo sal\u00e3o de banho equipado com banheira de hidromassagem. O terreno tamb\u00e9m conta com quadra de t\u00eanis e uma extensa \u00e1rea externa, que inclui piscina, churrasqueira, sal\u00e3o de jogos, sal\u00e3o de festas, campo de futebol, quadra poliesportiva, pomar e jardins com paisagismo.<\/p>\n\n\n\n<h2 class=\"wp-block-heading\">De onde vem a fortuna de Renato Arag\u00e3o, o eterno Didi<\/h2>\n\n\n<style>@media (min-width: 992px) {\n    .recomendadorV2Area1 {\n        width: 280px;\n    }\n    .recomendadorV2Area2 {\n        padding: 0px 20px;\n        width: calc(100% - 280px);\n    }\n}\n\n@media (max-width: 992px) {\n    .recomendadorV2Button {\n        margin: 0 auto;\n    }\n    .recomendadorV2Area {\n        flex-direction: column;\n        text-align: center;\n    }\n    .recomendadorV2Area2 {\n        padding: 0px 20px;\n    }\n}\n\n.recomendadorV2Area {\n    background: #eeeeee3d;\n    border-radius: 10px;\n    padding: 15px;\n    display: flex;\n    margin: 15px auto;\n    border: 1px solid #00000014;\n    max-width: 800px;\n}\n\n.recomendadorV2Area1 img {\n    width: 280px;\n    height: auto;\n    border-radius: 8px;\n}\n\n.linkrecomendadorv2 {\n    text-decoration: none !important;\n}\n\n.recomendadorV2Area2 .recomendadorV2Type {\n    text-transform: uppercase;\n    font-weight: 500;\n    font-size: 11px;\n    letter-spacing: 2px;\n    color: #666;\n    margin: 12px 0;\n    display: block;\n}\n\n.recomendadorV2Title h2 {\n    padding-top: 0px !important;\n    margin: 0px !important;\n    border-left: none !important;\n    padding-left: 0px !important;\n    line-height: 1.3;\n    color: #000 !important;\n    font-size: 24px;\n    margin-bottom: 12px !important;\n}\n\n.recomendadorV2Desc {\n    color: #333;\n    margin: 12px 0px !important;\n    font-size: 15px;\n    line-height: 1.5;\n}\n\n.recomendadorV2Button {\n    width: auto;\n    max-width: 200px;\n    margin: 0;\n    display: inline-flex;\n    align-items: center;\n    background: #1D3557;\n    border-radius: 8px;\n    color: #fff;\n    height: 36px;\n    justify-content: center;\n    text-align: center;\n    font-size: 14px;\n    padding: 0 20px;\n    transition: background-color 0.2s ease;\n}\n\n.recomendadorV2Button:hover {\n    background: #2a4d7a;\n}\n\n.recomendadorV2Button:after {\n    margin-top: -2px;\n    content: \"\u2192\";\n    padding: 0px 0px 0px 8px;\n}\n\n.recomendadorV2Alert {\n    text-align: left;\n    font-size: 11px;\n    margin-top: 8px;\n    color: #666;\n}\n\n.recomendadorFixedArea {\n    width: 100%;\n    display: flex;\n    justify-content: center;\n    align-items: center;\n}\n\n@media (min-width: 992px) {\n    #recomendadorFixed {\n        width: 32% !important;\n        left: 5%;\n    }\n    .recomendadorCloseFixed{\n        right: inherit !important;\n        left: 378px !important;\n    }\n}\n\n#recomendadorFixed {\n    width: 90%;\n    box-shadow: 0 10px 20px 0px #00000057;\n    display: none;\n    height: 90px;\n    background: #F6F6F6;\n    position: fixed;\n    flex-direction: row;\n    bottom: 10px;\n    z-index: 9999;\n    border-radius: 16px;\n    padding: 7px 10px;\n}\n\n.recomendadorLeftArea {\n    width: 160px;\n}\n\n.recomendadorRightArea h2 {\n    padding-top: 0px;\n    margin: 2px 0px 4px 0px !important;\n    font-weight: 400;\n    text-align: center;\n    padding-left: 0px !important;\n    color: #000 !important;\n    border-left: none !important;\n    line-height: 20px;\n    font-size: 12px !important;\n}\n\n.recomendadorImgFixed {\n    overflow: hidden;\n    padding: 8px 6px;\n    height: 100%;\n}\n\n.recomendadorImgFixed img {\n    height: 100% !important;\n    border-radius: 16px;\n}\n\n.recomendadorRightArea {\n    padding-top: 6px;\n    display: flex;\n    width: calc(100% - 130px);\n    justify-content: space-between;\n    align-items: center;\n    flex-direction: column;\n}\n\n.recomendadorButtonFixed {\n    margin: 0 auto;\n    background: #1D3557;\n    width: 80%;\n    text-align: center;\n    font-size: 10px;\n    color: #FFF;\n    padding: 2px 10px;\n    border-radius: 3px;\n}\n\n.recomendadorButtonFixed:after {\n    margin-top: -3px;\n    content: \"\u2192\";\n    padding: 0px 0px 0px 10px;\n}\n\n.recomendadorAlertFixed {\n    font-weight: 400;\n    text-align: center;\n    color: #484848;\n    font-size: 8px;\n}\n\n.recomendadorCloseFixed {\n    z-index: 99999;\n    display: none;\n    right: 0px;\n    left: inherit;\n    bottom: 99px;\n    position: fixed;\n    justify-content: center;\n    background: #F6F6F6;\n    width: 25px;\n    align-items: center;\n    height: 25px;\n    font-weight: 800;\n    border-radius: 50%;\n    border: 1px solid #EBEBEB;\n}\n\n.recomendadorV2Desc{\n    color: #000000;\n    margin: 20px 0px;\n}\n\n@media (max-width: 576px) {\n    .recomendadorV2Area {\n      padding: 10px;\n      max-width: 100%;\n    }\n  \n    .recomendadorV2Area1 img {\n      width: 100%;\n      border-radius: 6px;\n    }\n  \n    .recomendadorV2Area2 .recomendadorV2Type {\n      font-size: 9px;\n      letter-spacing: 1px;\n      margin: 8px 0;\n    }\n  \n    .recomendadorV2Title h2 {\n      font-size: 18px !important;\n      margin-bottom: 8px !important;\n      line-height: 1.2;\n    }\n  \n    .recomendadorV2Desc {\n      font-size: 14px;\n      margin: 8px 0 !important;\n      line-height: 1.4;\n    }\n  \n    .recomendadorV2Button {\n      font-size: 12px;\n      height: 30px;\n      padding: 0 12px;\n      max-width: 160px;\n    }\n  \n    .recomendadorV2Button:after {\n      padding-left: 6px;\n    }\n  }\n  <\/style>\n        <div class=\"lazyblock-recomendador-v2-2jDGz wp-block-lazyblock-recomendador-v2\">\n        <a class=\"linkrecomendadorv2\" href=\"https:\/\/diariodepernambuco.com.br\/dpmais\/maior-predio-do-brasil-arranha-o-ceu-com-quase-300-metros-de-altura-e-fica-em-cidade-com-mar-e-gente-rica-no-sul\/?utm_source=lazy\" target=\"_blank\" rel=\"noopener\">\n            <div class=\"recomendadorV2Area\">\n            <div class=\"recomendadorV2Area1\">\n                <div class=\"recomendadorV2Img\">\n                <img class=\"lazyloaded\" decoding=\"async\" src=\"https:\/\/diariodepernambuco.com.br\/dpmais\/wp-content\/uploads\/2026\/01\/Onw-Tower-750x375.jpg\" data-src=\"https:\/\/diariodepernambuco.com.br\/dpmais\/wp-content\/uploads\/2026\/01\/Onw-Tower-750x375.jpg\" alt=\"\">\n                <\/div>\n            <\/div>\n            <div class=\"recomendadorV2Area2\">\n                <div class=\"recomendadorV2Type\">\n                    <span>Gigante Urbano<\/span>\n                <\/div>\n                <div class=\"recomendadorV2Title\">\n                <h2><span>Pr\u00e9dio colossal \ud83c\udfd9\ufe0f<\/span><\/h2>\n                <\/div>\n                <div class=\"recomendadorV2Desc\">\n                <span>Arranha-c\u00e9u tem quase 300 metros<\/span>\n                <\/div>\n                <div class=\"recomendadorV2Button\">Veja onde fica<\/div>\n                <div class=\"recomendadorV2Alert\"><\/div>\n            <\/div>\n            <\/div>\n        <\/a>\n        <div>\n            <div style=\"z-index:99999;\" id=\"buttonClose\" onclick=\"closeRecomendadorFixed()\">\n            <div class=\"recomendadorCloseFixed\">X<\/div>\n            <\/div>\n            <a href=\"https:\/\/diariodepernambuco.com.br\/dpmais\/maior-predio-do-brasil-arranha-o-ceu-com-quase-300-metros-de-altura-e-fica-em-cidade-com-mar-e-gente-rica-no-sul\/?utm_source=lazy\" target=\"_blank\" rel=\"noopener\">\n            <div class=\"recomendadorFixedArea\">\n                <div id=\"recomendadorFixed\">\n                <div class=\"recomendadorLeftArea\">\n                    <div class=\"recomendadorImgFixed\">\n                    <img class=\"lazyload\" decoding=\"async\" src=\"https:\/\/diariodepernambuco.com.br\/dpmais\/wp-content\/uploads\/2026\/01\/Onw-Tower-750x375.jpg\" alt=\"\">\n                    <\/div>\n                <\/div>\n                <div class=\"recomendadorRightArea\">\n                    <div class=\"recomendadorTitleFixed\">\n                    <h2><span>Pr\u00e9dio colossal \ud83c\udfd9\ufe0f<\/span><\/h2>\n                    <\/div>\n                    <div class=\"recomendadorButtonFixed\">Veja onde fica<\/div>\n                    <div class=\"recomendadorAlertFixed\"><\/div>\n                <\/div>\n                <\/div>\n            <\/div>\n            <\/a>\n        <\/div>\n        <\/div>\n\n\n\n<p>A fortuna de Renato Arag\u00e3o, conhecido nacionalmente como Didi, tem origem em uma carreira consolidada no entretenimento brasileiro, que se estende por mais de seis d\u00e9cadas. Ele come\u00e7ou como humorista em programas de televis\u00e3o nos anos 1960 e se tornou astro do \u201cOs Trapalh\u00f5es\u201d, grupo que conquistou sucesso estrondoso na TV e no cinema.<\/p>\n\n\n\n<p>Al\u00e9m da televis\u00e3o, Renato expandiu sua atua\u00e7\u00e3o para o cinema, protagonizando dezenas de filmes, muitos deles bilion\u00e1rios em bilheteria, e para o teatro e shows ao vivo, aumentando ainda mais sua receita. Ele tamb\u00e9m possui investimentos e propriedades, incluindo mans\u00f5es de alto padr\u00e3o e neg\u00f3cios pr\u00f3prios, que contribu\u00edram para a forma\u00e7\u00e3o de seu patrim\u00f4nio.<\/p>\n\n\n\n<p><\/p>\n","protected":false},"excerpt":{"rendered":"<p>A mans\u00e3o de Renato Arag\u00e3o, localizada em uma das \u00e1reas mais valorizadas do Recreio dos Bandeirantes, na Zona Sudoeste do Rio de Janeiro, voltou a ganhar destaque ap\u00f3s ser revelada uma d\u00edvida de R$ 548 mil de IPTU cobrada pela prefeitura, conforme noticiado pelo colunista Ancelmo G\u00f3is, do GLOBO. Desde 2023, a mans\u00e3o est\u00e1 anunciada [&hellip;]<\/p>\n","protected":false},"author":4,"featured_media":13103,"comment_status":"open","ping_status":"open","sticky":false,"template":"","format":"standard","meta":{"jnews-multi-image_gallery":[],"jnews_single_post":{"format":"standard"},"jnews_primary_category":[],"jnews_social_meta":[],"jnews_post_split":[],"footnotes":""},"categories":[1],"tags":[],"class_list":["post-13101","post","type-post","status-publish","format-standard","has-post-thumbnail","hentry","category-uncategorized"],"_links":{"self":[{"href":"https:\/\/diariodepernambuco.audiencelabs.com.br\/wp-json\/wp\/v2\/posts\/13101","targetHints":{"allow":["GET"]}}],"collection":[{"href":"https:\/\/diariodepernambuco.audiencelabs.com.br\/wp-json\/wp\/v2\/posts"}],"about":[{"href":"https:\/\/diariodepernambuco.audiencelabs.com.br\/wp-json\/wp\/v2\/types\/post"}],"author":[{"embeddable":true,"href":"https:\/\/diariodepernambuco.audiencelabs.com.br\/wp-json\/wp\/v2\/users\/4"}],"replies":[{"embeddable":true,"href":"https:\/\/diariodepernambuco.audiencelabs.com.br\/wp-json\/wp\/v2\/comments?post=13101"}],"version-history":[{"count":4,"href":"https:\/\/diariodepernambuco.audiencelabs.com.br\/wp-json\/wp\/v2\/posts\/13101\/revisions"}],"predecessor-version":[{"id":13132,"href":"https:\/\/diariodepernambuco.audiencelabs.com.br\/wp-json\/wp\/v2\/posts\/13101\/revisions\/13132"}],"wp:featuredmedia":[{"embeddable":true,"href":"https:\/\/diariodepernambuco.audiencelabs.com.br\/wp-json\/wp\/v2\/media\/13103"}],"wp:attachment":[{"href":"https:\/\/diariodepernambuco.audiencelabs.com.br\/wp-json\/wp\/v2\/media?parent=13101"}],"wp:term":[{"taxonomy":"category","embeddable":true,"href":"https:\/\/diariodepernambuco.audiencelabs.com.br\/wp-json\/wp\/v2\/categories?post=13101"},{"taxonomy":"post_tag","embeddable":true,"href":"https:\/\/diariodepernambuco.audiencelabs.com.br\/wp-json\/wp\/v2\/tags?post=13101"}],"curies":[{"name":"wp","href":"https:\/\/api.w.org\/{rel}","templated":true}]}}