{"id":13111,"date":"2026-01-09T11:00:00","date_gmt":"2026-01-09T14:00:00","guid":{"rendered":"https:\/\/diariodepernambuco.audiencelabs.com.br\/?p=13111"},"modified":"2026-01-09T12:59:12","modified_gmt":"2026-01-09T15:59:12","slug":"gabriel-bortoleto-vai-mudar-de-carro-e-trocar-de-equipe-na-formula-1","status":"publish","type":"post","link":"https:\/\/diariodepernambuco.audiencelabs.com.br\/gabriel-bortoleto-vai-mudar-de-carro-e-trocar-de-equipe-na-formula-1\/","title":{"rendered":"Gabriel Bortoleto vai mudar de carro e trocar de equipe na F\u00f3rmula 1"},"content":{"rendered":"\n<p>Depois de alcan\u00e7ar 19 pontos em sua temporada de estreia na F\u00f3rmula 1, o piloto brasileiro Gabriel Bortoleto ter\u00e1 um novo desafio em 2026: guiar um novo carro em uma &#8220;nova&#8221; equipe. Isto porque a Sauber agora d\u00e1 lugar a Audi, equipe que confirmou nesta quarta-feira (7) que ligou o motor desta temporada pela primeira vez.<\/p>\n\n\n\n<p>Estreante na categoria ap\u00f3s adquirir a Sauber, a escuderia alem\u00e3 anunciou que realizou o teste no dia 19 de dezembro, na cidade su\u00ed\u00e7a de Hinwil, uma das sedes da equipe. A prova foi tratada como um marco importante para validar o desempenho do carro, cujo motor de 2026 \u00e9 um dos protagonistas do novo regulamento da F\u00f3rmula 1.<\/p>\n\n\n\n<p>A unidade de pot\u00eancia seguir\u00e1 o conceito h\u00edbrido, combinando motor el\u00e9trico e motor a combust\u00e3o, mas deixar\u00e1 de utilizar o MGU-H, sistema respons\u00e1vel pela recupera\u00e7\u00e3o de energia t\u00e9rmica. O novo motor ser\u00e1 35 kg mais pesado que o modelo anterior e ter\u00e1 a parte el\u00e9trica mais potente do que a parte a combust\u00e3o.<\/p>\n\n\n\n<h2 class=\"wp-block-heading\">Bortoleto se manifesta sobre a novidade<\/h2>\n\n\n\n<p>No lan\u00e7amento oficial do carro, Gabriel Bortoleto se mostrou empolgado com a novidade: &#8220;\u00c9 algo incr\u00edvel para mim, ser piloto oficial da Audi na F1. O carro \u00e9 lindo demais, n\u00e3o vejo a hora de acelerar este carro. \u00c9 um orgulho muito grande poder fazer parte desta hist\u00f3ria de uma marca com tantas conquistas no automobilismo mundial&#8221;.<\/p>\n\n\n\n<h2 class=\"wp-block-heading\">Temporada 2026 da F\u00f3rmula 1 promete novidades e grandes disputas<\/h2>\n\n\n\n<p>A temporada 2026 da F\u00f3rmula 1 ter\u00e1 in\u00edcio em 17 de mar\u00e7o, com o Grande Pr\u00eamio do Bahrein, marcando o pontap\u00e9 inicial de um ano cheio de expectativas. As equipes chegam com novos regulamentos t\u00e9cnicos, motores h\u00edbridos atualizados e diversas mudan\u00e7as estrat\u00e9gicas, prometendo corridas mais equilibradas e disputadas.<\/p>\n\n\n\n<p>A temporada contar\u00e1 com 24 etapas, passando por continentes como \u00c1sia, Europa e Am\u00e9rica, e se encerrar\u00e1 em 29 de novembro, no Grande Pr\u00eamio de Abu Dhabi. Entre as principais novidades, destaque para a entrada de equipes reformuladas e a ado\u00e7\u00e3o de unidades de pot\u00eancia mais potentes e h\u00edbridas, seguindo as mudan\u00e7as do regulamento de 2026.<\/p>\n\n\n\n<p><\/p>\n","protected":false},"excerpt":{"rendered":"<p>Depois de alcan\u00e7ar 19 pontos em sua temporada de estreia na F\u00f3rmula 1, o piloto brasileiro Gabriel Bortoleto ter\u00e1 um novo desafio em 2026: guiar um novo carro em uma &#8220;nova&#8221; equipe. Isto porque a Sauber agora d\u00e1 lugar a Audi, equipe que confirmou nesta quarta-feira (7) que ligou o motor desta temporada pela primeira [&hellip;]<\/p>\n","protected":false},"author":4,"featured_media":13113,"comment_status":"open","ping_status":"open","sticky":false,"template":"","format":"standard","meta":{"jnews-multi-image_gallery":[],"jnews_single_post":{"format":"standard"},"jnews_primary_category":[],"jnews_social_meta":[],"jnews_post_split":[],"footnotes":""},"categories":[1],"tags":[],"class_list":["post-13111","post","type-post","status-publish","format-standard","has-post-thumbnail","hentry","category-uncategorized"],"_links":{"self":[{"href":"https:\/\/diariodepernambuco.audiencelabs.com.br\/wp-json\/wp\/v2\/posts\/13111","targetHints":{"allow":["GET"]}}],"collection":[{"href":"https:\/\/diariodepernambuco.audiencelabs.com.br\/wp-json\/wp\/v2\/posts"}],"about":[{"href":"https:\/\/diariodepernambuco.audiencelabs.com.br\/wp-json\/wp\/v2\/types\/post"}],"author":[{"embeddable":true,"href":"https:\/\/diariodepernambuco.audiencelabs.com.br\/wp-json\/wp\/v2\/users\/4"}],"replies":[{"embeddable":true,"href":"https:\/\/diariodepernambuco.audiencelabs.com.br\/wp-json\/wp\/v2\/comments?post=13111"}],"version-history":[{"count":3,"href":"https:\/\/diariodepernambuco.audiencelabs.com.br\/wp-json\/wp\/v2\/posts\/13111\/revisions"}],"predecessor-version":[{"id":13166,"href":"https:\/\/diariodepernambuco.audiencelabs.com.br\/wp-json\/wp\/v2\/posts\/13111\/revisions\/13166"}],"wp:featuredmedia":[{"embeddable":true,"href":"https:\/\/diariodepernambuco.audiencelabs.com.br\/wp-json\/wp\/v2\/media\/13113"}],"wp:attachment":[{"href":"https:\/\/diariodepernambuco.audiencelabs.com.br\/wp-json\/wp\/v2\/media?parent=13111"}],"wp:term":[{"taxonomy":"category","embeddable":true,"href":"https:\/\/diariodepernambuco.audiencelabs.com.br\/wp-json\/wp\/v2\/categories?post=13111"},{"taxonomy":"post_tag","embeddable":true,"href":"https:\/\/diariodepernambuco.audiencelabs.com.br\/wp-json\/wp\/v2\/tags?post=13111"}],"curies":[{"name":"wp","href":"https:\/\/api.w.org\/{rel}","templated":true}]}}