{"id":13134,"date":"2026-01-12T09:30:00","date_gmt":"2026-01-12T12:30:00","guid":{"rendered":"https:\/\/diariodepernambuco.audiencelabs.com.br\/?p=13134"},"modified":"2026-01-09T11:47:11","modified_gmt":"2026-01-09T14:47:11","slug":"globo-aplica-chapeu-na-band-e-vai-transmitir-jogos-de-campeonato-historico","status":"publish","type":"post","link":"https:\/\/diariodepernambuco.audiencelabs.com.br\/globo-aplica-chapeu-na-band-e-vai-transmitir-jogos-de-campeonato-historico\/","title":{"rendered":"Globo aplica chap\u00e9u na Band e vai transmitir jogos de campeonato hist\u00f3rico"},"content":{"rendered":"\n<p>A Rede Globo confirmou a renova\u00e7\u00e3o dos direitos de transmiss\u00e3o do Campeonato Carioca, assegurando exclusividade total da competi\u00e7\u00e3o estadual pelos pr\u00f3ximos tr\u00eas anos. O novo contrato \u00e9 v\u00e1lido at\u00e9 2028 e oficializa a sa\u00edda definitiva da Band da exibi\u00e7\u00e3o do torneio fluminense.<\/p>\n\n\n\n<p>Em comunicado \u00e0 imprensa, a emissora apresentou os detalhes da distribui\u00e7\u00e3o das partidas entre suas plataformas. O Premiere ficar\u00e1 respons\u00e1vel pela transmiss\u00e3o de todos os jogos, enquanto o SporTV exibir\u00e1 dois confrontos por rodada. J\u00e1 a TV aberta e o canal digital GE TV mostrar\u00e3o uma partida por rodada, priorizando os duelos envolvendo os quatro grandes clubes do Rio de Janeiro.<\/p>\n\n\n\n<p>O Campeonato Carioca ter\u00e1 in\u00edcio em 11 de janeiro e chegar\u00e1 com um formato in\u00e9dito nesta edi\u00e7\u00e3o. Os 12 clubes ser\u00e3o divididos em dois grupos, cada um com dois grandes e quatro equipes de menor investimento. Em raz\u00e3o de ajustes no calend\u00e1rio do futebol brasileiro, o estadual ser\u00e1 disputado em apenas dez datas em 2026.<\/p>\n\n\n\n<p>Pelo regulamento, os oito melhores colocados avan\u00e7am \u00e0s quartas de final, disputadas em jogo \u00fanico. As semifinais ser\u00e3o realizadas em ida e volta, enquanto a final est\u00e1 marcada para o Maracan\u00e3, tradicional palco do futebol carioca, encerrando a competi\u00e7\u00e3o no dia 8 de mar\u00e7o.<\/p>\n\n\n\n<h2 class=\"wp-block-heading\">Os clubes campe\u00f5es do Campeonato Carioca<\/h2>\n\n\n\n<ul class=\"wp-block-list\">\n<li>Flamengo &#8211; 39 t\u00edtulos (1914, 1915, 1920, 1921, 1925, 1927, 1939, 1942, 1943, 1944, 1953, 1954, 1955, 1963, 1965, 1972, 1974, 1978, 1979-I, 1979-II, 1981, 1986, 1991, 1996, 1999, 2000, 2001, 2004, 2007, 2008, 2009, 2011, 2014, 2017, 2019, 2020, 2021, 2024 e 2025);<\/li>\n<\/ul>\n\n\n\n<ul class=\"wp-block-list\">\n<li>Fluminense &#8211; 33 t\u00edtulos (1906, 1907, 1908, 1909, 1911, 1917, 1918, 1919, 1924, 1936, 1937, 1938, 1940, 1941, 1946, 1951, 1959, 1964, 1969, 1971, 1973, 1975, 1976, 1980, 1983, 1984, 1985, 1995, 2002, 2005, 2012, 2022 e 2023);<\/li>\n<\/ul>\n\n\n\n<ul class=\"wp-block-list\">\n<li>Vasco da Gama &#8211; 24 t\u00edtulos (1923, 1924, 1929, 1934, 1936, 1945, 1947, 1949, 1950, 1952, 1956, 1958, 1970, 1977, 1982, 1987, 1988, 1992, 1993, 1994, 1998, 2003, 2015 e 2016);<\/li>\n<\/ul>\n\n\n\n<ul class=\"wp-block-list\">\n<li>Botafogo &#8211; 21 t\u00edtulos (1907, 1910, 1912, 1930, 1932, 1933, 1934, 1935, 1948, 1957, 1961, 1962, 1967, 1968, 1989, 1990, 1997, 2006, 2010, 2013 e 2018);<\/li>\n<\/ul>\n\n\n\n<ul class=\"wp-block-list\">\n<li>Am\u00e9rica-RJ &#8211; 7 t\u00edtulos (1913, 1916, 1922, 1928, 1931, 1935 e 1960);<\/li>\n<\/ul>\n\n\n\n<ul class=\"wp-block-list\">\n<li>Bangu &#8211; 2 t\u00edtulos (1933 e 1966);<\/li>\n<\/ul>\n\n\n\n<ul class=\"wp-block-list\">\n<li>S\u00e3o Crist\u00f3v\u00e3o &#8211; 1 t\u00edtulo (1926);<\/li>\n<\/ul>\n\n\n\n<ul class=\"wp-block-list\">\n<li>Paissandu &#8211; 1 t\u00edtulo (1912).<\/li>\n<\/ul>\n\n\n\n<p><\/p>\n","protected":false},"excerpt":{"rendered":"<p>A Rede Globo confirmou a renova\u00e7\u00e3o dos direitos de transmiss\u00e3o do Campeonato Carioca, assegurando exclusividade total da competi\u00e7\u00e3o estadual pelos pr\u00f3ximos tr\u00eas anos. O novo contrato \u00e9 v\u00e1lido at\u00e9 2028 e oficializa a sa\u00edda definitiva da Band da exibi\u00e7\u00e3o do torneio fluminense. Em comunicado \u00e0 imprensa, a emissora apresentou os detalhes da distribui\u00e7\u00e3o das partidas [&hellip;]<\/p>\n","protected":false},"author":4,"featured_media":8666,"comment_status":"open","ping_status":"open","sticky":false,"template":"","format":"standard","meta":{"jnews-multi-image_gallery":[],"jnews_single_post":{"format":"standard"},"jnews_primary_category":[],"jnews_social_meta":[],"jnews_post_split":[],"footnotes":""},"categories":[1],"tags":[],"class_list":["post-13134","post","type-post","status-publish","format-standard","has-post-thumbnail","hentry","category-uncategorized"],"_links":{"self":[{"href":"https:\/\/diariodepernambuco.audiencelabs.com.br\/wp-json\/wp\/v2\/posts\/13134","targetHints":{"allow":["GET"]}}],"collection":[{"href":"https:\/\/diariodepernambuco.audiencelabs.com.br\/wp-json\/wp\/v2\/posts"}],"about":[{"href":"https:\/\/diariodepernambuco.audiencelabs.com.br\/wp-json\/wp\/v2\/types\/post"}],"author":[{"embeddable":true,"href":"https:\/\/diariodepernambuco.audiencelabs.com.br\/wp-json\/wp\/v2\/users\/4"}],"replies":[{"embeddable":true,"href":"https:\/\/diariodepernambuco.audiencelabs.com.br\/wp-json\/wp\/v2\/comments?post=13134"}],"version-history":[{"count":2,"href":"https:\/\/diariodepernambuco.audiencelabs.com.br\/wp-json\/wp\/v2\/posts\/13134\/revisions"}],"predecessor-version":[{"id":13137,"href":"https:\/\/diariodepernambuco.audiencelabs.com.br\/wp-json\/wp\/v2\/posts\/13134\/revisions\/13137"}],"wp:featuredmedia":[{"embeddable":true,"href":"https:\/\/diariodepernambuco.audiencelabs.com.br\/wp-json\/wp\/v2\/media\/8666"}],"wp:attachment":[{"href":"https:\/\/diariodepernambuco.audiencelabs.com.br\/wp-json\/wp\/v2\/media?parent=13134"}],"wp:term":[{"taxonomy":"category","embeddable":true,"href":"https:\/\/diariodepernambuco.audiencelabs.com.br\/wp-json\/wp\/v2\/categories?post=13134"},{"taxonomy":"post_tag","embeddable":true,"href":"https:\/\/diariodepernambuco.audiencelabs.com.br\/wp-json\/wp\/v2\/tags?post=13134"}],"curies":[{"name":"wp","href":"https:\/\/api.w.org\/{rel}","templated":true}]}}