{"id":1319,"date":"2025-08-18T09:00:00","date_gmt":"2025-08-18T12:00:00","guid":{"rendered":"https:\/\/diariodepernambuco.audiencelabs.com.br\/?p=1319"},"modified":"2025-08-15T18:55:23","modified_gmt":"2025-08-15T21:55:23","slug":"gemeas-com-sindrome-da-velhice-precoce-celebram-4-anos-de-vida","status":"publish","type":"post","link":"https:\/\/diariodepernambuco.audiencelabs.com.br\/gemeas-com-sindrome-da-velhice-precoce-celebram-4-anos-de-vida\/","title":{"rendered":"G\u00eameas com s\u00edndrome da velhice precoce celebram 4 anos de vida"},"content":{"rendered":"\n<p>Moradoras de Boa Vista, Roraima, as g\u00eameas Elis e Elo\u00e1 Lima Carneiro completaram mais um ano de vida em maio desse ano. Elas s\u00e3o as \u00fanicas g\u00eameas do mundo com o diagn\u00f3stico de prog\u00e9ria, tamb\u00e9m conhecida como S\u00edndrome de Huntchinson-Gilford, uma condi\u00e7\u00e3o ultrarrara que provoca o envelhecimento precoce.<\/p>\n\n\n\n<p>Para a m\u00e3e Elismar Lima Carneiro, 41, e o irm\u00e3o mais velho, Pedro Guilherme Iago, 22, a chegada dos 4 anos de Elis e Elo\u00e1 se tornou ainda mais especial, j\u00e1 que veio acompanhado de um grande salto de desenvolvimento. O irm\u00e3o, que concedeu entrevista \u00e0 Revista Crescer, afirmou que as duas &#8220;est\u00e3o mais vividas&#8221;.<\/p>\n\n\n\n<p>&#8220;Elas est\u00e3o entendendo mais o mundo. A Elis est\u00e1 mais comunicativa e mais curiosa. J\u00e1 a Elo\u00e1 est\u00e1 mais independente, cheia de atitude. Elas est\u00e3o aos pouquinhos descobrindo o mundo com a vis\u00e3o delas, n\u00e3o mais pela minha vis\u00e3o&#8221;, disse Pedro Guilherme.<\/p>\n\n\n\n<p>Quando receberam o diagn\u00f3stico da s\u00edndrome, Pedro Guilherme relata que a fam\u00edlia tinha poucas informa\u00e7\u00f5es e vivia aflita quanto ao tempo de vida das meninas. Hoje, a expectativa m\u00e9dia para pessoas com prog\u00e9ria \u00e9 de 14 anos, mas, felizmente, elas continuam evoluindo e respondendo positivamente aos tratamentos.<\/p>\n\n\n\n<h2 class=\"wp-block-heading\">O que \u00e9 a prog\u00e9ria?<\/h2>\n\n\n\n<p>A prog\u00e9ria \u00e9 uma doen\u00e7a gen\u00e9tica rara que causa um envelhecimento extremamente acelerado ainda na inf\u00e2ncia. Ela \u00e9 provocada por uma muta\u00e7\u00e3o no gene LMNA, respons\u00e1vel pela produ\u00e7\u00e3o de uma prote\u00edna chamada lamina A, que atua na estrutura do n\u00facleo das c\u00e9lulas.<\/p>\n\n\n\n<p><strong>Principais caracter\u00edsticas:<\/strong><\/p>\n\n\n\n<ul class=\"wp-block-list\">\n<li>Crescimento lento e baixa estatura<\/li>\n\n\n\n<li>Perda de gordura corporal e de cabelo<\/li>\n\n\n\n<li>Pele fina, seca e enrugada<\/li>\n\n\n\n<li>Rigidez articular e problemas \u00f3sseos<\/li>\n\n\n\n<li>Face caracter\u00edstica (cabe\u00e7a desproporcionalmente grande, olhos proeminentes, nariz afilado, queixo pequeno)<\/li>\n\n\n\n<li>Doen\u00e7as cardiovasculares precoces, como aterosclerose<\/li>\n<\/ul>\n\n\n\n<p><strong>Tratamento:<\/strong><\/p>\n\n\n\n<ul class=\"wp-block-list\">\n<li>N\u00e3o h\u00e1 cura, mas h\u00e1 tratamentos que podem melhorar a qualidade e prolongar a vida, como terapias para reduzir os danos cardiovasculares e, mais recentemente, medicamentos como o lonafarnib, que demonstraram resultados positivos em estudos.<\/li>\n<\/ul>\n\n\n\n<p><\/p>\n","protected":false},"excerpt":{"rendered":"<p>Moradoras de Boa Vista, Roraima, as g\u00eameas Elis e Elo\u00e1 Lima Carneiro completaram mais um ano de vida em maio desse ano. Elas s\u00e3o as \u00fanicas g\u00eameas do mundo com o diagn\u00f3stico de prog\u00e9ria, tamb\u00e9m conhecida como S\u00edndrome de Huntchinson-Gilford, uma condi\u00e7\u00e3o ultrarrara que provoca o envelhecimento precoce. Para a m\u00e3e Elismar Lima Carneiro, 41, [&hellip;]<\/p>\n","protected":false},"author":4,"featured_media":1320,"comment_status":"open","ping_status":"open","sticky":false,"template":"","format":"standard","meta":{"jnews-multi-image_gallery":[],"jnews_single_post":{"format":"standard"},"jnews_primary_category":[],"jnews_social_meta":[],"jnews_post_split":[],"footnotes":""},"categories":[1],"tags":[],"class_list":["post-1319","post","type-post","status-publish","format-standard","has-post-thumbnail","hentry","category-uncategorized"],"_links":{"self":[{"href":"https:\/\/diariodepernambuco.audiencelabs.com.br\/wp-json\/wp\/v2\/posts\/1319","targetHints":{"allow":["GET"]}}],"collection":[{"href":"https:\/\/diariodepernambuco.audiencelabs.com.br\/wp-json\/wp\/v2\/posts"}],"about":[{"href":"https:\/\/diariodepernambuco.audiencelabs.com.br\/wp-json\/wp\/v2\/types\/post"}],"author":[{"embeddable":true,"href":"https:\/\/diariodepernambuco.audiencelabs.com.br\/wp-json\/wp\/v2\/users\/4"}],"replies":[{"embeddable":true,"href":"https:\/\/diariodepernambuco.audiencelabs.com.br\/wp-json\/wp\/v2\/comments?post=1319"}],"version-history":[{"count":2,"href":"https:\/\/diariodepernambuco.audiencelabs.com.br\/wp-json\/wp\/v2\/posts\/1319\/revisions"}],"predecessor-version":[{"id":1322,"href":"https:\/\/diariodepernambuco.audiencelabs.com.br\/wp-json\/wp\/v2\/posts\/1319\/revisions\/1322"}],"wp:featuredmedia":[{"embeddable":true,"href":"https:\/\/diariodepernambuco.audiencelabs.com.br\/wp-json\/wp\/v2\/media\/1320"}],"wp:attachment":[{"href":"https:\/\/diariodepernambuco.audiencelabs.com.br\/wp-json\/wp\/v2\/media?parent=1319"}],"wp:term":[{"taxonomy":"category","embeddable":true,"href":"https:\/\/diariodepernambuco.audiencelabs.com.br\/wp-json\/wp\/v2\/categories?post=1319"},{"taxonomy":"post_tag","embeddable":true,"href":"https:\/\/diariodepernambuco.audiencelabs.com.br\/wp-json\/wp\/v2\/tags?post=1319"}],"curies":[{"name":"wp","href":"https:\/\/api.w.org\/{rel}","templated":true}]}}