{"id":13212,"date":"2026-01-11T20:23:00","date_gmt":"2026-01-11T23:23:00","guid":{"rendered":"https:\/\/diariodepernambuco.audiencelabs.com.br\/?p=13212"},"modified":"2026-01-09T19:22:02","modified_gmt":"2026-01-09T22:22:02","slug":"jogador-deixou-o-vasco-e-vai-jogar-no-internacional","status":"publish","type":"post","link":"https:\/\/diariodepernambuco.audiencelabs.com.br\/jogador-deixou-o-vasco-e-vai-jogar-no-internacional\/","title":{"rendered":"Jogador deixou o Vasco e vai jogar no Internacional"},"content":{"rendered":"\n<p>O Internacional confirmou a contrata\u00e7\u00e3o do meia Paulinho de Paula, que estava livre no mercado desde o t\u00e9rmino de seu contrato com o Vasco, no fim do ano passado. O jogador chega como o primeiro refor\u00e7o do Inter para a temporada, ap\u00f3s deixar o clube carioca em dezembro.<\/p>\n\n\n\n<p>O Colorado pegou muitos de surpresa ao oficializar o acordo por meio de nota, ainda condicionado \u00e0 realiza\u00e7\u00e3o de exames m\u00e9dicos e \u00e0 conclus\u00e3o dos tr\u00e2mites jur\u00eddicos. A negocia\u00e7\u00e3o foi conduzida de forma discreta e n\u00e3o havia sido antecipada. No Vasco, as tratativas para renova\u00e7\u00e3o com Paulinho perderam for\u00e7a no \u00faltimo semestre.<\/p>\n\n\n\n<p>Sem espa\u00e7o no elenco sob o comando de Diniz, o jogador acabou tendo poucas oportunidades ap\u00f3s se recuperar da grave les\u00e3o sofrida no in\u00edcio de 2024. Ainda assim, Paulinho despertou o interesse de clubes do Oriente M\u00e9dio e tamb\u00e9m recebeu sondagens de outras equipes da S\u00e9rie A.<\/p>\n\n\n\n<p>Paulinho teve papel decisivo no time comandado por Ram\u00f3n D\u00edaz que evitou o rebaixamento em 2023 apenas na \u00faltima rodada. O meia balan\u00e7ou as redes na partida que garantiu a perman\u00eancia, diante do Bragantino, e se tornou um dos s\u00edmbolos da rea\u00e7\u00e3o do elenco para escapar do Z-4.<\/p>\n\n\n\n<p>Ap\u00f3s encerrar aquela temporada cercado de expectativas, o volante sofreu uma grave les\u00e3o no in\u00edcio de 2024, com a ruptura dos ligamentos do joelho em uma partida no Carioc\u00e3o. Ele passou toda a temporada afastado dos gramados e s\u00f3 retornou na \u00faltima rodada do Campeonato Brasileiro.<\/p>\n\n\n\n<p>J\u00e1 em 2025, Paulinho iniciou o ano como titular no Vasco comandado por F\u00e1bio Carille, mas acabou perdendo espa\u00e7o com o decorrer da temporada e teve poucas oportunidades sob o comando de Fernando Diniz. O meia fez 27 jogos no ano, marcou um gol e deu uma assist\u00eancia. No total, foram 52 jogos pelo Vasco, com dois gols e tr\u00eas assist\u00eancias.<\/p>\n\n\n\n<p><\/p>\n","protected":false},"excerpt":{"rendered":"<p>O Internacional confirmou a contrata\u00e7\u00e3o do meia Paulinho de Paula, que estava livre no mercado desde o t\u00e9rmino de seu contrato com o Vasco, no fim do ano passado. O jogador chega como o primeiro refor\u00e7o do Inter para a temporada, ap\u00f3s deixar o clube carioca em dezembro. O Colorado pegou muitos de surpresa ao [&hellip;]<\/p>\n","protected":false},"author":4,"featured_media":13173,"comment_status":"open","ping_status":"open","sticky":false,"template":"","format":"standard","meta":{"jnews-multi-image_gallery":[],"jnews_single_post":{"format":"standard"},"jnews_primary_category":[],"jnews_social_meta":[],"jnews_post_split":[],"footnotes":""},"categories":[1],"tags":[],"class_list":["post-13212","post","type-post","status-publish","format-standard","has-post-thumbnail","hentry","category-uncategorized"],"_links":{"self":[{"href":"https:\/\/diariodepernambuco.audiencelabs.com.br\/wp-json\/wp\/v2\/posts\/13212","targetHints":{"allow":["GET"]}}],"collection":[{"href":"https:\/\/diariodepernambuco.audiencelabs.com.br\/wp-json\/wp\/v2\/posts"}],"about":[{"href":"https:\/\/diariodepernambuco.audiencelabs.com.br\/wp-json\/wp\/v2\/types\/post"}],"author":[{"embeddable":true,"href":"https:\/\/diariodepernambuco.audiencelabs.com.br\/wp-json\/wp\/v2\/users\/4"}],"replies":[{"embeddable":true,"href":"https:\/\/diariodepernambuco.audiencelabs.com.br\/wp-json\/wp\/v2\/comments?post=13212"}],"version-history":[{"count":2,"href":"https:\/\/diariodepernambuco.audiencelabs.com.br\/wp-json\/wp\/v2\/posts\/13212\/revisions"}],"predecessor-version":[{"id":13215,"href":"https:\/\/diariodepernambuco.audiencelabs.com.br\/wp-json\/wp\/v2\/posts\/13212\/revisions\/13215"}],"wp:featuredmedia":[{"embeddable":true,"href":"https:\/\/diariodepernambuco.audiencelabs.com.br\/wp-json\/wp\/v2\/media\/13173"}],"wp:attachment":[{"href":"https:\/\/diariodepernambuco.audiencelabs.com.br\/wp-json\/wp\/v2\/media?parent=13212"}],"wp:term":[{"taxonomy":"category","embeddable":true,"href":"https:\/\/diariodepernambuco.audiencelabs.com.br\/wp-json\/wp\/v2\/categories?post=13212"},{"taxonomy":"post_tag","embeddable":true,"href":"https:\/\/diariodepernambuco.audiencelabs.com.br\/wp-json\/wp\/v2\/tags?post=13212"}],"curies":[{"name":"wp","href":"https:\/\/api.w.org\/{rel}","templated":true}]}}