{"id":13223,"date":"2026-01-10T06:00:00","date_gmt":"2026-01-10T09:00:00","guid":{"rendered":"https:\/\/diariodepernambuco.audiencelabs.com.br\/?p=13223"},"modified":"2026-01-09T19:38:47","modified_gmt":"2026-01-09T22:38:47","slug":"tecnico-do-fluminense-vai-ter-que-passar-por-cirurgia-cardiovascular","status":"publish","type":"post","link":"https:\/\/diariodepernambuco.audiencelabs.com.br\/tecnico-do-fluminense-vai-ter-que-passar-por-cirurgia-cardiovascular\/","title":{"rendered":"T\u00e9cnico do Fluminense vai ter que passar por cirurgia cardiovascular"},"content":{"rendered":"\n<p>O Fluminense comunicou na manh\u00e3 desta sexta-feira (9) que o t\u00e9cnico Zubeld\u00eda ser\u00e1 submetido a um procedimento cardiovascular neste s\u00e1bado. O clube n\u00e3o informou os detalhes da interven\u00e7\u00e3o e destacou, em nota oficial, que, se houver necessidade de tratamento ap\u00f3s o procedimento, o treinador dever\u00e1 cumprir um per\u00edodo de repouso de sete dias.<\/p>\n\n\n\n<p>Caso a recupera\u00e7\u00e3o n\u00e3o exija cuidados adicionais, Zubeld\u00eda deve retomar as atividades j\u00e1 na pr\u00f3xima segunda-feira. O argentino est\u00e1 \u00e0 frente dos treinamentos da pr\u00e9-temporada desde 2 de janeiro e, na \u00faltima quinta-feira (8), reintegrou ao grupo os atletas que disputaram a semifinal da Copa do Brasil em dezembro, passando a contar com o elenco completo.<\/p>\n\n\n\n<p>A estreia na temporada est\u00e1 agendada para a pr\u00f3xima quarta-feira, diante do Madureira, pela primeira rodada do Campeonato Carioca. Para esse duelo inicial, a equipe ser\u00e1 formada majoritariamente por jovens das categorias de base, atletas que tiveram pouca utiliza\u00e7\u00e3o recentemente e alguns refor\u00e7os, como Guilherme Arana e Jemmes.<\/p>\n\n\n\n<h2 class=\"wp-block-heading\">Veja a nota oficial do Fluminense<\/h2>\n\n\n\n<p>&#8220;<em>O t\u00e9cnico Luis Zubeld\u00eda ser\u00e1 submetido a um procedimento cardiovascular neste s\u00e1bado (10\/01). Caso seja identificada a necessidade de tratamento ap\u00f3s a interven\u00e7\u00e3o, ele dever\u00e1 ficar de repouso por sete dias. Se n\u00e3o houver decis\u00e3o m\u00e9dica nesse sentido, ele voltar\u00e1 ao comando dos treinos j\u00e1 na segunda-feira (12\/01)<\/em>&#8220;.<\/p>\n","protected":false},"excerpt":{"rendered":"<p>O Fluminense comunicou na manh\u00e3 desta sexta-feira (9) que o t\u00e9cnico Zubeld\u00eda ser\u00e1 submetido a um procedimento cardiovascular neste s\u00e1bado. O clube n\u00e3o informou os detalhes da interven\u00e7\u00e3o e destacou, em nota oficial, que, se houver necessidade de tratamento ap\u00f3s o procedimento, o treinador dever\u00e1 cumprir um per\u00edodo de repouso de sete dias. Caso a [&hellip;]<\/p>\n","protected":false},"author":4,"featured_media":13225,"comment_status":"open","ping_status":"open","sticky":false,"template":"","format":"standard","meta":{"jnews-multi-image_gallery":[],"jnews_single_post":{"format":"standard"},"jnews_primary_category":[],"jnews_social_meta":[],"jnews_post_split":[],"footnotes":""},"categories":[1],"tags":[],"class_list":["post-13223","post","type-post","status-publish","format-standard","has-post-thumbnail","hentry","category-uncategorized"],"_links":{"self":[{"href":"https:\/\/diariodepernambuco.audiencelabs.com.br\/wp-json\/wp\/v2\/posts\/13223","targetHints":{"allow":["GET"]}}],"collection":[{"href":"https:\/\/diariodepernambuco.audiencelabs.com.br\/wp-json\/wp\/v2\/posts"}],"about":[{"href":"https:\/\/diariodepernambuco.audiencelabs.com.br\/wp-json\/wp\/v2\/types\/post"}],"author":[{"embeddable":true,"href":"https:\/\/diariodepernambuco.audiencelabs.com.br\/wp-json\/wp\/v2\/users\/4"}],"replies":[{"embeddable":true,"href":"https:\/\/diariodepernambuco.audiencelabs.com.br\/wp-json\/wp\/v2\/comments?post=13223"}],"version-history":[{"count":2,"href":"https:\/\/diariodepernambuco.audiencelabs.com.br\/wp-json\/wp\/v2\/posts\/13223\/revisions"}],"predecessor-version":[{"id":13226,"href":"https:\/\/diariodepernambuco.audiencelabs.com.br\/wp-json\/wp\/v2\/posts\/13223\/revisions\/13226"}],"wp:featuredmedia":[{"embeddable":true,"href":"https:\/\/diariodepernambuco.audiencelabs.com.br\/wp-json\/wp\/v2\/media\/13225"}],"wp:attachment":[{"href":"https:\/\/diariodepernambuco.audiencelabs.com.br\/wp-json\/wp\/v2\/media?parent=13223"}],"wp:term":[{"taxonomy":"category","embeddable":true,"href":"https:\/\/diariodepernambuco.audiencelabs.com.br\/wp-json\/wp\/v2\/categories?post=13223"},{"taxonomy":"post_tag","embeddable":true,"href":"https:\/\/diariodepernambuco.audiencelabs.com.br\/wp-json\/wp\/v2\/tags?post=13223"}],"curies":[{"name":"wp","href":"https:\/\/api.w.org\/{rel}","templated":true}]}}