{"id":13240,"date":"2026-01-10T11:12:00","date_gmt":"2026-01-10T14:12:00","guid":{"rendered":"https:\/\/diariodepernambuco.audiencelabs.com.br\/?p=13240"},"modified":"2026-01-10T16:01:41","modified_gmt":"2026-01-10T19:01:41","slug":"lei-do-aluguel-foi-atualizada-com-mudancas-importantes-para-2026","status":"publish","type":"post","link":"https:\/\/diariodepernambuco.audiencelabs.com.br\/lei-do-aluguel-foi-atualizada-com-mudancas-importantes-para-2026\/","title":{"rendered":"Lei do aluguel foi atualizada com mudan\u00e7as importantes para 2026"},"content":{"rendered":"\n<p>J\u00e1 em vigor no Brasil, a atualiza\u00e7\u00e3o da Lei do Aluguel \u2014 oficialmente a Lei do Inquilinato (Lei n\u00ba 8.245, de 18 de outubro de 1991) \u2014 trouxe mudan\u00e7as significativas para o mercado imobili\u00e1rio em 2026, com impactos diretos sobre propriet\u00e1rios, inquilinos e administradores de condom\u00ednios.<\/p>\n\n\n\n<h2 class=\"wp-block-heading\">Contratos mais claros e obrigat\u00f3rios<\/h2>\n\n\n\n<p>Uma das principais novidades \u00e9 a exig\u00eancia de que os contratos de loca\u00e7\u00e3o sejam formalizados por escrito, seja em formato f\u00edsico ou digital. A atualiza\u00e7\u00e3o da Lei do Inquilinato determina que os acordos tragam informa\u00e7\u00f5es detalhadas, como valor do aluguel, prazo, forma de pagamento, \u00edndice de reajuste e tipo de garantia. Assinaturas eletr\u00f4nicas passam a ter validade legal, o que amplia as possibilidades de formaliza\u00e7\u00e3o.<\/p>\n\n\n\n<p>A medida busca dar mais seguran\u00e7a \u00e0s partes envolvidas e evitar disputas relacionadas a inadimpl\u00eancia, revis\u00e3o de valores ou encerramento antecipado do contrato.<\/p>\n\n\n\n<h2 class=\"wp-block-heading\">Proibi\u00e7\u00e3o de garantias acumuladas<\/h2>\n\n\n\n<p>Outra altera\u00e7\u00e3o importante \u00e9 o fim da exig\u00eancia de mais de uma garantia no mesmo contrato. A partir de agora, o locador n\u00e3o pode solicitar, por exemplo, fiador e cau\u00e7\u00e3o simultaneamente. A mudan\u00e7a tenta equilibrar a negocia\u00e7\u00e3o e coibir exig\u00eancias consideradas excessivas no mercado de loca\u00e7\u00e3o.<\/p>\n\n\n\n<h2 class=\"wp-block-heading\">Responsabilidades em condom\u00ednios<\/h2>\n\n\n\n<p>A legisla\u00e7\u00e3o tamb\u00e9m detalha as obriga\u00e7\u00f5es de cada parte quando o im\u00f3vel est\u00e1 em condom\u00ednio. O propriet\u00e1rio deve entregar a unidade em condi\u00e7\u00f5es adequadas de uso, responder por quest\u00f5es estruturais e arcar com despesas extraordin\u00e1rias, como grandes obras e melhorias em \u00e1reas comuns.<\/p>\n\n\n\n<p>J\u00e1 o inquilino continua respons\u00e1vel pela conserva\u00e7\u00e3o do im\u00f3vel, pequenos reparos e despesas ordin\u00e1rias, como limpeza, manuten\u00e7\u00e3o de elevadores, sal\u00e1rios de funcion\u00e1rios e contas individuais, desde que previstas no contrato.<\/p>\n\n\n\n<h2 class=\"wp-block-heading\">Impactos fiscais e novos cadastros<\/h2>\n\n\n\n<p>A partir de 2027, donos de mais de tr\u00eas im\u00f3veis alugados com renda anual acima de R$ 240 mil passar\u00e3o a recolher novos tributos, como IBS e CBS, al\u00e9m do Imposto de Renda. Pequenos propriet\u00e1rios n\u00e3o ser\u00e3o afetados de imediato.<\/p>\n\n\n\n<p>Outro ponto previsto \u00e9 a cria\u00e7\u00e3o do Cadastro Imobili\u00e1rio Brasileiro, em 2026, que reunir\u00e1 dados de im\u00f3veis em um sistema \u00fanico. A iniciativa pretende ampliar a transpar\u00eancia e facilitar a fiscaliza\u00e7\u00e3o em um mercado que re\u00fane cerca de 17,8 milh\u00f5es de im\u00f3veis alugados no pa\u00eds.<\/p>\n\n\n\n<p><\/p>\n","protected":false},"excerpt":{"rendered":"<p>J\u00e1 em vigor no Brasil, a atualiza\u00e7\u00e3o da Lei do Aluguel \u2014 oficialmente a Lei do Inquilinato (Lei n\u00ba 8.245, de 18 de outubro de 1991) \u2014 trouxe mudan\u00e7as significativas para o mercado imobili\u00e1rio em 2026, com impactos diretos sobre propriet\u00e1rios, inquilinos e administradores de condom\u00ednios. Contratos mais claros e obrigat\u00f3rios Uma das principais novidades [&hellip;]<\/p>\n","protected":false},"author":7,"featured_media":3824,"comment_status":"open","ping_status":"open","sticky":false,"template":"","format":"standard","meta":{"jnews-multi-image_gallery":[],"jnews_single_post":{"format":"standard"},"jnews_primary_category":[],"jnews_social_meta":[],"jnews_post_split":[],"footnotes":""},"categories":[1],"tags":[],"class_list":["post-13240","post","type-post","status-publish","format-standard","has-post-thumbnail","hentry","category-uncategorized"],"_links":{"self":[{"href":"https:\/\/diariodepernambuco.audiencelabs.com.br\/wp-json\/wp\/v2\/posts\/13240","targetHints":{"allow":["GET"]}}],"collection":[{"href":"https:\/\/diariodepernambuco.audiencelabs.com.br\/wp-json\/wp\/v2\/posts"}],"about":[{"href":"https:\/\/diariodepernambuco.audiencelabs.com.br\/wp-json\/wp\/v2\/types\/post"}],"author":[{"embeddable":true,"href":"https:\/\/diariodepernambuco.audiencelabs.com.br\/wp-json\/wp\/v2\/users\/7"}],"replies":[{"embeddable":true,"href":"https:\/\/diariodepernambuco.audiencelabs.com.br\/wp-json\/wp\/v2\/comments?post=13240"}],"version-history":[{"count":2,"href":"https:\/\/diariodepernambuco.audiencelabs.com.br\/wp-json\/wp\/v2\/posts\/13240\/revisions"}],"predecessor-version":[{"id":13265,"href":"https:\/\/diariodepernambuco.audiencelabs.com.br\/wp-json\/wp\/v2\/posts\/13240\/revisions\/13265"}],"wp:featuredmedia":[{"embeddable":true,"href":"https:\/\/diariodepernambuco.audiencelabs.com.br\/wp-json\/wp\/v2\/media\/3824"}],"wp:attachment":[{"href":"https:\/\/diariodepernambuco.audiencelabs.com.br\/wp-json\/wp\/v2\/media?parent=13240"}],"wp:term":[{"taxonomy":"category","embeddable":true,"href":"https:\/\/diariodepernambuco.audiencelabs.com.br\/wp-json\/wp\/v2\/categories?post=13240"},{"taxonomy":"post_tag","embeddable":true,"href":"https:\/\/diariodepernambuco.audiencelabs.com.br\/wp-json\/wp\/v2\/tags?post=13240"}],"curies":[{"name":"wp","href":"https:\/\/api.w.org\/{rel}","templated":true}]}}