{"id":13280,"date":"2026-01-12T13:00:00","date_gmt":"2026-01-12T16:00:00","guid":{"rendered":"https:\/\/diariodepernambuco.audiencelabs.com.br\/?p=13280"},"modified":"2026-01-12T14:42:26","modified_gmt":"2026-01-12T17:42:26","slug":"predio-de-r-2-milhoes-no-nordeste-e-artigo-de-luxo-historico-e-pertence-a-wagner-moura","status":"publish","type":"post","link":"https:\/\/diariodepernambuco.audiencelabs.com.br\/predio-de-r-2-milhoes-no-nordeste-e-artigo-de-luxo-historico-e-pertence-a-wagner-moura\/","title":{"rendered":"Apartamento de R$ 2 milh\u00f5es no Nordeste \u00e9 artigo de luxo hist\u00f3rico e pertence a Wagner Moura"},"content":{"rendered":"\n<p>Sempre que est\u00e1 em Salvador, Wagner Moura \u2014 vencedor do Globo de Ouro de melhor ator de drama por O Agente Secreto \u2014 se hospeda em um ref\u00fagio particular: um apartamento no Edif\u00edcio Oceania, pr\u00e9dio hist\u00f3rico e emblem\u00e1tico situado na orla da Barra, de frente para o Farol da Barra.<\/p>\n\n\n\n<h2 class=\"wp-block-heading\">Apartamento hist\u00f3rico de Wagner Moura <\/h2>\n\n\n\n<p>A estimativa \u00e9 de que o ator tenha comprado o im\u00f3vel em 2010 por cerca de R$ 600 mil. Com a valoriza\u00e7\u00e3o da regi\u00e3o e o prest\u00edgio do edif\u00edcio, o apartamento hoje pode alcan\u00e7ar aproximadamente R$ 2 milh\u00f5es. O Edif\u00edcio Oceania se consolidou como um \u00edcone de hist\u00f3ria, sofistica\u00e7\u00e3o e cultura em Salvador.<\/p>\n\n\n\n<p>Inaugurado em 1943, o pr\u00e9dio foi o primeiro condom\u00ednio residencial de apartamentos da capital baiana e passou a ser tombado como patrim\u00f4nio hist\u00f3rico em 2008. Ao longo dos anos, contou com moradores ilustres, como L\u00e1zaro Ramos, Gilberto Gil e Flora Gil, al\u00e9m de receber visitas de personalidades internacionais, entre elas Bono Vox e Quincy Jones.<\/p>\n\n\n\n<p>Al\u00e9m de unidades residenciais, o t\u00e9rreo do edif\u00edcio j\u00e1 abrigou cinema, teatro, cassino, boate e at\u00e9 o ic\u00f4nico supermercado Paes Mendon\u00e7a. Apesar do status de luxo, viver a experi\u00eancia de morar no Oceania \u00e9 poss\u00edvel por meio de loca\u00e7\u00f5es por temporada: di\u00e1rias anunciadas no Airbnb giram em torno de R$ 1 mil, enquanto alugu\u00e9is mensais variam entre R$ 7 mil e R$ 12 mil.<\/p>\n\n\n\n<p>No per\u00edodo do Carnaval, alguns apartamentos chegam a ser alugados por valores superiores a R$ 20 mil. J\u00e1 as taxas de condom\u00ednio permanecem relativamente baixas, em torno de R$ 400 por m\u00eas, resultado da receita obtida com o aluguel do terra\u00e7o para a instala\u00e7\u00e3o de antenas de TV e internet.<\/p>\n\n\n\n<p><\/p>\n","protected":false},"excerpt":{"rendered":"<p>Sempre que est\u00e1 em Salvador, Wagner Moura \u2014 vencedor do Globo de Ouro de melhor ator de drama por O Agente Secreto \u2014 se hospeda em um ref\u00fagio particular: um apartamento no Edif\u00edcio Oceania, pr\u00e9dio hist\u00f3rico e emblem\u00e1tico situado na orla da Barra, de frente para o Farol da Barra. Apartamento hist\u00f3rico de Wagner Moura [&hellip;]<\/p>\n","protected":false},"author":4,"featured_media":13360,"comment_status":"open","ping_status":"open","sticky":false,"template":"","format":"standard","meta":{"jnews-multi-image_gallery":[],"jnews_single_post":{"format":"standard"},"jnews_primary_category":[],"jnews_social_meta":[],"jnews_post_split":[],"footnotes":""},"categories":[1],"tags":[],"class_list":["post-13280","post","type-post","status-publish","format-standard","has-post-thumbnail","hentry","category-uncategorized"],"_links":{"self":[{"href":"https:\/\/diariodepernambuco.audiencelabs.com.br\/wp-json\/wp\/v2\/posts\/13280","targetHints":{"allow":["GET"]}}],"collection":[{"href":"https:\/\/diariodepernambuco.audiencelabs.com.br\/wp-json\/wp\/v2\/posts"}],"about":[{"href":"https:\/\/diariodepernambuco.audiencelabs.com.br\/wp-json\/wp\/v2\/types\/post"}],"author":[{"embeddable":true,"href":"https:\/\/diariodepernambuco.audiencelabs.com.br\/wp-json\/wp\/v2\/users\/4"}],"replies":[{"embeddable":true,"href":"https:\/\/diariodepernambuco.audiencelabs.com.br\/wp-json\/wp\/v2\/comments?post=13280"}],"version-history":[{"count":3,"href":"https:\/\/diariodepernambuco.audiencelabs.com.br\/wp-json\/wp\/v2\/posts\/13280\/revisions"}],"predecessor-version":[{"id":13368,"href":"https:\/\/diariodepernambuco.audiencelabs.com.br\/wp-json\/wp\/v2\/posts\/13280\/revisions\/13368"}],"wp:featuredmedia":[{"embeddable":true,"href":"https:\/\/diariodepernambuco.audiencelabs.com.br\/wp-json\/wp\/v2\/media\/13360"}],"wp:attachment":[{"href":"https:\/\/diariodepernambuco.audiencelabs.com.br\/wp-json\/wp\/v2\/media?parent=13280"}],"wp:term":[{"taxonomy":"category","embeddable":true,"href":"https:\/\/diariodepernambuco.audiencelabs.com.br\/wp-json\/wp\/v2\/categories?post=13280"},{"taxonomy":"post_tag","embeddable":true,"href":"https:\/\/diariodepernambuco.audiencelabs.com.br\/wp-json\/wp\/v2\/tags?post=13280"}],"curies":[{"name":"wp","href":"https:\/\/api.w.org\/{rel}","templated":true}]}}