{"id":13304,"date":"2026-01-13T15:30:00","date_gmt":"2026-01-13T18:30:00","guid":{"rendered":"https:\/\/diariodepernambuco.audiencelabs.com.br\/?p=13304"},"modified":"2026-01-12T12:29:54","modified_gmt":"2026-01-12T15:29:54","slug":"revelada-qual-e-a-idade-em-que-os-seres-humanos-alcancam-a-felicidade-extrema","status":"publish","type":"post","link":"https:\/\/diariodepernambuco.audiencelabs.com.br\/revelada-qual-e-a-idade-em-que-os-seres-humanos-alcancam-a-felicidade-extrema\/","title":{"rendered":"Revelada qual \u00e9 a idade em que os seres humanos alcan\u00e7am a felicidade extrema"},"content":{"rendered":"\n<p>Muita gente acredita que a felicidade diminui com o passar dos anos, mas estudos indicam o contr\u00e1rio: ela pode crescer na maturidade, especialmente a partir dos 60 anos, segundo o neurocientista Fabricio Ballarini.<\/p>\n\n\n\n<p>Apesar da ideia de que a juventude seria a fase mais valiosa da vida, uma pesquisa recente do National Bureau of Economic Research (NBER) aponta que os n\u00edveis de insatisfa\u00e7\u00e3o tendem a cair com o avan\u00e7o da idade. Para chegar a esse resultado, os pesquisadores analisaram indicadores de bem-estar em mais de cem pa\u00edses desenvolvidos ao longo de v\u00e1rias d\u00e9cadas.<\/p>\n\n\n\n<p>&#8220;J\u00e1 existem diversos estudos globais que demonstraram que, ao atingirem os 60 anos de idade, as pessoas equilibram suas prioridades, sabem o que fazer e o que n\u00e3o fazer, e s\u00e3o menos estressadas porque possuem uma certa sabedoria adquirida com a experi\u00eancia de vida&#8221;, disse Ballarini.<\/p>\n\n\n\n<p>O n\u00edvel mais alto de bem-estar costuma aparecer na inf\u00e2ncia e na adolesc\u00eancia, fases marcadas por maior liberdade, autonomia e conviv\u00eancia social. A partir dos 18 anos, por\u00e9m, esse \u00edndice tende a cair com a entrada no mercado de trabalho ou na vida acad\u00eamica, o aumento das responsabilidades e a redu\u00e7\u00e3o da sensa\u00e7\u00e3o de prazer e leveza.<\/p>\n\n\n\n<p>O ponto mais baixo geralmente ocorre por volta dos 40 anos. Ap\u00f3s a chamada crise da meia-idade, os n\u00edveis de satisfa\u00e7\u00e3o voltam a crescer a partir dos 50 anos, atingindo o auge em torno dos 60 anos.<\/p>\n\n\n\n<h2 class=\"wp-block-heading\">Por que a felicidade cresce com a maturidade, segundo a ci\u00eancia<\/h2>\n\n\n\n<p>Pesquisadores explicam que o aumento do bem-estar na maturidade est\u00e1 ligado a uma melhor gest\u00e3o das expectativas e das emo\u00e7\u00f5es. Com o passar dos anos, as pessoas tendem a valorizar mais as rela\u00e7\u00f5es significativas, a sa\u00fade e o equil\u00edbrio emocional, deixando de lado press\u00f5es externas como status e compara\u00e7\u00e3o social, fatores que costumam gerar frustra\u00e7\u00e3o na juventude.<\/p>\n\n\n\n<p>Al\u00e9m disso, a experi\u00eancia acumulada ao longo da vida contribui para maior resili\u00eancia diante de problemas e perdas. Aos 60 anos, muitos j\u00e1 enfrentaram desafios importantes, aprenderam a lidar com frustra\u00e7\u00f5es e passaram a fazer escolhas mais conscientes, o que favorece uma sensa\u00e7\u00e3o mais est\u00e1vel e duradoura de felicidade.<\/p>\n\n\n\n<p><\/p>\n","protected":false},"excerpt":{"rendered":"<p>Muita gente acredita que a felicidade diminui com o passar dos anos, mas estudos indicam o contr\u00e1rio: ela pode crescer na maturidade, especialmente a partir dos 60 anos, segundo o neurocientista Fabricio Ballarini. Apesar da ideia de que a juventude seria a fase mais valiosa da vida, uma pesquisa recente do National Bureau of Economic [&hellip;]<\/p>\n","protected":false},"author":4,"featured_media":13307,"comment_status":"open","ping_status":"open","sticky":false,"template":"","format":"standard","meta":{"jnews-multi-image_gallery":[],"jnews_single_post":{"format":"standard"},"jnews_primary_category":[],"jnews_social_meta":[],"jnews_post_split":[],"footnotes":""},"categories":[1],"tags":[],"class_list":["post-13304","post","type-post","status-publish","format-standard","has-post-thumbnail","hentry","category-uncategorized"],"_links":{"self":[{"href":"https:\/\/diariodepernambuco.audiencelabs.com.br\/wp-json\/wp\/v2\/posts\/13304","targetHints":{"allow":["GET"]}}],"collection":[{"href":"https:\/\/diariodepernambuco.audiencelabs.com.br\/wp-json\/wp\/v2\/posts"}],"about":[{"href":"https:\/\/diariodepernambuco.audiencelabs.com.br\/wp-json\/wp\/v2\/types\/post"}],"author":[{"embeddable":true,"href":"https:\/\/diariodepernambuco.audiencelabs.com.br\/wp-json\/wp\/v2\/users\/4"}],"replies":[{"embeddable":true,"href":"https:\/\/diariodepernambuco.audiencelabs.com.br\/wp-json\/wp\/v2\/comments?post=13304"}],"version-history":[{"count":2,"href":"https:\/\/diariodepernambuco.audiencelabs.com.br\/wp-json\/wp\/v2\/posts\/13304\/revisions"}],"predecessor-version":[{"id":13309,"href":"https:\/\/diariodepernambuco.audiencelabs.com.br\/wp-json\/wp\/v2\/posts\/13304\/revisions\/13309"}],"wp:featuredmedia":[{"embeddable":true,"href":"https:\/\/diariodepernambuco.audiencelabs.com.br\/wp-json\/wp\/v2\/media\/13307"}],"wp:attachment":[{"href":"https:\/\/diariodepernambuco.audiencelabs.com.br\/wp-json\/wp\/v2\/media?parent=13304"}],"wp:term":[{"taxonomy":"category","embeddable":true,"href":"https:\/\/diariodepernambuco.audiencelabs.com.br\/wp-json\/wp\/v2\/categories?post=13304"},{"taxonomy":"post_tag","embeddable":true,"href":"https:\/\/diariodepernambuco.audiencelabs.com.br\/wp-json\/wp\/v2\/tags?post=13304"}],"curies":[{"name":"wp","href":"https:\/\/api.w.org\/{rel}","templated":true}]}}