{"id":13320,"date":"2026-01-12T12:59:12","date_gmt":"2026-01-12T15:59:12","guid":{"rendered":"https:\/\/diariodepernambuco.audiencelabs.com.br\/?p=13320"},"modified":"2026-01-12T14:43:22","modified_gmt":"2026-01-12T17:43:22","slug":"globo-de-ouro-o-que-significa-o-premio-que-wagner-moura-ganhou","status":"publish","type":"post","link":"https:\/\/diariodepernambuco.audiencelabs.com.br\/globo-de-ouro-o-que-significa-o-premio-que-wagner-moura-ganhou\/","title":{"rendered":"Globo de Ouro: O que significa o pr\u00eamio que Wagner Moura ganhou?"},"content":{"rendered":"\n<p>Neste domingo, o Brasil foi ao del\u00edrio com as vit\u00f3rias do filme <em>O Agente Secreto<\/em> na 83\u00aa edi\u00e7\u00e3o do Globo de Ouro, que inclu\u00edram o pr\u00eamio de <strong>Melhor Ator em Filme de Drama para Wagner Moura<\/strong>.<\/p>\n\n\n\n<p>E \u00e9 importante destacar que, muito al\u00e9m de representar a for\u00e7a do cinema nacional diante do mercado estrangeiro, o pr\u00eamio possui um significado ainda maior para a produ\u00e7\u00e3o dirigida por Walter Salles, pois trata-se de uma &#8220;abertura de possibilidades&#8221;.<\/p>\n\n\n\n<p>Isso porque muitos especialistas acreditam que o Globo de Ouro serve como uma esp\u00e9cie de &#8220;term\u00f4metro&#8221; para o <strong>Oscar<\/strong>, que \u00e9 considerada uma das mais populares premia\u00e7\u00f5es da ind\u00fastria cinematogr\u00e1fica internacional.<\/p>\n\n\n\n<p>Vale lembrar que, no ano passado, Fernanda Torres ganhou o trof\u00e9u de Melhor Atriz por <em>Ainda Estou Aqui<\/em>, e semanas depois foi indicada a uma categoria no pr\u00eamio concedido pela Academia de Artes e Ci\u00eancias Cinematogr\u00e1ficas.<\/p>\n\n\n\n<p>Levando em conta que os indicados ao Oscar 2026 ser\u00e3o anunciados oficialmente <strong>em 22 de janeiro de 2026<\/strong>, as expectativas de que Moura conquiste espa\u00e7o s\u00e3o altas, j\u00e1 que a vit\u00f3ria pode, comprovadamente, favorecer sua campanha.<\/p>\n\n\n\n<h2 class=\"wp-block-heading\">&#8220;O Agente Secreto&#8221; no Globo de Ouro: trof\u00e9us conquistados pelo filme<\/h2>\n\n\n<style>@media (min-width: 992px) {\n    .recomendadorV2Area1 {\n        width: 280px;\n    }\n    .recomendadorV2Area2 {\n        padding: 0px 20px;\n        width: calc(100% - 280px);\n    }\n}\n\n@media (max-width: 992px) {\n    .recomendadorV2Button {\n        margin: 0 auto;\n    }\n    .recomendadorV2Area {\n        flex-direction: column;\n        text-align: center;\n    }\n    .recomendadorV2Area2 {\n        padding: 0px 20px;\n    }\n}\n\n.recomendadorV2Area {\n    background: #eeeeee3d;\n    border-radius: 10px;\n    padding: 15px;\n    display: flex;\n    margin: 15px auto;\n    border: 1px solid #00000014;\n    max-width: 800px;\n}\n\n.recomendadorV2Area1 img {\n    width: 280px;\n    height: auto;\n    border-radius: 8px;\n}\n\n.linkrecomendadorv2 {\n    text-decoration: none !important;\n}\n\n.recomendadorV2Area2 .recomendadorV2Type {\n    text-transform: uppercase;\n    font-weight: 500;\n    font-size: 11px;\n    letter-spacing: 2px;\n    color: #666;\n    margin: 12px 0;\n    display: block;\n}\n\n.recomendadorV2Title h2 {\n    padding-top: 0px !important;\n    margin: 0px !important;\n    border-left: none !important;\n    padding-left: 0px !important;\n    line-height: 1.3;\n    color: #000 !important;\n    font-size: 24px;\n    margin-bottom: 12px !important;\n}\n\n.recomendadorV2Desc {\n    color: #333;\n    margin: 12px 0px !important;\n    font-size: 15px;\n    line-height: 1.5;\n}\n\n.recomendadorV2Button {\n    width: auto;\n    max-width: 200px;\n    margin: 0;\n    display: inline-flex;\n    align-items: center;\n    background: #1D3557;\n    border-radius: 8px;\n    color: #fff;\n    height: 36px;\n    justify-content: center;\n    text-align: center;\n    font-size: 14px;\n    padding: 0 20px;\n    transition: background-color 0.2s ease;\n}\n\n.recomendadorV2Button:hover {\n    background: #2a4d7a;\n}\n\n.recomendadorV2Button:after {\n    margin-top: -2px;\n    content: \"\u2192\";\n    padding: 0px 0px 0px 8px;\n}\n\n.recomendadorV2Alert {\n    text-align: left;\n    font-size: 11px;\n    margin-top: 8px;\n    color: #666;\n}\n\n.recomendadorFixedArea {\n    width: 100%;\n    display: flex;\n    justify-content: center;\n    align-items: center;\n}\n\n@media (min-width: 992px) {\n    #recomendadorFixed {\n        width: 32% !important;\n        left: 5%;\n    }\n    .recomendadorCloseFixed{\n        right: inherit !important;\n        left: 378px !important;\n    }\n}\n\n#recomendadorFixed {\n    width: 90%;\n    box-shadow: 0 10px 20px 0px #00000057;\n    display: none;\n    height: 90px;\n    background: #F6F6F6;\n    position: fixed;\n    flex-direction: row;\n    bottom: 10px;\n    z-index: 9999;\n    border-radius: 16px;\n    padding: 7px 10px;\n}\n\n.recomendadorLeftArea {\n    width: 160px;\n}\n\n.recomendadorRightArea h2 {\n    padding-top: 0px;\n    margin: 2px 0px 4px 0px !important;\n    font-weight: 400;\n    text-align: center;\n    padding-left: 0px !important;\n    color: #000 !important;\n    border-left: none !important;\n    line-height: 20px;\n    font-size: 12px !important;\n}\n\n.recomendadorImgFixed {\n    overflow: hidden;\n    padding: 8px 6px;\n    height: 100%;\n}\n\n.recomendadorImgFixed img {\n    height: 100% !important;\n    border-radius: 16px;\n}\n\n.recomendadorRightArea {\n    padding-top: 6px;\n    display: flex;\n    width: calc(100% - 130px);\n    justify-content: space-between;\n    align-items: center;\n    flex-direction: column;\n}\n\n.recomendadorButtonFixed {\n    margin: 0 auto;\n    background: #1D3557;\n    width: 80%;\n    text-align: center;\n    font-size: 10px;\n    color: #FFF;\n    padding: 2px 10px;\n    border-radius: 3px;\n}\n\n.recomendadorButtonFixed:after {\n    margin-top: -3px;\n    content: \"\u2192\";\n    padding: 0px 0px 0px 10px;\n}\n\n.recomendadorAlertFixed {\n    font-weight: 400;\n    text-align: center;\n    color: #484848;\n    font-size: 8px;\n}\n\n.recomendadorCloseFixed {\n    z-index: 99999;\n    display: none;\n    right: 0px;\n    left: inherit;\n    bottom: 99px;\n    position: fixed;\n    justify-content: center;\n    background: #F6F6F6;\n    width: 25px;\n    align-items: center;\n    height: 25px;\n    font-weight: 800;\n    border-radius: 50%;\n    border: 1px solid #EBEBEB;\n}\n\n.recomendadorV2Desc{\n    color: #000000;\n    margin: 20px 0px;\n}\n\n@media (max-width: 576px) {\n    .recomendadorV2Area {\n      padding: 10px;\n      max-width: 100%;\n    }\n  \n    .recomendadorV2Area1 img {\n      width: 100%;\n      border-radius: 6px;\n    }\n  \n    .recomendadorV2Area2 .recomendadorV2Type {\n      font-size: 9px;\n      letter-spacing: 1px;\n      margin: 8px 0;\n    }\n  \n    .recomendadorV2Title h2 {\n      font-size: 18px !important;\n      margin-bottom: 8px !important;\n      line-height: 1.2;\n    }\n  \n    .recomendadorV2Desc {\n      font-size: 14px;\n      margin: 8px 0 !important;\n      line-height: 1.4;\n    }\n  \n    .recomendadorV2Button {\n      font-size: 12px;\n      height: 30px;\n      padding: 0 12px;\n      max-width: 160px;\n    }\n  \n    .recomendadorV2Button:after {\n      padding-left: 6px;\n    }\n  }\n  <\/style>\n        <div class=\"lazyblock-recomendador-v2-2jDGz wp-block-lazyblock-recomendador-v2\">\n        <a class=\"linkrecomendadorv2\" href=\"https:\/\/diariodepernambuco.com.br\/dpmais\/predio-de-r-2-milhoes-no-nordeste-e-artigo-de-luxo-historico-e-pertence-a-wagner-moura\/?utm_source=lazy\" target=\"_blank\" rel=\"noopener\">\n            <div class=\"recomendadorV2Area\">\n            <div class=\"recomendadorV2Area1\">\n                <div class=\"recomendadorV2Img\">\n                <img class=\"lazyloaded\" decoding=\"async\" src=\"https:\/\/diariodepernambuco.com.br\/dpmais\/wp-content\/uploads\/2026\/01\/Edificio-Oceania.jpg\" data-src=\"https:\/\/diariodepernambuco.com.br\/dpmais\/wp-content\/uploads\/2026\/01\/Edificio-Oceania.jpg\" alt=\"\">\n                <\/div>\n            <\/div>\n            <div class=\"recomendadorV2Area2\">\n                <div class=\"recomendadorV2Type\">\n                    <span>Luxo Hist\u00f3rico<\/span>\n                <\/div>\n                <div class=\"recomendadorV2Title\">\n                <h2><span>Im\u00f3vel raro \ud83c\udfdb\ufe0f<\/span><\/h2>\n                <\/div>\n                <div class=\"recomendadorV2Desc\">\n                <span>Ap hist\u00f3rico de R$2 mi pertence a Wagner Moura<\/span>\n                <\/div>\n                <div class=\"recomendadorV2Button\">Veja o edif\u00edcio<\/div>\n                <div class=\"recomendadorV2Alert\"><\/div>\n            <\/div>\n            <\/div>\n        <\/a>\n        <div>\n            <div style=\"z-index:99999;\" id=\"buttonClose\" onclick=\"closeRecomendadorFixed()\">\n            <div class=\"recomendadorCloseFixed\">X<\/div>\n            <\/div>\n            <a href=\"https:\/\/diariodepernambuco.com.br\/dpmais\/predio-de-r-2-milhoes-no-nordeste-e-artigo-de-luxo-historico-e-pertence-a-wagner-moura\/?utm_source=lazy\" target=\"_blank\" rel=\"noopener\">\n            <div class=\"recomendadorFixedArea\">\n                <div id=\"recomendadorFixed\">\n                <div class=\"recomendadorLeftArea\">\n                    <div class=\"recomendadorImgFixed\">\n                    <img class=\"lazyload\" decoding=\"async\" src=\"https:\/\/diariodepernambuco.com.br\/dpmais\/wp-content\/uploads\/2026\/01\/Edificio-Oceania.jpg\" alt=\"\">\n                    <\/div>\n                <\/div>\n                <div class=\"recomendadorRightArea\">\n                    <div class=\"recomendadorTitleFixed\">\n                    <h2><span>Im\u00f3vel raro \ud83c\udfdb\ufe0f<\/span><\/h2>\n                    <\/div>\n                    <div class=\"recomendadorButtonFixed\">Veja o edif\u00edcio<\/div>\n                    <div class=\"recomendadorAlertFixed\"><\/div>\n                <\/div>\n                <\/div>\n            <\/div>\n            <\/a>\n        <\/div>\n        <\/div>\n\n\n\n<p>Vale ressaltar que o trof\u00e9u de Melhor Ator n\u00e3o foi a \u00fanica conquista de <em>O Agente Secreto<\/em> no Globo de Ouro de 2026, tendo em vista que o longa tamb\u00e9m saiu vitorioso na categoria de <strong>Melhor Filme em L\u00edngua N\u00e3o-inglesa<\/strong>, quebrando um recorde ao levar dois pr\u00eamios em uma mesma edi\u00e7\u00e3o.<\/p>\n\n\n\n<p>O filme, que acompanha um professor universit\u00e1rio est\u00e1 disposto a enfrentar os perigos da ditadura militar no Brasil para reencontrar o filho ca\u00e7ula, tamb\u00e9m foi indicado na categoria de Melhor Filme Dram\u00e1tico, mas acabou perdendo para<em> Hamnet: A vida antes de Hamlet<\/em>.<\/p>\n\n\n\n<p>Entretanto, a &#8220;derrota&#8221; n\u00e3o ofusca o sucesso que <em>O Agente Secreto<\/em> tem conquistado, j\u00e1 que desde sua estreia no Festival de Cannes, a produ\u00e7\u00e3o vem sendo elogiada e arrecadando pr\u00eamios internacionalmente.<\/p>\n","protected":false},"excerpt":{"rendered":"<p>Neste domingo, o Brasil foi ao del\u00edrio com as vit\u00f3rias do filme O Agente Secreto na 83\u00aa edi\u00e7\u00e3o do Globo de Ouro, que inclu\u00edram o pr\u00eamio de Melhor Ator em Filme de Drama para Wagner Moura. E \u00e9 importante destacar que, muito al\u00e9m de representar a for\u00e7a do cinema nacional diante do mercado estrangeiro, o [&hellip;]<\/p>\n","protected":false},"author":15,"featured_media":13321,"comment_status":"open","ping_status":"open","sticky":false,"template":"","format":"standard","meta":{"jnews-multi-image_gallery":[],"jnews_single_post":{"format":"standard"},"jnews_primary_category":[],"jnews_social_meta":[],"jnews_post_split":[],"footnotes":""},"categories":[1],"tags":[],"class_list":["post-13320","post","type-post","status-publish","format-standard","has-post-thumbnail","hentry","category-uncategorized"],"_links":{"self":[{"href":"https:\/\/diariodepernambuco.audiencelabs.com.br\/wp-json\/wp\/v2\/posts\/13320","targetHints":{"allow":["GET"]}}],"collection":[{"href":"https:\/\/diariodepernambuco.audiencelabs.com.br\/wp-json\/wp\/v2\/posts"}],"about":[{"href":"https:\/\/diariodepernambuco.audiencelabs.com.br\/wp-json\/wp\/v2\/types\/post"}],"author":[{"embeddable":true,"href":"https:\/\/diariodepernambuco.audiencelabs.com.br\/wp-json\/wp\/v2\/users\/15"}],"replies":[{"embeddable":true,"href":"https:\/\/diariodepernambuco.audiencelabs.com.br\/wp-json\/wp\/v2\/comments?post=13320"}],"version-history":[{"count":2,"href":"https:\/\/diariodepernambuco.audiencelabs.com.br\/wp-json\/wp\/v2\/posts\/13320\/revisions"}],"predecessor-version":[{"id":13371,"href":"https:\/\/diariodepernambuco.audiencelabs.com.br\/wp-json\/wp\/v2\/posts\/13320\/revisions\/13371"}],"wp:featuredmedia":[{"embeddable":true,"href":"https:\/\/diariodepernambuco.audiencelabs.com.br\/wp-json\/wp\/v2\/media\/13321"}],"wp:attachment":[{"href":"https:\/\/diariodepernambuco.audiencelabs.com.br\/wp-json\/wp\/v2\/media?parent=13320"}],"wp:term":[{"taxonomy":"category","embeddable":true,"href":"https:\/\/diariodepernambuco.audiencelabs.com.br\/wp-json\/wp\/v2\/categories?post=13320"},{"taxonomy":"post_tag","embeddable":true,"href":"https:\/\/diariodepernambuco.audiencelabs.com.br\/wp-json\/wp\/v2\/tags?post=13320"}],"curies":[{"name":"wp","href":"https:\/\/api.w.org\/{rel}","templated":true}]}}