{"id":13349,"date":"2026-01-12T21:50:00","date_gmt":"2026-01-13T00:50:00","guid":{"rendered":"https:\/\/diariodepernambuco.audiencelabs.com.br\/?p=13349"},"modified":"2026-01-12T14:03:27","modified_gmt":"2026-01-12T17:03:27","slug":"governo-confirma-feriado-na-proxima-quinta-feira-15-e-brasileiros-nao-vao-trabalhar-nessa-cidade","status":"publish","type":"post","link":"https:\/\/diariodepernambuco.audiencelabs.com.br\/governo-confirma-feriado-na-proxima-quinta-feira-15-e-brasileiros-nao-vao-trabalhar-nessa-cidade\/","title":{"rendered":"Governo confirma feriado na pr\u00f3xima quinta-feira (15) e brasileiros n\u00e3o v\u00e3o trabalhar nessa cidade"},"content":{"rendered":"\n<p>Diferentemente do ano passado, que em seu segundo semestre, trouxe poucas oportunidades de descanso para trabalhadores,<strong> 2026 est\u00e1 repleto de feriados <\/strong>que coincidir\u00e3o com datas estrat\u00e9gicas e, com isso, garantir\u00e3o folgas prolongadas ao longo de todo o ano.<\/p>\n\n\n\n<p>E vale destacar que, em algumas localidades, n\u00e3o ser\u00e3o apenas as celebra\u00e7\u00f5es a n\u00edvel nacional que fornecer\u00e3o dias de relaxamento adicionais, tendo em vista que alguns funcion\u00e1rios tamb\u00e9m poder\u00e3o usufruir de <strong>feriados locais<\/strong>.<\/p>\n\n\n\n<p>Inclusive, os moradores da cidade de <strong>Nova Igua\u00e7u<\/strong>, a mais antiga Baixada Fluminense, no Rio de Janeiro, podem se planejar para aproveitar a pr\u00f3xima quinta-feira (15), pois a data \u00e9 mais do que especial para o local.<\/p>\n\n\n\n<p>Isso porque trata-se do dia em que \u00e9 celebrado o anivers\u00e1rio da funda\u00e7\u00e3o do munic\u00edpio, que est\u00e1 completando 193 anos. S\u00f3 que al\u00e9m da celebra\u00e7\u00e3o, a data tambem ficar\u00e1 marcada como uma \u00f3tima oportunidade de descanso para muitos trabalhadores da regi\u00e3o.<\/p>\n\n\n\n<p>Afinal, o governo j\u00e1 confirmou que <strong>a data foi oficialmente decretada como feriado<\/strong>, o que obrigar\u00e1 muitas empresas a liberarem seus funcion\u00e1rios. Al\u00e9m disso, em alguns casos, ser\u00e1 poss\u00edvel emendar a sexta-feira (16), com retorno apenas na semana seguinte.<\/p>\n\n\n\n<h2 class=\"wp-block-heading\">Feriados em 2026: confira o calend\u00e1rio<\/h2>\n\n\n\n<p>\u00c9 importante destacar que os feriados locais<strong> t\u00eam validade apenas na regi\u00e3o \u00e0 qual est\u00e3o vinculados<\/strong>, n\u00e3o havendo a possibilidade de se estenderem a outros munic\u00edpios ou estados.<\/p>\n\n\n\n<p>Todavia, conforme mencionado anteriormente, 2026 ser\u00e1 um ano excepcional com rela\u00e7\u00e3o a dias de descanso, j\u00e1 que diversas datas comemorativas acabaram caindo em dias \u00fateis. Confira:<\/p>\n\n\n\n<ul class=\"wp-block-list\">\n<li><strong>1\u00ba de janeiro:<\/strong>\u00a0Confraterniza\u00e7\u00e3o Universal (quinta-feira);<\/li>\n\n\n\n<li><strong>16 e 17 de fevereiro:<\/strong> Carnaval (segunda e ter\u00e7a-feira &#8211; ponto facultativo);<\/li>\n\n\n\n<li><strong>3 de abril:\u00a0<\/strong>Paix\u00e3o de Cristo (sexta-feira);<\/li>\n\n\n\n<li><strong>21 de abril:<\/strong>\u00a0Tiradentes (ter\u00e7a-feira);<\/li>\n\n\n\n<li><strong>1\u00ba de maio:<\/strong>\u00a0Dia do Trabalho (sexta-feira);<\/li>\n\n\n\n<li><strong>4 de junho:<\/strong> Corpus Christi (quinta-feira &#8211; ponto facultativo);<\/li>\n\n\n\n<li><strong>7 de setembro:\u00a0<\/strong>Independ\u00eancia do Brasil (segunda-feira);<\/li>\n\n\n\n<li><strong>12 de outubro:<\/strong>\u00a0Nossa Senhora Aparecida (segunda-feira);<\/li>\n\n\n\n<li><strong>2 de novembro:<\/strong>\u00a0Finados (segunda-feira);<\/li>\n\n\n\n<li><strong>20 de novembro:<\/strong>\u00a0Dia Nacional de Zumbi e da Consci\u00eancia Negra (sexta-feira);<\/li>\n\n\n\n<li><strong>25 de dezembro:<\/strong>\u00a0Natal (sexta-feira).<\/li>\n<\/ul>\n","protected":false},"excerpt":{"rendered":"<p>Diferentemente do ano passado, que em seu segundo semestre, trouxe poucas oportunidades de descanso para trabalhadores, 2026 est\u00e1 repleto de feriados que coincidir\u00e3o com datas estrat\u00e9gicas e, com isso, garantir\u00e3o folgas prolongadas ao longo de todo o ano. E vale destacar que, em algumas localidades, n\u00e3o ser\u00e3o apenas as celebra\u00e7\u00f5es a n\u00edvel nacional que fornecer\u00e3o [&hellip;]<\/p>\n","protected":false},"author":15,"featured_media":13350,"comment_status":"open","ping_status":"open","sticky":false,"template":"","format":"standard","meta":{"jnews-multi-image_gallery":[],"jnews_single_post":{"format":"standard"},"jnews_primary_category":[],"jnews_social_meta":[],"jnews_post_split":[],"footnotes":""},"categories":[1],"tags":[],"class_list":["post-13349","post","type-post","status-publish","format-standard","has-post-thumbnail","hentry","category-uncategorized"],"_links":{"self":[{"href":"https:\/\/diariodepernambuco.audiencelabs.com.br\/wp-json\/wp\/v2\/posts\/13349","targetHints":{"allow":["GET"]}}],"collection":[{"href":"https:\/\/diariodepernambuco.audiencelabs.com.br\/wp-json\/wp\/v2\/posts"}],"about":[{"href":"https:\/\/diariodepernambuco.audiencelabs.com.br\/wp-json\/wp\/v2\/types\/post"}],"author":[{"embeddable":true,"href":"https:\/\/diariodepernambuco.audiencelabs.com.br\/wp-json\/wp\/v2\/users\/15"}],"replies":[{"embeddable":true,"href":"https:\/\/diariodepernambuco.audiencelabs.com.br\/wp-json\/wp\/v2\/comments?post=13349"}],"version-history":[{"count":1,"href":"https:\/\/diariodepernambuco.audiencelabs.com.br\/wp-json\/wp\/v2\/posts\/13349\/revisions"}],"predecessor-version":[{"id":13357,"href":"https:\/\/diariodepernambuco.audiencelabs.com.br\/wp-json\/wp\/v2\/posts\/13349\/revisions\/13357"}],"wp:featuredmedia":[{"embeddable":true,"href":"https:\/\/diariodepernambuco.audiencelabs.com.br\/wp-json\/wp\/v2\/media\/13350"}],"wp:attachment":[{"href":"https:\/\/diariodepernambuco.audiencelabs.com.br\/wp-json\/wp\/v2\/media?parent=13349"}],"wp:term":[{"taxonomy":"category","embeddable":true,"href":"https:\/\/diariodepernambuco.audiencelabs.com.br\/wp-json\/wp\/v2\/categories?post=13349"},{"taxonomy":"post_tag","embeddable":true,"href":"https:\/\/diariodepernambuco.audiencelabs.com.br\/wp-json\/wp\/v2\/tags?post=13349"}],"curies":[{"name":"wp","href":"https:\/\/api.w.org\/{rel}","templated":true}]}}